{"id":127168,"date":"2025-09-20T10:01:08","date_gmt":"2025-09-20T10:01:08","guid":{"rendered":"https:\/\/www.europesays.com\/es\/127168\/"},"modified":"2025-09-20T10:01:08","modified_gmt":"2025-09-20T10:01:08","slug":"el-poeta-valenciano-jose-iniesta-presenta-este-martes-su-libro-un-monton-de-piedras","status":"publish","type":"post","link":"https:\/\/www.europesays.com\/es\/127168\/","title":{"rendered":"El poeta valenciano Jos\u00e9 Iniesta presenta este martes su libro &#8216;Un mont\u00f3n de piedras&#8217;"},"content":{"rendered":"<p><img fetchpriority=\"high\" decoding=\"async\" class=\"alignright wp-image-107946 size-medium\" title=\"El poeta valenciano Jos\u00e9 Iniesta presenta este martes su libro 'Un mont\u00f3n de piedras'\" src=\"https:\/\/www.europesays.com\/es\/wp-content\/uploads\/2025\/09\/Cartel-Iniesta-420x298.jpg\" alt=\"El poeta valenciano Jos\u00e9 Iniesta presenta este martes su libro 'Un mont\u00f3n de piedras'\" width=\"420\" height=\"298\"  \/>Este <strong>martes 23 de septiembre<\/strong> ser\u00e1 presentado en <strong>Orihuela<\/strong> el libro de poemas \u2018<strong>Un mont\u00f3n de piedras<\/strong>\u2018, del valenciano <strong>Jos\u00e9 Iniesta<\/strong>, publicado por la editorial <strong>La Gar\u00faa<\/strong>. El acto de presentaci\u00f3n, organizado por la <strong>Fundaci\u00f3n Cultural Miguel Hern\u00e1ndez<\/strong>, correr\u00e1 a cargo del poeta y cr\u00edtico literario<strong> Jos\u00e9 Luis Zer\u00f3n Huguet<\/strong> y se celebrar\u00e1 a partir de las <strong>19 horas<\/strong> en la <strong>Biblioteca P\u00fablica \u2018Fernando de Loazes\u2019<\/strong>.<\/p>\n<p>En \u2018Un mont\u00f3n de piedras\u2019,\u00a0<strong>Jos\u00e9 Iniesta<\/strong> registra otro modo de decir en <strong>poes\u00eda<\/strong>. Su trabajo, en el que <strong>paisaje y esp\u00edritu<\/strong> se mueven con la maestr\u00eda de su <strong>pasi\u00f3n por la escritura,<\/strong> en este caso se ve atrapado por la s\u00edntesis: <strong>los sentidos agudizan sus significados<\/strong>. El poema es un pedazo de alma que se mueve entre <strong>centelleos u sombras<\/strong>. O se mueve como si intentara descubrir <strong>aforismos antiguos<\/strong>, tanto de ayer como de hoy, revestidos de una <strong>belleza sencilla, algunos reflexiva<\/strong>, otros.<\/p>\n<p>\u00a0<\/p>\n<p>Jos\u00e9 Iniesta (Valencia, 1962) ha publicado: \u201c<strong>Del tiempo y sus castigos<\/strong>\u201d (Sagunto, 1985), \u201c<strong>Cinco poemas<\/strong>\u201d (Sagunto, 1989), \u201c<strong>Arder en el c\u00e1ntico<\/strong>\u201d (Renacimiento, 2008, Premio Ciudad de Val\u00e8ncia Vicente Gaos), \u201c<strong>Bajo el sol de mis d\u00edas<\/strong>\u201d (2010, Premio de Poes\u00eda Ciudad de Badajoz), \u201c<strong>Y tu vida de golpe<\/strong>\u201d (Renacimiento, 2013), \u201c<strong>Las razones del viento<\/strong>\u201d (Renacimiento, 2016), \u201c<strong>El eje de la luz<\/strong>\u201d (Renacimiento, 2017), \u201c<strong>Llegar a casa<\/strong>\u201d (Renacimiento, 2019), \u201c<strong>Cantar la vida<\/strong>\u201d (Renacimiento, 2021) y \u201c<strong>Un tigre sin selva<\/strong>\u201d (Renacimiento, 2024).<\/p>\n","protected":false},"excerpt":{"rendered":"Este martes 23 de septiembre ser\u00e1 presentado en Orihuela el libro de poemas \u2018Un mont\u00f3n de piedras\u2018, del&hellip;\n","protected":false},"author":2,"featured_media":127169,"comment_status":"","ping_status":"","sticky":false,"template":"","format":"standard","meta":{"footnotes":""},"categories":[172],"tags":[224,209,146,147,25,24,1496,225,671,23765,2052,23],"class_list":{"0":"post-127168","1":"post","2":"type-post","3":"status-publish","4":"format-standard","5":"has-post-thumbnail","7":"category-libros","8":"tag-books","9":"tag-cultura","10":"tag-entertainment","11":"tag-entretenimiento","12":"tag-es","13":"tag-espana","14":"tag-libro","15":"tag-libros","16":"tag-literatura","17":"tag-orihuela","18":"tag-poesia","19":"tag-spain"},"share_on_mastodon":{"url":"","error":""},"_links":{"self":[{"href":"https:\/\/www.europesays.com\/es\/wp-json\/wp\/v2\/posts\/127168","targetHints":{"allow":["GET"]}}],"collection":[{"href":"https:\/\/www.europesays.com\/es\/wp-json\/wp\/v2\/posts"}],"about":[{"href":"https:\/\/www.europesays.com\/es\/wp-json\/wp\/v2\/types\/post"}],"author":[{"embeddable":true,"href":"https:\/\/www.europesays.com\/es\/wp-json\/wp\/v2\/users\/2"}],"replies":[{"embeddable":true,"href":"https:\/\/www.europesays.com\/es\/wp-json\/wp\/v2\/comments?post=127168"}],"version-history":[{"count":0,"href":"https:\/\/www.europesays.com\/es\/wp-json\/wp\/v2\/posts\/127168\/revisions"}],"wp:featuredmedia":[{"embeddable":true,"href":"https:\/\/www.europesays.com\/es\/wp-json\/wp\/v2\/media\/127169"}],"wp:attachment":[{"href":"https:\/\/www.europesays.com\/es\/wp-json\/wp\/v2\/media?parent=127168"}],"wp:term":[{"taxonomy":"category","embeddable":true,"href":"https:\/\/www.europesays.com\/es\/wp-json\/wp\/v2\/categories?post=127168"},{"taxonomy":"post_tag","embeddable":true,"href":"https:\/\/www.europesays.com\/es\/wp-json\/wp\/v2\/tags?post=127168"}],"curies":[{"name":"wp","href":"https:\/\/api.w.org\/{rel}","templated":true}]}}