{"id":127172,"date":"2025-09-20T10:04:08","date_gmt":"2025-09-20T10:04:08","guid":{"rendered":"https:\/\/www.europesays.com\/es\/127172\/"},"modified":"2025-09-20T10:04:08","modified_gmt":"2025-09-20T10:04:08","slug":"los-tigres-los-hermanos-buzos-que-no-se-parecen-a-cousteau","status":"publish","type":"post","link":"https:\/\/www.europesays.com\/es\/127172\/","title":{"rendered":"&#8216;Los Tigres&#8217;: los hermanos buzos que no se parecen a Cousteau"},"content":{"rendered":"<p>La primera media hora de &#8216;Los Tigres&#8217; nos devuelve al Alberto Rodr\u00edguez m\u00e1s en forma desde &#8216;La isla m\u00ednima&#8217;, aquella pesquisa detectivesca en las marismas  &#8230; del Guadalquivir, que saldaba cuentas con un pasado inmediato de Espa\u00f1a que proyectaba su sombra sobre el presente. Seguimos muy cerca, en la Petroqu\u00edmica de Huelva. All\u00ed han nacido, viven y trabajan desde siempre dos hermanos de una familia a la que apodan Los Tigres. Son buzos industriales, currelas que se juegan la vida en cada inmersi\u00f3n para reparar el casco de un buque o encontrar un cuerpo en el fondo de un pantano. Nada que ver con Cousteau y los documentales de La 2.<\/p>\n<p class=\"v-p\">El director de &#8216;After&#8217; y &#8216;Grupo 7&#8217; es un narrador nato que sabe ir al grano, describir un paisaje y sus gentes. Entendemos los c\u00f3digos de estos trabajadores que bromean, discuten y son conscientes del riesgo de su oficio. Hay verosimilitud en sus acciones, en la tecnolog\u00eda que emplean, en el peligro de quedarse sin ox\u00edgeno o ser arrastrados por una corriente en el fondo marino. Antonio (Antonio de la Torre) es el mejor en lo suyo, hasta reconoce que sabe desenvolverse mejor dentro que fuera del agua. Estrella (B\u00e1rbara Lennie) se queda siempre en el barco con la manguera de aire que mantiene con vida a su hermano. Duermen con el sonido de las olas en el m\u00f3vil.<\/p>\n<p>Tr\u00e1iler de &#8216;Los Tigres&#8217;.<\/p>\n<p class=\"v-p\">Los dos son material defectuoso. Antonio sufre una dolencia cardiaca que le condenar\u00e1 a tierra firme; Estrella est\u00e1 sorda de un o\u00eddo y no puede sumergirse m\u00e1s de 20 metros. Divorciado, sin un duro, Antonio necesita dinero para que no le quiten la custodia de sus hijas. Estrella sue\u00f1a con trabajar como bi\u00f3loga en una reserva marina en Vigo. El descubrimiento casual de un alijo de coca\u00edna en un buque podr\u00eda ser la soluci\u00f3n a sus problemas. Pero vender farlopa siempre conlleva problemas.<\/p>\n<p class=\"v-p\">&#8216;Los Tigres&#8217; es, ante todo, una historia de amor fraternal. Hay una imagen en S\u00faper 8 recurrente en el filme: los protagonistas, de ni\u00f1os, lanz\u00e1ndose al agua para recoger el reloj que lanzaba su padre. \u00c9l les inculc\u00f3 el amor al mar, pero tambi\u00e9n sell\u00f3 su destino. Alberto Rodr\u00edguez compite por la Concha de Oro con una historia que habla del peso del pasado y la herencia familiar. Hay sentido de la aventura, ritmo y hasta tensi\u00f3n cercana al terror en cada nueva inmersi\u00f3n, rodadas todas ellas como si fuera una superproducci\u00f3n de Hollywood.<\/p>\n<p><img decoding=\"async\" loading=\"lazy\" src=\"https:\/\/www.europesays.com\/es\/wp-content\/uploads\/2025\/09\/los-tigres-foto-kYcC--650x455@RC.jpg\" class=\"v-a-img\" width=\"650\" height=\"455\" alt=\"Una imagen del rodaje submarino de 'Los Tigres'.\" data-voc-vtm-id=\"in-text-traffic\"\/><\/p>\n<p>Una imagen del rodaje submarino de &#8216;Los Tigres&#8217;.<\/p>\n<p><img loading=\"lazy\" decoding=\"async\" src=\"https:\/\/www.europesays.com\/es\/wp-content\/uploads\/2025\/09\/los-tigres-foto-kYcC--650x455@RC.jpg\" class=\"v-mdl__img-z\" width=\"650\" height=\"455\" alt=\"\"\/><\/p>\n<p class=\"v-p\">Cuando el drama familiar y las peripecias submarinas dan paso al thriller &#8216;Los Tigres&#8217; decae un pel\u00edn, quiz\u00e1 porque la aparici\u00f3n de los malos no termina de estar bien contada y resulta un poco precipitada. El noveno largometraje del director sevillano, que tambi\u00e9n presenta en San Sebasti\u00e1n la serie &#8216;Anatom\u00eda de un instante&#8217;, basada en la novela de Javier Cercas, es una dign\u00edsima intriga narrada con pulso firme, aunque puede resultar previsible. El autor de &#8216;Modelo 77&#8217; no renuncia a salpicar la trama con sutiles apuntes de fondo, como la crisis econ\u00f3mica, la precariedad laboral y la inmigraci\u00f3n.<\/p>\n<p class=\"v-p\">&#8216;Los Tigres&#8217;, desde el 31 de octubre, no descubrir\u00e1 el talento de dos actorazos como Antonio de la Torre y B\u00e1rbara Lennie, ambos con acento andaluz. Y qu\u00e9 bien elegidos est\u00e1n los secundarios, en especial Joaqu\u00edn N\u00fa\u00f1ez, patr\u00f3n del barco, que ya gan\u00f3 el Goya por &#8216;Grupo 7&#8217;. A Juan Antonio Bayona, presidente del jurado, seguro que le ha gustado. Otra cosa es que &#8216;Los Tigres&#8217; se vea como mero cine de entretenimiento, sin un &#8216;tema importante&#8217; para merecer la Concha de Oro.<\/p>\n","protected":false},"excerpt":{"rendered":"La primera media hora de &#8216;Los Tigres&#8217; nos devuelve al Alberto Rodr\u00edguez m\u00e1s en forma desde &#8216;La isla&hellip;\n","protected":false},"author":2,"featured_media":127173,"comment_status":"","ping_status":"","sticky":false,"template":"","format":"standard","meta":{"footnotes":""},"categories":[169],"tags":[41205,177,41206,146,147,25,24,176,9215,175,7097,23,25756],"class_list":{"0":"post-127172","1":"post","2":"type-post","3":"status-publish","4":"format-standard","5":"has-post-thumbnail","7":"category-cine","8":"tag-buzos","9":"tag-cine","10":"tag-cousteau","11":"tag-entertainment","12":"tag-entretenimiento","13":"tag-es","14":"tag-espana","15":"tag-film","16":"tag-hermanos","17":"tag-movies","18":"tag-parecen","19":"tag-spain","20":"tag-tigres"},"share_on_mastodon":{"url":"","error":""},"_links":{"self":[{"href":"https:\/\/www.europesays.com\/es\/wp-json\/wp\/v2\/posts\/127172","targetHints":{"allow":["GET"]}}],"collection":[{"href":"https:\/\/www.europesays.com\/es\/wp-json\/wp\/v2\/posts"}],"about":[{"href":"https:\/\/www.europesays.com\/es\/wp-json\/wp\/v2\/types\/post"}],"author":[{"embeddable":true,"href":"https:\/\/www.europesays.com\/es\/wp-json\/wp\/v2\/users\/2"}],"replies":[{"embeddable":true,"href":"https:\/\/www.europesays.com\/es\/wp-json\/wp\/v2\/comments?post=127172"}],"version-history":[{"count":0,"href":"https:\/\/www.europesays.com\/es\/wp-json\/wp\/v2\/posts\/127172\/revisions"}],"wp:featuredmedia":[{"embeddable":true,"href":"https:\/\/www.europesays.com\/es\/wp-json\/wp\/v2\/media\/127173"}],"wp:attachment":[{"href":"https:\/\/www.europesays.com\/es\/wp-json\/wp\/v2\/media?parent=127172"}],"wp:term":[{"taxonomy":"category","embeddable":true,"href":"https:\/\/www.europesays.com\/es\/wp-json\/wp\/v2\/categories?post=127172"},{"taxonomy":"post_tag","embeddable":true,"href":"https:\/\/www.europesays.com\/es\/wp-json\/wp\/v2\/tags?post=127172"}],"curies":[{"name":"wp","href":"https:\/\/api.w.org\/{rel}","templated":true}]}}