{"id":127186,"date":"2025-09-20T10:11:09","date_gmt":"2025-09-20T10:11:09","guid":{"rendered":"https:\/\/www.europesays.com\/es\/127186\/"},"modified":"2025-09-20T10:11:09","modified_gmt":"2025-09-20T10:11:09","slug":"zonas-que-registraran-bajadas-de-hasta-10-grados","status":"publish","type":"post","link":"https:\/\/www.europesays.com\/es\/127186\/","title":{"rendered":"zonas que registrar\u00e1n bajadas de hasta 10 grados"},"content":{"rendered":"<p class=\"c-paragraph\"><b>Al verano le quedan unos pocos d\u00edas de vida<\/b> y eso se va a empezar a notar en la pen\u00ednsula ib\u00e9rica este s\u00e1bado:\u00a0el acercamiento de una vaguada y la entrada de un frente atl\u00e1ntico por el noroeste har\u00e1n que las temperaturas caigan de manera dr\u00e1stica en algunas zonas de Espa\u00f1a.<\/p>\n<p class=\"c-paragraph\">Creciente nubosidad ir\u00e1 nublando el cielo de oeste a este, dejando precipitaciones en la mitad norte y <b>en las sierras del este peninsular<\/b>, tal y como recoge el portal <a href=\"https:\/\/www.tiempo.com\/noticias\/prediccion\/inminente-el-bajon-de-temperaturas-pronosticado-mediodias-hasta-10-c-mas-frios-a-partir-de-manana.html\" rel=\"nofollow noreferrer noopener\" target=\"_blank\" title=\"Inminente el baj\u00f3n de temperaturas pronosticado: mediod\u00edas hasta 10 \u00baC m\u00e1s fr\u00edos a partir de ma\u00f1ana\">El Tiempo<\/a>.<\/p>\n<p class=\"c-paragraph\">El descenso generalizado de las temperaturas ser\u00e1 m\u00e1s notable en el noroeste, aunque no habr\u00e1 cambios en el este y Baleares. As\u00ed, en ciudades como<b> Ourense,<\/b> donde este viernes la m\u00e1xima fue de 36 \u00baC, este s\u00e1bado ser\u00e1 de 24 \u00baC. En <b>Lugo<\/b>, de los 33 \u00baC del viernes se pasar\u00e1 a los 21 \u00baC. Otros ejemplos son <b>Oviedo<\/b> o <b>Santander<\/b>, donde ha habido m\u00e1ximas de 30 \u00baC este viernes y este s\u00e1bado solo se alcanzar\u00e1n 24 o 25 \u00baC.<\/p>\n<p class=\"c-paragraph\">Pero este descenso t\u00e9rmico no es generalizado: se superar\u00e1n los 35 grados en zonas de <b>Canarias<\/b> y en el<b> Guadalquivir<\/b>, mientras que las m\u00ednimas no bajar\u00e1n de los 20 grados en el <b>Mediterr\u00e1neo<\/b>, en el <b>Bajo Ebro<\/b> y en los valles atl\u00e1nticos del suroeste, incluso de los 25 en regiones de <b>Canarias.<\/b><\/p>\n<p>Avisos<\/p>\n<p class=\"c-paragraph\">En cuanto a los avisos,\u00a0estar\u00e1n en nivel naranja por lluvias y tormentas <b>Navarra (Pirineo Navarro)<\/b>, <b>Huesca<\/b> y <b>Zaragoza<\/b>, con valores m\u00e1ximos de 30 litros por metro cuadrado (l\/m2).\u00a0<\/p>\n<p class=\"c-paragraph\">El resto de provincias con avisos por precipitaciones y tormentas son <b>La Rioja<\/b> (Ribera del Ebro de La Rioja e Ib\u00e9rica Riojana), <b>\u00c1lava<\/b>, <b>Guip\u00fazcoa<\/b>, <b>Vizcaya<\/b>, <b>Navarra<\/b> (Vertiente cant\u00e1brica de Navarra, Centro de Navarra y Ribera del Ebro de Navarra), <b>Burgos<\/b>,<b> Soria<\/b>, <b>Cantabria<\/b> (Li\u00e9bana) y <b>Principado de Asturias <\/b>(Litoral oriental asturiano, Central y valles mineros y Cordillera y Picos de Europa).\u00a0<\/p>\n<p class=\"c-paragraph\">En cuanto a los avisos por altas temperaturas y polvo en suspensi\u00f3n estar\u00e1n en <b>Gran Canaria<\/b>, <b>Lanzarote<\/b>, <b>Fuerteventura<\/b>, <b>La Palma<\/b>, <b>La Gomera<\/b>, <b>El Hierro <\/b>y<b> Tenerife<\/b>, con temperaturas m\u00e1ximas de 36 \u00baC.<\/p>\n","protected":false},"excerpt":{"rendered":"Al verano le quedan unos pocos d\u00edas de vida y eso se va a empezar a notar en&hellip;\n","protected":false},"author":2,"featured_media":127187,"comment_status":"","ping_status":"","sticky":false,"template":"","format":"standard","meta":{"footnotes":""},"categories":[8],"tags":[17,18,13199,25,24,13,14,11,19,20,5012,9,10,15,16,863,23,24756,12,21,22,16743],"class_list":{"0":"post-127186","1":"post","2":"type-post","3":"status-publish","4":"format-standard","5":"has-post-thumbnail","7":"category-espana","8":"tag-breaking-news","9":"tag-breakingnews","10":"tag-desplome","11":"tag-es","12":"tag-espana","13":"tag-featured-news","14":"tag-featurednews","15":"tag-headlines","16":"tag-latest-news","17":"tag-latestnews","18":"tag-llega","19":"tag-news","20":"tag-noticias","21":"tag-noticias-destacadas","22":"tag-noticiasdestacadas","23":"tag-parte","24":"tag-spain","25":"tag-termico","26":"tag-titulares","27":"tag-ultimas-noticias","28":"tag-ultimasnoticias","29":"tag-un"},"share_on_mastodon":{"url":"","error":""},"_links":{"self":[{"href":"https:\/\/www.europesays.com\/es\/wp-json\/wp\/v2\/posts\/127186","targetHints":{"allow":["GET"]}}],"collection":[{"href":"https:\/\/www.europesays.com\/es\/wp-json\/wp\/v2\/posts"}],"about":[{"href":"https:\/\/www.europesays.com\/es\/wp-json\/wp\/v2\/types\/post"}],"author":[{"embeddable":true,"href":"https:\/\/www.europesays.com\/es\/wp-json\/wp\/v2\/users\/2"}],"replies":[{"embeddable":true,"href":"https:\/\/www.europesays.com\/es\/wp-json\/wp\/v2\/comments?post=127186"}],"version-history":[{"count":0,"href":"https:\/\/www.europesays.com\/es\/wp-json\/wp\/v2\/posts\/127186\/revisions"}],"wp:featuredmedia":[{"embeddable":true,"href":"https:\/\/www.europesays.com\/es\/wp-json\/wp\/v2\/media\/127187"}],"wp:attachment":[{"href":"https:\/\/www.europesays.com\/es\/wp-json\/wp\/v2\/media?parent=127186"}],"wp:term":[{"taxonomy":"category","embeddable":true,"href":"https:\/\/www.europesays.com\/es\/wp-json\/wp\/v2\/categories?post=127186"},{"taxonomy":"post_tag","embeddable":true,"href":"https:\/\/www.europesays.com\/es\/wp-json\/wp\/v2\/tags?post=127186"}],"curies":[{"name":"wp","href":"https:\/\/api.w.org\/{rel}","templated":true}]}}