{"id":127188,"date":"2025-09-20T10:12:16","date_gmt":"2025-09-20T10:12:16","guid":{"rendered":"https:\/\/www.europesays.com\/es\/127188\/"},"modified":"2025-09-20T10:12:16","modified_gmt":"2025-09-20T10:12:16","slug":"polonia-despliega-su-fuerza-aerea-tras-un-ataque-ruso-a-ucrania-cerca-de-su-frontera","status":"publish","type":"post","link":"https:\/\/www.europesays.com\/es\/127188\/","title":{"rendered":"Polonia despliega su fuerza a\u00e9rea tras un ataque ruso a Ucrania cerca de su frontera"},"content":{"rendered":"<p><img id=\"fotoPrincipalNoticia\" src=\"https:\/\/www.europesays.com\/es\/wp-content\/uploads\/2025\/09\/fotonoticia_20250920064646_690.jpg\" loading=\"eager\" decoding=\"async\" style=\"view-transition-name: fechor_20250920064646;\" border=\"0\" alt=\"Avi\u00f3n de las Fuerzas Armadas en operaciones militares con los aliados de la OTAN (archivo)\" fetchpriority=\"high\" title=\"Polonia despliega su fuerza a\u00e9rea tras un ataque ruso a Ucrania cerca de su frontera\" width=\"690\" height=\"460\" itemprop=\"image\"\/><\/p>\n<p>Avi\u00f3n de las Fuerzas Armadas en operaciones militares con los aliados de la OTAN (archivo) &#8211; Europa Press\/Contacto\/Attila Husejnow<\/p>\n<p><strong><a style=\"color:#cc0000\" href=\"https:\/\/www.europapress.es\/internacional\/noticia-guerra-ucrania-rusia-directo-ultima-hora-conversaciones-paz-sanciones-enfrentamientos-20250916074447.html\" title=\"Sigue en directo las \u00faltimas noticias sobre la guerra en Ucrania\" rel=\"nofollow noopener\" target=\"_blank\">Sigue en directo las \u00faltimas noticias sobre la guerra en Ucrania<\/a><\/strong><\/p>\n<p>    MADRID 20 Sep. (EUROPA PRESS) &#8211; <\/p>\n<p>   El Ej\u00e9rcito polaco ha anunciado a primera hora de la ma\u00f1ana de este s\u00e1bado el despliegue de aviones de su fuerza a\u00e9rea para garantizar la seguridad de su espacio a\u00e9reo en respuesta a un ataque perpetrado por Rusia en el oeste de Ucrania, cerca de la frontera con Polonia, han informado las propias Fuerzas Armadas del pa\u00eds miembro de la OTAN.<\/p>\n<p>   \u00abDebido a la actividad de las fuerzas a\u00e9reas rusas de largo alcance que llevan a cabo ataques en territorio ucraniano, las fuerzas a\u00e9reas polacas y aliadas han comenzado a operar en nuestro espacio a\u00e9reo. De acuerdo con los procedimientos aplicables, se ha activado todas las fuerzas y recursos disponibles\u00bb, ha informado el mando operativo de las Fuerzas Armadas de Polonia en una publicaci\u00f3n en la red social X.<\/p>\n<p>   En el mismo mensaje, el mando de operaciones ha concretado que el despliegue ha incluido varios cazas, as\u00ed como la puesta en marcha de sus sistemas terrestres de defensa a\u00e9rea y de reconocimiento por radar, que han alcanzado su \u00abnivel m\u00e1ximo de alerta\u00bb.<\/p>\n<p>    \u00abEstas medidas tienen como objetivo garantizar la seguridad en las zonas lim\u00edtrofes con las zonas amenazadas\u00bb, ha apostillado el Ej\u00e9rcito, asegurando que contin\u00faa haciendo seguimiento de la situaci\u00f3n y que \u00ablas fuerzas y recursos subordinados permanecen totalmente preparados para una respuesta inmediata\u00bb.<\/p>\n<p>   Este episodio tiene lugar despu\u00e9s de que la Guardia Fronteriza polaca haya denunciado este viernes que dos aviones de combate rusos han sobrevolado \u00aba baja altura\u00bb la plataforma petrol\u00edfera Petrobaltic, ubicada en el mar B\u00e1ltico, pocas horas despu\u00e9s de que Estonia advirtiera de una incursi\u00f3n de cazas procedentes de Mosc\u00fa en su espacio a\u00e9reo, en un incidente calificado de \u00abinaceptable\u00bb por el Gobierno estonio y que ha obligado a desplegar varios aviones italianos integrados en la misi\u00f3n de la OTAN de vigilancia sobre el mar B\u00e1ltico.<\/p>\n","protected":false},"excerpt":{"rendered":"Avi\u00f3n de las Fuerzas Armadas en operaciones militares con los aliados de la OTAN (archivo) &#8211; Europa Press\/Contacto\/Attila&hellip;\n","protected":false},"author":2,"featured_media":127189,"comment_status":"","ping_status":"","sticky":false,"template":"","format":"standard","meta":{"footnotes":""},"categories":[5],"tags":[17,18,25,24,13,14,11,19,20,9,10,15,16,23,12,21,22],"class_list":{"0":"post-127188","1":"post","2":"type-post","3":"status-publish","4":"format-standard","5":"has-post-thumbnail","7":"category-titulares","8":"tag-breaking-news","9":"tag-breakingnews","10":"tag-es","11":"tag-espana","12":"tag-featured-news","13":"tag-featurednews","14":"tag-headlines","15":"tag-latest-news","16":"tag-latestnews","17":"tag-news","18":"tag-noticias","19":"tag-noticias-destacadas","20":"tag-noticiasdestacadas","21":"tag-spain","22":"tag-titulares","23":"tag-ultimas-noticias","24":"tag-ultimasnoticias"},"share_on_mastodon":{"url":"","error":""},"_links":{"self":[{"href":"https:\/\/www.europesays.com\/es\/wp-json\/wp\/v2\/posts\/127188","targetHints":{"allow":["GET"]}}],"collection":[{"href":"https:\/\/www.europesays.com\/es\/wp-json\/wp\/v2\/posts"}],"about":[{"href":"https:\/\/www.europesays.com\/es\/wp-json\/wp\/v2\/types\/post"}],"author":[{"embeddable":true,"href":"https:\/\/www.europesays.com\/es\/wp-json\/wp\/v2\/users\/2"}],"replies":[{"embeddable":true,"href":"https:\/\/www.europesays.com\/es\/wp-json\/wp\/v2\/comments?post=127188"}],"version-history":[{"count":0,"href":"https:\/\/www.europesays.com\/es\/wp-json\/wp\/v2\/posts\/127188\/revisions"}],"wp:featuredmedia":[{"embeddable":true,"href":"https:\/\/www.europesays.com\/es\/wp-json\/wp\/v2\/media\/127189"}],"wp:attachment":[{"href":"https:\/\/www.europesays.com\/es\/wp-json\/wp\/v2\/media?parent=127188"}],"wp:term":[{"taxonomy":"category","embeddable":true,"href":"https:\/\/www.europesays.com\/es\/wp-json\/wp\/v2\/categories?post=127188"},{"taxonomy":"post_tag","embeddable":true,"href":"https:\/\/www.europesays.com\/es\/wp-json\/wp\/v2\/tags?post=127188"}],"curies":[{"name":"wp","href":"https:\/\/api.w.org\/{rel}","templated":true}]}}