{"id":127190,"date":"2025-09-20T10:13:08","date_gmt":"2025-09-20T10:13:08","guid":{"rendered":"https:\/\/www.europesays.com\/es\/127190\/"},"modified":"2025-09-20T10:13:08","modified_gmt":"2025-09-20T10:13:08","slug":"bm-contazara-zaragoza-fertiberia-puerto-sagunto-rival-de-altura","status":"publish","type":"post","link":"https:\/\/www.europesays.com\/es\/127190\/","title":{"rendered":"Bm Contazara Zaragoza &#8211; Fertiberia Puerto Sagunto: rival de altura"},"content":{"rendered":"<p data-start=\"403\" data-end=\"733\">El <a href=\"https:\/\/www.sportaragon.com\/balonmano\/zaragoza-balonmano\/\" rel=\"nofollow noopener\" target=\"_blank\"><strong data-start=\"406\" data-end=\"431\">Bm Contazara Zaragoza<\/strong><\/a> vivir\u00e1 este <strong data-start=\"444\" data-end=\"473\">domingo a las 12:30 horas<\/strong> su <strong data-start=\"477\" data-end=\"503\">primer partido en casa<\/strong> en la temporada 2025\/26, y lo har\u00e1 enfrent\u00e1ndose a un rival de m\u00e1xima exigencia: el <a href=\"https:\/\/www.cbmpuertosagunto.com\/\" rel=\"nofollow noopener\" target=\"_blank\"><strong data-start=\"588\" data-end=\"617\">Fertiberia Puerto Sagunto<\/strong><\/a>, uno de los <strong data-start=\"630\" data-end=\"655\">candidatos al ascenso<\/strong> en la Divisi\u00f3n de Honor Plata masculina.<\/p>\n<p data-start=\"735\" data-end=\"1050\">Tras un <strong data-start=\"743\" data-end=\"769\">buen debut competitivo<\/strong>, los zaragozanos quieren mantener la inercia positiva y <strong data-start=\"826\" data-end=\"865\">hacerse fuertes en el CDM Siglo XXI<\/strong>, brindando una ma\u00f1ana de gran balonmano a su afici\u00f3n. El choque ser\u00e1 una oportunidad clave para <strong data-start=\"962\" data-end=\"996\">medir el nivel real del equipo<\/strong> ante un conjunto con experiencia, calidad y ambici\u00f3n.<\/p>\n<p>Mariano Ortega: \u201cDebemos estar al 100% en las cuatro fases del juego\u201d<\/p>\n<p data-start=\"1126\" data-end=\"1230\">El t\u00e9cnico del Bm Contazara Zaragoza, <strong data-start=\"1164\" data-end=\"1182\">Mariano Ortega<\/strong>, ha valorado el duelo con respeto y realismo:<\/p>\n<blockquote data-start=\"1231\" data-end=\"1665\">\n<p data-start=\"1233\" data-end=\"1665\">\u201c<strong data-start=\"1234\" data-end=\"1263\">Un partido muy complicado<\/strong>, sobre todo por su talento y experiencia. Tienen variables ofensivas y defensivas muy peligrosas, y una segunda oleada que te puede hacer mucho da\u00f1o\u201d.<br data-start=\"1414\" data-end=\"1417\"\/>Ortega subraya que el equipo debe mantener una <strong data-start=\"1464\" data-end=\"1511\">alta exigencia en todas las fases del juego<\/strong>, haciendo especial hincapi\u00e9 en la <strong data-start=\"1546\" data-end=\"1578\">defensa solidaria y din\u00e1mica<\/strong>:<br data-start=\"1579\" data-end=\"1582\"\/>\u201c<strong data-start=\"1585\" data-end=\"1663\">Tenemos que ayudarnos mucho en los desequilibrios que ellos van a provocar<\/strong>\u201d.<\/p>\n<\/blockquote>\n<p>Alejandro Plaza: \u201cEs especial, pero en la pista todos queremos ganar\u201d<\/p>\n<p data-start=\"1741\" data-end=\"1911\">Otro de los protagonistas ser\u00e1 <strong data-start=\"1772\" data-end=\"1791\">Alejandro Plaza<\/strong>, que vivir\u00e1 un partido con sabor a reencuentro, tras haber militado durante dos a\u00f1os en las filas del Puerto Sagunto:<\/p>\n<blockquote data-start=\"1912\" data-end=\"2330\">\n<p data-start=\"1914\" data-end=\"2330\">\u201cVa a ser muy especial para m\u00ed, tengo muchos excompa\u00f1eros all\u00ed que aprecio, pero <strong data-start=\"1995\" data-end=\"2031\">en la pista todos queremos ganar<\/strong>\u201d.<br data-start=\"2033\" data-end=\"2036\"\/>Plaza analiza a su exequipo como un bloque <strong data-start=\"2079\" data-end=\"2124\">s\u00f3lido en defensa y letal al contraataque<\/strong>, por lo que destaca que ser\u00e1 clave \u201c<strong data-start=\"2161\" data-end=\"2223\">tener las ideas muy claras tanto en ataque como en defensa<\/strong>\u201d para poder competir y <strong data-start=\"2247\" data-end=\"2292\">tener opciones reales de victoria en casa<\/strong>.<\/p>\n<\/blockquote>\n<p>Un debut ante la afici\u00f3n con todos los alicientes<\/p>\n<p data-start=\"2386\" data-end=\"2714\">El choque del domingo ser\u00e1 <strong data-start=\"2413\" data-end=\"2470\">el primero de la temporada ante la afici\u00f3n zaragozana<\/strong>, por lo que desde el vestuario se respira un ambiente de <strong data-start=\"2528\" data-end=\"2557\">ilusi\u00f3n y responsabilidad<\/strong>. El CDM Siglo XXI acoger\u00e1 un encuentro de alto voltaje que servir\u00e1 como term\u00f3metro del potencial del Bm Contazara Zaragoza ante uno de los gallos del grupo.<\/p>\n<p data-start=\"2716\" data-end=\"2961\">Con una plantilla que mezcla experiencia, juventud y ambici\u00f3n, el equipo aragon\u00e9s quiere dar <strong data-start=\"2809\" data-end=\"2847\">el primer gran golpe sobre la mesa<\/strong> de la temporada. Y qu\u00e9 mejor forma de hacerlo que ante su gente y ante un rival que parte con vitola de favorito.<\/p>\n<p>Convocados para el partido<\/p>\n<p data-start=\"2994\" data-end=\"3066\">El equipo ha hecho p\u00fablica la <strong data-start=\"3024\" data-end=\"3047\">lista de convocados<\/strong> para el encuentro:<\/p>\n<ul data-start=\"3067\" data-end=\"3406\">\n<li data-start=\"3067\" data-end=\"3102\">\n<p data-start=\"3069\" data-end=\"3102\"><strong data-start=\"3069\" data-end=\"3081\">Porter\u00eda<\/strong>: J. G\u00f3mez, A. Sanz<\/p>\n<\/li>\n<li data-start=\"3103\" data-end=\"3192\">\n<p data-start=\"3105\" data-end=\"3192\"><strong data-start=\"3105\" data-end=\"3122\">Primera l\u00ednea<\/strong>: I. Popa, M. Lanero, D. Monz\u00f3n, J.A. Iribar, J. Mart\u00ednez, S. Wagner<\/p>\n<\/li>\n<li data-start=\"3193\" data-end=\"3271\">\n<p data-start=\"3195\" data-end=\"3271\"><strong data-start=\"3195\" data-end=\"3212\">Segunda l\u00ednea<\/strong>: M. Hern\u00e1ndez, A. Plaza, R. Val, A. Del Valle, A. Acosta<\/p>\n<\/li>\n<li data-start=\"3272\" data-end=\"3406\">\n<p data-start=\"3274\" data-end=\"3406\"><strong data-start=\"3274\" data-end=\"3296\">Extremos y pivotes<\/strong>: E. Camas, D. Vill\u00e9n, B. Della Ratta, M. Arnillas, M. Andr\u00e9s, A. Cendoya<\/p>\n<\/li>\n<\/ul>\n","protected":false},"excerpt":{"rendered":"El Bm Contazara Zaragoza vivir\u00e1 este domingo a las 12:30 horas su primer partido en casa en la&hellip;\n","protected":false},"author":2,"featured_media":127191,"comment_status":"","ping_status":"","sticky":false,"template":"","format":"standard","meta":{"footnotes":""},"categories":[278],"tags":[376,168,8656,25,24,375,23,167],"class_list":{"0":"post-127190","1":"post","2":"type-post","3":"status-publish","4":"format-standard","5":"has-post-thumbnail","7":"category-balonmano","8":"tag-balonmano","9":"tag-deportes","10":"tag-division-de-honor-plata","11":"tag-es","12":"tag-espana","13":"tag-handball","14":"tag-spain","15":"tag-sports"},"share_on_mastodon":{"url":"","error":""},"_links":{"self":[{"href":"https:\/\/www.europesays.com\/es\/wp-json\/wp\/v2\/posts\/127190","targetHints":{"allow":["GET"]}}],"collection":[{"href":"https:\/\/www.europesays.com\/es\/wp-json\/wp\/v2\/posts"}],"about":[{"href":"https:\/\/www.europesays.com\/es\/wp-json\/wp\/v2\/types\/post"}],"author":[{"embeddable":true,"href":"https:\/\/www.europesays.com\/es\/wp-json\/wp\/v2\/users\/2"}],"replies":[{"embeddable":true,"href":"https:\/\/www.europesays.com\/es\/wp-json\/wp\/v2\/comments?post=127190"}],"version-history":[{"count":0,"href":"https:\/\/www.europesays.com\/es\/wp-json\/wp\/v2\/posts\/127190\/revisions"}],"wp:featuredmedia":[{"embeddable":true,"href":"https:\/\/www.europesays.com\/es\/wp-json\/wp\/v2\/media\/127191"}],"wp:attachment":[{"href":"https:\/\/www.europesays.com\/es\/wp-json\/wp\/v2\/media?parent=127190"}],"wp:term":[{"taxonomy":"category","embeddable":true,"href":"https:\/\/www.europesays.com\/es\/wp-json\/wp\/v2\/categories?post=127190"},{"taxonomy":"post_tag","embeddable":true,"href":"https:\/\/www.europesays.com\/es\/wp-json\/wp\/v2\/tags?post=127190"}],"curies":[{"name":"wp","href":"https:\/\/api.w.org\/{rel}","templated":true}]}}