{"id":127192,"date":"2025-09-20T10:14:09","date_gmt":"2025-09-20T10:14:09","guid":{"rendered":"https:\/\/www.europesays.com\/es\/127192\/"},"modified":"2025-09-20T10:14:09","modified_gmt":"2025-09-20T10:14:09","slug":"de-ensalzar-la-tauromaquia-a-encumbrar-nombres-como-ussia-o-inditex","status":"publish","type":"post","link":"https:\/\/www.europesays.com\/es\/127192\/","title":{"rendered":"de ensalzar la tauromaquia a encumbrar nombres como Uss\u00eda o Inditex"},"content":{"rendered":"<p>La Comunidad de Madrid vuelve a conceder en una nueva edici\u00f3n sus <strong>Premios de Cultura <\/strong>a 15 personalidades de distintas ramas art\u00edsticas que han dejado su huella en la regi\u00f3n. El <a data-external=\"0\" data-intl-links-es=\"https:\/\/www.elplural.com\/politica\/espana\/pp-ayuso-desautoriza-feijoo-hablar-masacre-gaza-la-muerte-civiles-responsabilidad-hamas_360641102\" href=\"https:\/\/www.elplural.com\/politica\/espana\/pp-ayuso-desautoriza-feijoo-hablar-masacre-gaza-la-muerte-civiles-responsabilidad-hamas_360641102\" rel=\"follow nofollow noopener\" target=\"_self\" title=\"El PP de Ayuso desautoriza a Feij\u00f3o tras hablar de \u201cmasacre\u201d en Gaza: \u201cLa muerte de civiles es responsabilidad de Ham\u00e1s\u201d\">Gobierno de Isabel D\u00edaz Ayuso <\/a>ha distinguido este 2025 al mundo de la tauromaquia y rostros conocidos como el periodista <strong>Alfonso Uss\u00eda<\/strong> o marcas como <strong>Inditex<\/strong>, de Amancio Ortega,<strong>\u00a0<\/strong>entre otros.<\/p>\n<p>La entrega de galardones, que tendr\u00e1 lugar el pr\u00f3ximo lunes 22 de septiembre en el<strong> Teatro Auditorio de San Lorenzo de El Escorial<\/strong> con la presencia de la presidenta madrile\u00f1a, dar\u00e1 cabida a artistas e instituciones que, a ojos del Ejecutivo de la Puerta del Sol, han marcado el paso con su trayectoria cultural.<\/p>\n<p>Seg\u00fan ha confirmado la Comunidad de Madrid, entre los 15 galardonados se encuentra el escritor<strong> Alfonso Uss\u00eda<\/strong>, premiado por sus 40 t\u00edtulos publicados y columnas period\u00edsticas \u201ccon fina iron\u00eda y humor inteligente\u201d, en el \u00e1mbito de la Literatura. En el campo de la Tauromaquia, ha sido premiado <strong>Andr\u00e9s Amor\u00f3s<\/strong> \u201cpor su defensa continuada y documentada de esta expresi\u00f3n de la cultura espa\u00f1ola\u201d y \u201csu extenso conocimiento de las ra\u00edces\u201d en su colecci\u00f3n \u2018Piel de toro\u2019.<\/p>\n<p>En otras \u00e1reas, en Danza el galard\u00f3n ha reca\u00eddo sobre<strong> Bel\u00e9n L\u00f3pez<\/strong> por \u201cllevar al flamenco por medio mundo reivindicando el car\u00e1cter mestizo\u201d. En lo referente a la m\u00fasica, el <strong>D\u00fao Din\u00e1mico<\/strong>, con<a data-external=\"0\" data-intl-links-es=\"https:\/\/www.elplural.com\/sociedad\/muere-manuel-calva-integrante-duo-dinamico_359060102\" href=\"https:\/\/www.elplural.com\/sociedad\/muere-manuel-calva-integrante-duo-dinamico_359060102\" rel=\"follow nofollow noopener\" target=\"_self\" title=\"Muere Manuel de la Calva, integrante del D\u00fao Din\u00e1mico\"> el reciente fallecimiento de Manuel de la Calva<\/a>, ha sido tambi\u00e9n premiado por su \u201cexitosa carrera que ha dejado himnos intergeneracionales\u201d; tambi\u00e9n en la misma categor\u00eda el director de orquesta <strong>Enrique Garc\u00eda Asensio <\/strong>por articular \u201ctradici\u00f3n y pedagog\u00eda\u201d en sus obras.<\/p>\n<p>En Artes Pl\u00e1sticas,<strong> Salvador Amaya<\/strong> por \u201crecuperar personajes olvidades de la historia\u201d, adem\u00e1s de <strong>\u00c1lvaro Herrero<\/strong> en Fotograf\u00eda por \u201csu uni\u00f3n de t\u00e9cnica, belleza y mensaje a trav\u00e9s del objetivo\u201d.<\/p>\n<p>Por consiguiente, en las Artes Esc\u00e9nicas destaca la figura de <a data-external=\"0\" data-intl-links-es=\"https:\/\/www.elplural.com\/autonomias\/madrid\/maniobras-partidistas-pp-ayuso-almeida-cultura-premiar-nacho-cano-olvidar-marisa-paredes_347204102\" href=\"https:\/\/www.elplural.com\/autonomias\/madrid\/maniobras-partidistas-pp-ayuso-almeida-cultura-premiar-nacho-cano-olvidar-marisa-paredes_347204102\" rel=\"follow nofollow noopener\" target=\"_self\" title=\"Las maniobras &quot;partidistas&quot; del PP de Ayuso y Almeida en cultura: de premiar a Nacho Cano a &#039;olvidar&#039; a Marisa Paredes\">la fallecida actriz Marisa Paredes <\/a>que recibir\u00e1 <strong>el t\u00edtulo p\u00f3stumo el Premio de la Comunidad en Artes Cinematogr\u00e1ficas <\/strong>\u201cpor su exitosa carrera\u201d. En el Teatro, la actriz Esperanza Roy \u201ccomo figura ic\u00f3nica de la escena madrile\u00f1a\u201d.<\/p>\n<p>Entre las instituciones premiadas, tambi\u00e9n cabe mencionar al <strong>Hotel Palace<\/strong>, por su Patrimonio Hist\u00f3rico, el restaurante <strong>Lhardy<\/strong>, por su oferta gastron\u00f3mica; la firma <strong>Inditex <\/strong>de Amancio Ortega en Moda, por su \u201crelevante impacto en la econom\u00eda creativa y de consumo\u201d; la<strong> Fundaci\u00f3n Mapfre<\/strong> por su mecenazgo art\u00edstico; el<strong> Teatro Circo Price<\/strong> y, por \u00faltimo, la Asociaci\u00f3n de Belenistas de Madrid.<\/p>\n<p>Ayuso \u00abmiamiza Madrid\u00bb con un \u00abfestival de amiguismos\u00bb<\/p>\n<p>Desde la oposici\u00f3n al Ejecutivo de Sol, rechazan estas condecoraciones culturales. Por parte de<strong> M\u00e1s Madrid<\/strong>, adem\u00e1s de calificar estos galardones como <strong>el \u201cAyuso Fest\u201d<\/strong>, aseguran que \u201crechazan la invitaci\u00f3n\u201d del evento del pr\u00f3ximo lunes al no concebir que \u201cexista un premio de cultura a la tauromaquia\u201d.<\/p>\n<p>En este sentido, los de Manuela Bergerot han defendido que \u201cla tortura animal no puede blanquearse como arte ni como patrimonio cultural\u201d, lo que viene secundado por la<strong> Proposici\u00f3n No de Ley registrada <\/strong>por el grupo en la Asamblea de Madrid para eliminar dicha categor\u00eda.<\/p>\n<p>Sin quedarse en este punto, M\u00e1s Madrid tambi\u00e9n denuncia \u201cla p\u00e9rdida total de legitimidad de estos galardones tras la decisi\u00f3n del Gobierno de Isabel D\u00edaz Ayuso de<strong> eliminar el jurado independiente y profesional <\/strong>que hasta ahora seleccionaba a los premiados\u201d, debido a que los galardones son adjudicados por el Consejo de Gobierno regional, convirti\u00e9ndolos as\u00ed en \u201cun trofeo de parte y no en un reconocimiento de todos\u201d.<\/p>\n<p>En voz de la portavoz de Cultura de la formaci\u00f3n, <strong>Marisa Escalante<\/strong>, reprochan que estos premios \u201cno son souvenirs privados\u201d de la presidenta madrile\u00f1a, lamentando que est\u00e1n hechos a medida en \u201c<strong>un festival de dedazos y amiguismos <\/strong>en el que s\u00f3lo falta un premio a DJ Pulpo o Mario Vaquerizo\u201d.<\/p>\n<p>Referenciando premiados como el escritor Alfonso Uss\u00eda, el torero Andr\u00e9s Amor\u00f3s o la firma Inditex, aducen a que \u201cparece m\u00e1s un gui\u00f1o ideol\u00f3gico o la meritocracia empresarial ayusista\u201d: \u201cEl problema no son los nombres en s\u00ed, sino <strong>el procedimiento opaco y partidista <\/strong>que convierte los premios en un instrumento de propaganda\u201d, a\u00f1aden, siendo priorizar la tauromaquia o el hecho de apartar otros artistas como Nacho Duato ejemplo de \u201c<strong>miamizar Madrid<\/strong>, reducirla a un parque tem\u00e1tico privado\u201d.<\/p>\n<p>S\u00famate a <img decoding=\"async\" alt=\"El Plural\" height=\"50\" loading=\"lazy\" src=\"https:\/\/www.elplural.com\/uploads\/static\/elplural\/dist\/img\/cta-image.svg\" width=\"148\"\/><\/p>\n<p>Apoya nuestro trabajo. Navega sin publicidad. Entra a todos los contenidos.<\/p>\n<p><a href=\"https:\/\/www.elplural.com\/registro.html?utm_source=BOTON_CTA&amp;utm_campaign=ctabutton_noticia\" rel=\"nofollow noopener\" target=\"_blank\">hazte socio<\/a><\/p>\n<p>\u00a0<\/p>\n","protected":false},"excerpt":{"rendered":"La Comunidad de Madrid vuelve a conceder en una nueva edici\u00f3n sus Premios de Cultura a 15 personalidades&hellip;\n","protected":false},"author":2,"featured_media":127193,"comment_status":"","ping_status":"","sticky":false,"template":"","format":"standard","meta":{"footnotes":""},"categories":[277],"tags":[373,168,25,24,23,167,374],"class_list":{"0":"post-127192","1":"post","2":"type-post","3":"status-publish","4":"format-standard","5":"has-post-thumbnail","7":"category-toreo","8":"tag-bullfighting","9":"tag-deportes","10":"tag-es","11":"tag-espana","12":"tag-spain","13":"tag-sports","14":"tag-toreo"},"share_on_mastodon":{"url":"","error":""},"_links":{"self":[{"href":"https:\/\/www.europesays.com\/es\/wp-json\/wp\/v2\/posts\/127192","targetHints":{"allow":["GET"]}}],"collection":[{"href":"https:\/\/www.europesays.com\/es\/wp-json\/wp\/v2\/posts"}],"about":[{"href":"https:\/\/www.europesays.com\/es\/wp-json\/wp\/v2\/types\/post"}],"author":[{"embeddable":true,"href":"https:\/\/www.europesays.com\/es\/wp-json\/wp\/v2\/users\/2"}],"replies":[{"embeddable":true,"href":"https:\/\/www.europesays.com\/es\/wp-json\/wp\/v2\/comments?post=127192"}],"version-history":[{"count":0,"href":"https:\/\/www.europesays.com\/es\/wp-json\/wp\/v2\/posts\/127192\/revisions"}],"wp:featuredmedia":[{"embeddable":true,"href":"https:\/\/www.europesays.com\/es\/wp-json\/wp\/v2\/media\/127193"}],"wp:attachment":[{"href":"https:\/\/www.europesays.com\/es\/wp-json\/wp\/v2\/media?parent=127192"}],"wp:term":[{"taxonomy":"category","embeddable":true,"href":"https:\/\/www.europesays.com\/es\/wp-json\/wp\/v2\/categories?post=127192"},{"taxonomy":"post_tag","embeddable":true,"href":"https:\/\/www.europesays.com\/es\/wp-json\/wp\/v2\/tags?post=127192"}],"curies":[{"name":"wp","href":"https:\/\/api.w.org\/{rel}","templated":true}]}}