{"id":127198,"date":"2025-09-20T10:20:06","date_gmt":"2025-09-20T10:20:06","guid":{"rendered":"https:\/\/www.europesays.com\/es\/127198\/"},"modified":"2025-09-20T10:20:06","modified_gmt":"2025-09-20T10:20:06","slug":"ultimo-partido-antes-de-la-supercopa","status":"publish","type":"post","link":"https:\/\/www.europesays.com\/es\/127198\/","title":{"rendered":"\u00faltimo partido antes de la Supercopa"},"content":{"rendered":"<p>El <b>Real Madrid<\/b> afronta hoy el \u00faltimo partido de la pretemporada con la disputa del encuentro por el tercer y cuarto puesto del Torneo EncestaR\u00edas de Pontevedra. A una semana de la Supercopa Endesa, los nuestros tienen otro exigente test ante el Baskonia (18:00 horas).<\/p>\n<p>Los de <b>Scariolo<\/b> quieren acabar la preparaci\u00f3n con su cuarto triunfo. Los tres anteriores fueron ante el Alba Berl\u00edn, Unicaja de M\u00e1laga y Casademont Zaragoza. Ayer, en las semifinales de este torneo, perdieron frente al R\u00edo Breog\u00e1n en la pr\u00f3rroga tras ir por delante durante casi todo el duelo. <b>Procida <\/b>y <b>Lyles <\/b>debutaron como madridistas y hoy, al igual que el resto del equipo, podr\u00e1n seguir acumulando minutos de cara al inicio de la temporada.<\/p>\n<p><b>Un Baskonia renovado<\/b><br \/>Empezando por el banquillo con llegada de Galbiati. Con \u00e9l han llegado el excanterano madridista Spagnolo, Rafa Villar, Kurucs y dos jugadores con experiencia NBA como Diallo y Diakit\u00e9. Howard, Luwawu-Cabarrot, Forrest o Samanic completan una plantilla potente. Ayer, en las semifinales del torneo, el Baskonia no pudo superar al Valencia Basket (84-99).<\/p>\n","protected":false},"excerpt":{"rendered":"El Real Madrid afronta hoy el \u00faltimo partido de la pretemporada con la disputa del encuentro por el&hellip;\n","protected":false},"author":2,"featured_media":107148,"comment_status":"","ping_status":"","sticky":false,"template":"","format":"standard","meta":{"footnotes":""},"categories":[269],"tags":[299,298,168,25,24,23,167],"class_list":{"0":"post-127198","1":"post","2":"type-post","3":"status-publish","4":"format-standard","5":"has-post-thumbnail","7":"category-baloncesto","8":"tag-baloncesto","9":"tag-basketball","10":"tag-deportes","11":"tag-es","12":"tag-espana","13":"tag-spain","14":"tag-sports"},"share_on_mastodon":{"url":"","error":""},"_links":{"self":[{"href":"https:\/\/www.europesays.com\/es\/wp-json\/wp\/v2\/posts\/127198","targetHints":{"allow":["GET"]}}],"collection":[{"href":"https:\/\/www.europesays.com\/es\/wp-json\/wp\/v2\/posts"}],"about":[{"href":"https:\/\/www.europesays.com\/es\/wp-json\/wp\/v2\/types\/post"}],"author":[{"embeddable":true,"href":"https:\/\/www.europesays.com\/es\/wp-json\/wp\/v2\/users\/2"}],"replies":[{"embeddable":true,"href":"https:\/\/www.europesays.com\/es\/wp-json\/wp\/v2\/comments?post=127198"}],"version-history":[{"count":0,"href":"https:\/\/www.europesays.com\/es\/wp-json\/wp\/v2\/posts\/127198\/revisions"}],"wp:featuredmedia":[{"embeddable":true,"href":"https:\/\/www.europesays.com\/es\/wp-json\/wp\/v2\/media\/107148"}],"wp:attachment":[{"href":"https:\/\/www.europesays.com\/es\/wp-json\/wp\/v2\/media?parent=127198"}],"wp:term":[{"taxonomy":"category","embeddable":true,"href":"https:\/\/www.europesays.com\/es\/wp-json\/wp\/v2\/categories?post=127198"},{"taxonomy":"post_tag","embeddable":true,"href":"https:\/\/www.europesays.com\/es\/wp-json\/wp\/v2\/tags?post=127198"}],"curies":[{"name":"wp","href":"https:\/\/api.w.org\/{rel}","templated":true}]}}