{"id":127204,"date":"2025-09-20T10:24:19","date_gmt":"2025-09-20T10:24:19","guid":{"rendered":"https:\/\/www.europesays.com\/es\/127204\/"},"modified":"2025-09-20T10:24:19","modified_gmt":"2025-09-20T10:24:19","slug":"el-libro-que-rescata-la-memoria-y-el-talento-del-ciclismo-santandereano","status":"publish","type":"post","link":"https:\/\/www.europesays.com\/es\/127204\/","title":{"rendered":"el libro que rescata la memoria y el talento del ciclismo santandereano"},"content":{"rendered":"<p class=\"loc\">Bucaramanga <\/p>\n<p>El periodista y profesor Javier Augusto Ferreira Jim\u00e9nez present\u00f3<b> su primer libro titulado Pedalazos<\/b>, historias de vida del ciclismo santandereano.<\/p>\n<p>Una cr\u00f3nica extendida de 108 p\u00e1ginas que <b>recoge once relatos sobre personajes emblem\u00e1ticos<\/b> y nuevas promesas del deporte del pedal en la regi\u00f3n.<\/p>\n<p>Ferreira Jim\u00e9nez quien lleva m\u00e1s de dos d\u00e9cadas en el oficio period\u00edstico explic\u00f3 que la idea surgi\u00f3 en plena pandemia, cuando<b> recopil\u00f3 textos escritos a lo largo de su trayectoria y sum\u00f3 nuevas entrevistas. <\/b><\/p>\n<p><b>Puede leer: <\/b><a href=\"https:\/\/caracol.com.co\/2025\/09\/18\/museo-de-un-cementerio-de-bucaramanga-esta-nominado-a-un-premio-internacional-cual\/\" title=\"Museo de un cementerio de Bucaramanga est\u00e1 nominado a premio internacional, \u00bfCu\u00e1l?\" rel=\"nofollow noopener\" target=\"_blank\">Museo de un cementerio de Bucaramanga est\u00e1 nominado a premio internacional, \u00bfCu\u00e1l?<\/a><\/p>\n<p><img decoding=\"async\" src=\"https:\/\/www.europesays.com\/es\/wp-content\/uploads\/2025\/09\/https:\/\/cloudfront-us-east-1.images.arcpublishing.com\/prisaradioco\/YRSHZLMWKVHZDBEK4AFYQVI2O4.jpeg\" loading=\"lazy\" width=\"828\" height=\"621\"\/>Ampliar<\/p>\n<p>La publicaci\u00f3n se materializ\u00f3 gracias a una beca de creaci\u00f3n del Instituto Municipal de Cultura y Turismo de Bucaramanga, lo que le <b>permiti\u00f3 imprimir 300 ejemplares y preparar su distribuci\u00f3n f\u00edsica y virtual.<\/b><\/p>\n<p>El libro incluye historias de figuras como <b>V\u00edctor Hugo Pe\u00f1a, primer colombiano en vestir el maillot amarillo del Tour de Francia,<\/b> y la campeona Ana Cristina Sanabria, referente del ciclismo femenino.<\/p>\n<p><b>Le sugerimos: <\/b><a href=\"https:\/\/caracol.com.co\/2025\/09\/15\/gustavo-petro-regresa-a-bucaramanga-para-inaugurar-nuevo-edificio-en-la-uis\/\" rel=\"nofollow noopener\" title=\"Gustavo Petro regresa a Bucaramanga para inaugurar nuevo edificio en la UIS\" target=\"_blank\">Gustavo Petro regresa a Bucaramanga para inaugurar nuevo edificio en la UIS<\/a><\/p>\n<p>Adem\u00e1s resalta la aparici\u00f3n de j\u00f3venes talentos como Karen Virviescas, Carol Duarte y Cristian P\u00e1ez, <b>este \u00faltimo reci\u00e9n llegado de una gira en Europa con el Team Inca de Francia.<\/b><\/p>\n<p>\u201cHay mucho <b>talento en Santander especialmente en el ciclismo femenino,<\/b> pero falta apoyo estatal y privado para que los deportistas no tengan que buscar otras ligas, como ocurri\u00f3 con Marta Bayona\u201d, advirti\u00f3 Ferreira. <\/p>\n<p><b>Otras noticias: <\/b><a href=\"https:\/\/caracol.com.co\/2025\/09\/16\/club-de-autos-clasicos-se-retira-de-la-feria-de-bucaramanga-por-mal-comportamiento-de-los-ciudadanos\/\" rel=\"nofollow noopener\" title=\"Club de autos cl\u00e1sicos se retira de la feria de Bucaramanga por mal comportamiento de los ciudadanos\" target=\"_blank\">Club de autos cl\u00e1sicos se retira de la feria de Bucaramanga por mal comportamiento de los ciudadanos<\/a><\/p>\n<p>El autor tambi\u00e9n <b>subray\u00f3 que la obra busca atraer no solo a fan\u00e1ticos del ciclismo<\/b>, sino a lectores en general; con relatos en primera persona que transmiten emoci\u00f3n, cercan\u00eda y pasi\u00f3n por este deporte.<\/p>\n<p>Pedalazos ya est\u00e1 disponible y quienes est\u00e9n interesados en adquirirlo pueden contactarse a trav\u00e9s de redes sociales con el propio autor.<\/p>\n<p><b>Lea ac\u00e1: <\/b><a href=\"https:\/\/caracol.com.co\/2025\/09\/16\/descubren-fosil-de-depredador-marino-en-zapatoca-se-convierte-en-el-mas-antiguo-de-colombia\/\" title=\"Descubren f\u00f3sil de depredador marino en Zapatoca, se convierte en el m\u00e1s antiguo de Colombia\" rel=\"nofollow noopener\" target=\"_blank\">Descubren f\u00f3sil de depredador marino en Zapatoca, se convierte en el m\u00e1s antiguo de Colombia<\/a><\/p>\n<p>Y desde la<b> pr\u00f3xima semana estar\u00e1 disponible en la <\/b><a href=\"https:\/\/tienda.thresholdexperts.com\/\" target=\"_self\" rel=\"nofollow noopener\" title=\"https:\/\/tienda.thresholdexperts.com\/\"><b>tienda virtual Threshold Experts,<\/b> <\/a>especializada en productos de ciclismo; con cobertura nacional e internacional. <\/p>\n<p>Incluso se prepara un <b>lanzamiento en la Instituci\u00f3n de Educaci\u00f3n Superior Unisangil,<\/b> donde el p\u00fablico podr\u00e1 conocer de primera mano esta apuesta literaria que pretende mantener viva la memoria del ciclismo santandereano.<\/p>\n","protected":false},"excerpt":{"rendered":"Bucaramanga El periodista y profesor Javier Augusto Ferreira Jim\u00e9nez present\u00f3 su primer libro titulado Pedalazos, historias de vida&hellip;\n","protected":false},"author":2,"featured_media":127205,"comment_status":"","ping_status":"","sticky":false,"template":"","format":"standard","meta":{"footnotes":""},"categories":[172],"tags":[224,28443,313,168,146,147,25,24,225,964,23],"class_list":{"0":"post-127204","1":"post","2":"type-post","3":"status-publish","4":"format-standard","5":"has-post-thumbnail","7":"category-libros","8":"tag-books","9":"tag-bucaramanga","10":"tag-ciclismo","11":"tag-deportes","12":"tag-entertainment","13":"tag-entretenimiento","14":"tag-es","15":"tag-espana","16":"tag-libros","17":"tag-santander","18":"tag-spain"},"share_on_mastodon":{"url":"","error":""},"_links":{"self":[{"href":"https:\/\/www.europesays.com\/es\/wp-json\/wp\/v2\/posts\/127204","targetHints":{"allow":["GET"]}}],"collection":[{"href":"https:\/\/www.europesays.com\/es\/wp-json\/wp\/v2\/posts"}],"about":[{"href":"https:\/\/www.europesays.com\/es\/wp-json\/wp\/v2\/types\/post"}],"author":[{"embeddable":true,"href":"https:\/\/www.europesays.com\/es\/wp-json\/wp\/v2\/users\/2"}],"replies":[{"embeddable":true,"href":"https:\/\/www.europesays.com\/es\/wp-json\/wp\/v2\/comments?post=127204"}],"version-history":[{"count":0,"href":"https:\/\/www.europesays.com\/es\/wp-json\/wp\/v2\/posts\/127204\/revisions"}],"wp:featuredmedia":[{"embeddable":true,"href":"https:\/\/www.europesays.com\/es\/wp-json\/wp\/v2\/media\/127205"}],"wp:attachment":[{"href":"https:\/\/www.europesays.com\/es\/wp-json\/wp\/v2\/media?parent=127204"}],"wp:term":[{"taxonomy":"category","embeddable":true,"href":"https:\/\/www.europesays.com\/es\/wp-json\/wp\/v2\/categories?post=127204"},{"taxonomy":"post_tag","embeddable":true,"href":"https:\/\/www.europesays.com\/es\/wp-json\/wp\/v2\/tags?post=127204"}],"curies":[{"name":"wp","href":"https:\/\/api.w.org\/{rel}","templated":true}]}}