{"id":127206,"date":"2025-09-20T10:25:07","date_gmt":"2025-09-20T10:25:07","guid":{"rendered":"https:\/\/www.europesays.com\/es\/127206\/"},"modified":"2025-09-20T10:25:07","modified_gmt":"2025-09-20T10:25:07","slug":"el-publico-cancela-en-masa-a-de-viernes-tras-este-momento-con-carlo-costanzia-machismo-en-prime-time","status":"publish","type":"post","link":"https:\/\/www.europesays.com\/es\/127206\/","title":{"rendered":"El p\u00fablico cancela en masa a &#8216;De Viernes&#8217; tras este momento con Carlo Costanzia: \u00abMachismo en prime time\u00bb"},"content":{"rendered":"<p>Este 19 de septiembre, <a href=\"https:\/\/eltelevisero.huffingtonpost.es\/2025\/09\/de-viernes-anuncia-a-sus-dos-invitados-de-esta-semana-y-dos-polemicos-fichajes-para-amortiguar-a-la-voz\/\" rel=\"nofollow noopener\" target=\"_blank\">&#8216;\u00a1De viernes!<\/a>&#8216; ha recibido la visita de<a href=\"https:\/\/eltelevisero.huffingtonpost.es\/2025\/06\/carlo-costanzia-no-se-muerde-la-lengua-y-dispara-sin-paliativos-contra-susanna-griso-desde-de-viernes\/\" rel=\"nofollow noopener\" target=\"_blank\"> Carlo Costanzia.<\/a> El italiano se ha sentado en el programa de Telecinco para responder a las graves acusaciones que la madre de su hijo, Mar Flores, lanza sobre \u00e9l en su reci\u00e9n publicado libro de memorias.<\/p>\n<p>Seg\u00fan cont\u00f3, Carlo supo de la publicaci\u00f3n de este libro porque su nuera, Alejandra Rubio, se lo llev\u00f3 a Tur\u00edn. \u00abSab\u00eda que se iba a hacer ese libro gracias a tu hija\u00bb, le dijo a Terelu Campos, una de las colaboradoras de &#8216;\u00a1De Viernes!&#8217; presente en la entrevista. De modo que decidi\u00f3 leerlo.<\/p>\n<p>\u00abEn lo que respecta a m\u00ed, son falsas. Ni m\u00e1s ni menos. Y como son falsedades, voy a pedir amparo a la justicia, voy a pedir que se me tutele. Estoy totalmente indignado con que alguien tenga ganas de remover arenas movedizas. Es una falta de respeto tremenda a todas las personas involucradas\u00bb, dej\u00f3 claro el consuegro de Terelu Campos.<\/p>\n<p>En el libro,<a href=\"https:\/\/eltelevisero.huffingtonpost.es\/2025\/09\/mar-flores-estalla-y-denuncia-la-agresividad-de-alessandro-lequio-desde-el-plato-de-y-ahora-sonsoles\/\" rel=\"nofollow noopener\" target=\"_blank\"> Mar Flores <\/a>relata episodios de violencia por parte del padre de su hijo. Por lo que los presentadores y colaboradores de &#8216;\u00a1De Viernes!&#8217; quisieron saber qu\u00e9 hay de cierto en eso. Muy serio, Carlo neg\u00f3 la mayor. \u00abMe miras a la cara: es falso. Jam\u00e1s la he cogido, jam\u00e1s la he levantado un dedo y jam\u00e1s he sido infiel. Y no estoy aqu\u00ed para defenderme, todo es falso\u00bb, asegur\u00f3.<\/p>\n<p>El bochornoso comentario de Carlo en &#8216;De viernes&#8217; que provoca una ola de indignaci\u00f3n en redes<\/p>\n<p>Sin embargo, lo que indign\u00f3 a la audiencia fue la pasividad de los colaboradores y presentadores, Santi Acosta y Beatriz Archidona, ante el comentario que poco despu\u00e9s realiz\u00f3 el italiano sobre la disoluta vida sentimental de su exmujer en aquella \u00e9poca. \u00abEra mejor llamar a la Guardia Urbana para dirigir el tr\u00e1fico de los t\u00edos que hab\u00eda por la casa\u00bb, espet\u00f3 entre risas. Un bochornoso comentario que fue aplaudido por el p\u00fablico presente en el plat\u00f3, bien de mutuo propio o por indicaci\u00f3n del animador del programa.<\/p>\n<p>El caso es que, como cab\u00eda esperar, las redes sociales se ha inundado de cr\u00edticas demoledoras hacia &#8216;\u00a1De viernes!&#8217;. Sobre todo hacia Santi Acosta, Bea Archidona y el resto de tertulianos presentes en la entrevista, que no reaccionaron a reprobar esas palabras a excepci\u00f3n de \u00c1ngela Portero.<\/p>\n<p>La ola de indignaci\u00f3n es colosal. \u00abMachismo en prime time\u00bb, dice Mart\u00edn Bianchi Tasso, periodista de El Pa\u00eds y La Ser. \u00abTerror\u00edfico y de una irresponsabilidad m\u00e1xima\u00bb, comenta la escritora y comunicadora Anna Gurgu\u00ed entre miles de comentarios contra el programa de Telecinco. Estos son solo algunos de ellos:<\/p>\n<blockquote class=\"twitter-tweet\" data-width=\"550\" data-dnt=\"true\">\n<p lang=\"es\" dir=\"ltr\">Terror\u00edfico y de una m\u00e1xima irresponsabilidad&#8230; Lo de esta entrevista ha sido la constataci\u00f3n de que el machismo y la violencia medi\u00e1tica siguen en auge y son aplaudidos. Con sus palabras y los otr@s con sus risas complices se han delatado y posicionado claramente&#8230;. <a href=\"https:\/\/t.co\/3il5swGeh2\" rel=\"nofollow\">pic.twitter.com\/3il5swGeh2<\/a><\/p>\n<p>\u2014 Anna Gurgu\u00ed (@ANNAGURGUI) <a href=\"https:\/\/twitter.com\/ANNAGURGUI\/status\/1969244197942169882?ref_src=twsrc%5Etfw\" rel=\"noopener nofollow\" target=\"_blank\">September 20, 2025<\/a><\/p><\/blockquote>\n<blockquote class=\"twitter-tweet\" data-width=\"550\" data-dnt=\"true\">\n<p lang=\"es\" dir=\"ltr\">No s\u00e9 si me da m\u00e1s asco este se\u00f1or llamando put* a la madre de su hijo, el p\u00fablico que se r\u00ede y aplaude o esta cadena que se dedica a blanquear a personajes que dan aut\u00e9ntico asco. VERGONZOSO TODO <a href=\"https:\/\/twitter.com\/hashtag\/DeViernes?src=hash&amp;ref_src=twsrc%5Etfw\" rel=\"noopener nofollow\" target=\"_blank\">#DeViernes<\/a>  <a href=\"https:\/\/t.co\/lHhPYifzKY\" rel=\"nofollow\">pic.twitter.com\/lHhPYifzKY<\/a><\/p>\n<p>\u2014 \u26aa\ufe0f\u26ab\ufe0f\u2022 TodoSalseO \u2022 (@TodoSalseos) <a href=\"https:\/\/twitter.com\/TodoSalseos\/status\/1969168933300146634?ref_src=twsrc%5Etfw\" rel=\"noopener nofollow\" target=\"_blank\">September 19, 2025<\/a><\/p><\/blockquote>\n<blockquote class=\"twitter-tweet\" data-width=\"550\" data-dnt=\"true\">\n<p lang=\"es\" dir=\"ltr\">Que \u00c1ngela Portero fuera la \u00fanica que se salv\u00f3 del profundo asco y verg\u00fcenza ajena de lo que se dio ayer en este estercolero ya lo dice todo. <a href=\"https:\/\/t.co\/H4P9HRMvsQ\" rel=\"nofollow\">https:\/\/t.co\/H4P9HRMvsQ<\/a><\/p>\n<p>\u2014 Chine \ud83d\udcab (@chine020) <a href=\"https:\/\/twitter.com\/chine020\/status\/1969294053356327130?ref_src=twsrc%5Etfw\" rel=\"noopener nofollow\" target=\"_blank\">September 20, 2025<\/a><\/p><\/blockquote>\n<blockquote class=\"twitter-tweet\" data-width=\"550\" data-dnt=\"true\">\n<p lang=\"es\" dir=\"ltr\">Telecinco contin\u00faa explotando la violencia contra las mujeres como espect\u00e1culo. Anoche lo hizo con tres invitados vinculados en casos muy graves y p\u00fablicos.<br \/>Una vez m\u00e1s, se centran en recuperar audiencia intentando atraer a un p\u00fablico negacionista y profundamente machista. <a href=\"https:\/\/t.co\/m0hmPneFUH\" rel=\"nofollow\">https:\/\/t.co\/m0hmPneFUH<\/a><\/p>\n<p>\u2014 Marian Lozano (@marian65x) <a href=\"https:\/\/twitter.com\/marian65x\/status\/1969288872145154153?ref_src=twsrc%5Etfw\" rel=\"noopener nofollow\" target=\"_blank\">September 20, 2025<\/a><\/p><\/blockquote>\n<blockquote class=\"twitter-tweet\" data-width=\"550\" data-dnt=\"true\">\n<p lang=\"es\" dir=\"ltr\">Lo que est\u00e1 haciendo Telecinco con ciertas mujeres es asqueroso.  Luego llega el 8M o el 25N  y se ponen el lacito morado. <\/p>\n<p>Que se llame \u00abputa\u00bb a una mujer y las y los dem\u00e1s aplaudan y m\u00e1s sabiendo qui\u00e9n lo dice es simplemente vomitivo. Esto es violencia machista, fin. <a href=\"https:\/\/t.co\/5uxDfGxqiQ\" rel=\"nofollow\">https:\/\/t.co\/5uxDfGxqiQ<\/a><\/p>\n<p>\u2014 \ud83c\udf3f VILLA\ud83d\udd3b (@VillaverdeMu) <a href=\"https:\/\/twitter.com\/VillaverdeMu\/status\/1969272687575924983?ref_src=twsrc%5Etfw\" rel=\"noopener nofollow\" target=\"_blank\">September 20, 2025<\/a><\/p><\/blockquote>\n<blockquote class=\"twitter-tweet\" data-width=\"550\" data-dnt=\"true\">\n<p lang=\"es\" dir=\"ltr\">Verg\u00fcenza de programa que lo invita, verg\u00fcenza de presentadores y colaboradores, verg\u00fcenza de las personas que est\u00e1n detr\u00e1s que no le dicen por pinganillo al presentador que pare. <br \/>Y verg\u00fcenza ajena del p\u00fablico que le r\u00ede y aplaude las gracias. <br \/>Luego que si no tienen audiencia <a href=\"https:\/\/t.co\/68lkSdFt3B\" rel=\"nofollow\">https:\/\/t.co\/68lkSdFt3B<\/a><\/p>\n<p>\u2014 Rammsesd \ud83d\udc9c\u2735\ud83c\udff3\ufe0f\u200d\ud83c\udf08\ud83d\udc83\ud83c\udffb\ud83e\udead\ud83c\udfa4 (@davicin981) <a href=\"https:\/\/twitter.com\/davicin981\/status\/1969188492325363960?ref_src=twsrc%5Etfw\" rel=\"noopener nofollow\" target=\"_blank\">September 19, 2025<\/a><\/p><\/blockquote>\n<blockquote class=\"twitter-tweet\" data-width=\"550\" data-dnt=\"true\">\n<p lang=\"es\" dir=\"ltr\">Tremendo asco de machismo y patriarcado. Normal que las audiencias de <a href=\"https:\/\/twitter.com\/mediasetcom?ref_src=twsrc%5Etfw\" rel=\"noopener nofollow\" target=\"_blank\">@mediasetcom<\/a> sigan en picando mes tras mes. Est\u00e1n incrustados en el siglo XX con este tipo de historias. Much\u00edsimo asco. QUE ACT\u00daE LA CNMC!!! <a href=\"https:\/\/t.co\/44J04ZenFJ\" rel=\"nofollow\">https:\/\/t.co\/44J04ZenFJ<\/a><\/p>\n<p>\u2014 Kikito \ud83c\uddf5\ud83c\uddf8 (@kikito_dl) <a href=\"https:\/\/twitter.com\/kikito_dl\/status\/1969185387760291892?ref_src=twsrc%5Etfw\" rel=\"noopener nofollow\" target=\"_blank\">September 19, 2025<\/a><\/p><\/blockquote>\n<blockquote class=\"twitter-tweet\" data-width=\"550\" data-dnt=\"true\">\n<p lang=\"es\" dir=\"ltr\">Mientras al machismo se le contin\u00fae riendo la gracia , la mujer siempre ser\u00e1 la se\u00f1alada. Y esta noche una mujer ha sido denigraba en un programa que dice ser \u00abblanco y familiar\u00bb.<br \/>Ha sido una aut\u00e9ntica verg\u00fcenza. <a href=\"https:\/\/t.co\/AJSUXtz7Wq\" rel=\"nofollow\">https:\/\/t.co\/AJSUXtz7Wq<\/a><\/p>\n<p>\u2014 MikA. \ud83c\udfb1\u2660\ufe0f (@euforia_m77176) <a href=\"https:\/\/twitter.com\/euforia_m77176\/status\/1969175600171545060?ref_src=twsrc%5Etfw\" rel=\"noopener nofollow\" target=\"_blank\">September 19, 2025<\/a><\/p><\/blockquote>\n<blockquote class=\"twitter-tweet\" data-width=\"550\" data-dnt=\"true\">\n<p lang=\"es\" dir=\"ltr\">y la consuegra de la insultada enfrente calladita, es que dios m\u00edo, esta familia se ha quedado sin dignidad de una forma&#8230; Si Teresa viese todo este circo&#8230; qu\u00e9 pena <a href=\"https:\/\/t.co\/iXtzGwIrux\" rel=\"nofollow\">https:\/\/t.co\/iXtzGwIrux<\/a><\/p>\n<p>\u2014 A\ud83e\udebb (@liyo_____) <a href=\"https:\/\/twitter.com\/liyo_____\/status\/1969170901955489820?ref_src=twsrc%5Etfw\" rel=\"noopener nofollow\" target=\"_blank\">September 19, 2025<\/a><\/p><\/blockquote>\n<blockquote class=\"twitter-tweet\" data-width=\"550\" data-dnt=\"true\">\n<p lang=\"es\" dir=\"ltr\">Que esto se permita es una verg\u00fcenza. Ojal\u00e1 cierren ese canal de porquer\u00eda. Dan asco. Lo \u00fanico que hacen es dar voz a maltratadores y humillar a las mujeres. <a href=\"https:\/\/t.co\/MKhb9tJ2Y0\" rel=\"nofollow\">https:\/\/t.co\/MKhb9tJ2Y0<\/a><\/p>\n<p>\u2014 Laura \u2698\ufe0f (@lauragmz96) <a href=\"https:\/\/twitter.com\/lauragmz96\/status\/1969168981748531687?ref_src=twsrc%5Etfw\" rel=\"noopener nofollow\" target=\"_blank\">September 19, 2025<\/a><\/p><\/blockquote>\n<p>\t\t\t\t\t\t                    <script async src=\"https:\/\/platform.twitter.com\/widgets.js\" charset=\"utf-8\"><\/script><\/p>\n","protected":false},"excerpt":{"rendered":"Este 19 de septiembre, &#8216;\u00a1De viernes!&#8216; ha recibido la visita de Carlo Costanzia. El italiano se ha sentado&hellip;\n","protected":false},"author":2,"featured_media":127207,"comment_status":"","ping_status":"","sticky":false,"template":"","format":"standard","meta":{"footnotes":""},"categories":[171],"tags":[146,147,25,24,23,214],"class_list":{"0":"post-127206","1":"post","2":"type-post","3":"status-publish","4":"format-standard","5":"has-post-thumbnail","7":"category-tv","8":"tag-entertainment","9":"tag-entretenimiento","10":"tag-es","11":"tag-espana","12":"tag-spain","13":"tag-tv"},"share_on_mastodon":{"url":"","error":""},"_links":{"self":[{"href":"https:\/\/www.europesays.com\/es\/wp-json\/wp\/v2\/posts\/127206","targetHints":{"allow":["GET"]}}],"collection":[{"href":"https:\/\/www.europesays.com\/es\/wp-json\/wp\/v2\/posts"}],"about":[{"href":"https:\/\/www.europesays.com\/es\/wp-json\/wp\/v2\/types\/post"}],"author":[{"embeddable":true,"href":"https:\/\/www.europesays.com\/es\/wp-json\/wp\/v2\/users\/2"}],"replies":[{"embeddable":true,"href":"https:\/\/www.europesays.com\/es\/wp-json\/wp\/v2\/comments?post=127206"}],"version-history":[{"count":0,"href":"https:\/\/www.europesays.com\/es\/wp-json\/wp\/v2\/posts\/127206\/revisions"}],"wp:featuredmedia":[{"embeddable":true,"href":"https:\/\/www.europesays.com\/es\/wp-json\/wp\/v2\/media\/127207"}],"wp:attachment":[{"href":"https:\/\/www.europesays.com\/es\/wp-json\/wp\/v2\/media?parent=127206"}],"wp:term":[{"taxonomy":"category","embeddable":true,"href":"https:\/\/www.europesays.com\/es\/wp-json\/wp\/v2\/categories?post=127206"},{"taxonomy":"post_tag","embeddable":true,"href":"https:\/\/www.europesays.com\/es\/wp-json\/wp\/v2\/tags?post=127206"}],"curies":[{"name":"wp","href":"https:\/\/api.w.org\/{rel}","templated":true}]}}