{"id":127208,"date":"2025-09-20T10:27:09","date_gmt":"2025-09-20T10:27:09","guid":{"rendered":"https:\/\/www.europesays.com\/es\/127208\/"},"modified":"2025-09-20T10:27:09","modified_gmt":"2025-09-20T10:27:09","slug":"las-mejores-peliculas-de-estreno-para-ver-este-fin-de-semana-desde-casa","status":"publish","type":"post","link":"https:\/\/www.europesays.com\/es\/127208\/","title":{"rendered":"Las mejores pel\u00edculas de estreno para ver este fin de semana desde casa"},"content":{"rendered":"<p><b>\u00daltimo fin de semana del verano<\/b>, y las diferentes plataformas de streaming que tenemos a nuestra disposici\u00f3n ofertan un <b>interesante ramillete de pel\u00edculas de estreno<\/b> para poder disfrutar desde casa. Hemos seleccionado las tres siguientes:<\/p>\n<p>&#8216;Sirat&#8217; (Movistar)<\/p>\n<p>La pel\u00edcula de<b><a title=\"Oliver Laxe\" href=\"https:\/\/www.larazon.es\/cultura\/rave-mas-lisergica-sensorial-oliver-laxe-nace-muere-desierto_202506066842ae254c9357775b837548.html\" target=\"_blank\" rel=\"nofollow noopener\">Oliver Laxe<\/a>,<\/b> flamante <a title=\"candidata espa\u00f1ola a los Oscar \" href=\"https:\/\/www.larazon.es\/cultura\/cine\/sirat-oliver-laxe-representara-espana-oscar_2025091768ca926637083b1b01b45c61.html\" target=\"_blank\" rel=\"nofollow noopener\"><b>candidata espa\u00f1ola a los Oscar<\/b><\/a>y Premio del Jurado en Cannes,<b> llega por fin a Movistar.<\/b> Entre el thriller y la road movie, este filme sigue a un hombre (Sergi L\u00f3pez) y su hijo (Bruno N\u00fa\u00f1ez), quienes llegan a una rave perdida en Marruecos. Buscan a Mar, su hija y hermana, desaparecida hace meses en una de esas fiestas sin amanecer.<\/p>\n<p>&#8216;Los sudarios&#8217; (Filmin)<\/p>\n<p><a title=\"David Cronenberg\" href=\"https:\/\/www.larazon.es\/cultura\/20220923\/2b6uj73kr5cv5ozedwaexxvuqi.html\" target=\"_blank\" rel=\"nofollow noopener\"><b>David Cronenberg<\/b><\/a>(&#8216;Una historia de violencia&#8217;, &#8216;Promesas del este&#8217;) escribe y dirige &#8216;Los sudarios&#8217;, un thriller de ciencia-ficci\u00f3n, nominado a la Palma de Oro en Cannes, protagonizado por <b>Vincent Cassel y Diane Kruger<\/b>. Karsh, de 50 a\u00f1os, es un importante hombre de negocios. Inconsolable desde la muerte de su esposa, inventa GraveTech, una tecnolog\u00eda revolucionaria y controvertida que permite a los vivos vigilar a sus seres queridos difuntos en sus mortajas. Una noche, varias tumbas, incluida la de la esposa de Karsh, son profanadas. Karsh se propone localizar a los autores.<\/p>\n<p>&#8216;Tras el verano&#8217; (Movistar)<\/p>\n<p>El domingo 21, el \u00faltimo d\u00eda del verano se estrena esta pel\u00edcula que <b>no puede tener un t\u00edtulo m\u00e1s oportuno<\/b>: &#8216;Tras el verano&#8217;. La joven cineasta espa\u00f1ola<b> Yolanda Centeno <\/b>(&#8216;La frontera&#8217;) debuta en la gran pantalla con este largometraje protagonizado por<a title=\" Alexandra Jim\u00e9nez \" href=\"https:\/\/www.larazon.es\/gente\/famosos\/alexandra-jimenez-aun-acostumbro-alfombras-rojas-soy-muy-timida_20240403660ca75117c56e0001424fe7.html\" target=\"_blank\" rel=\"nofollow noopener\"><b>Alexandra Jim\u00e9nez <\/b><\/a><b>y <a title=\"Juan Diego Botto\" href=\"https:\/\/www.larazon.es\/cataluna\/20221215\/ml3fi3jcqfejzlawueptujfy4y.html\" target=\"_blank\" rel=\"nofollow noopener\">Juan Diego Botto<\/a>.<\/b> Paula, Ra\u00fal y Dani podr\u00edan ser una familia m\u00e1s. Podr\u00edan serlo, de no ser porque Dani no es hijo de Paula, y \u00e9sta se enfrenta con el reto diario de demostrar que merece ostentar el \u201ct\u00edtulo\u201d de madre. Este conflicto, unido a la separaci\u00f3n de la pareja y, como consecuencia, la idea de que Paula pueda dejar de ver para siempre a Dani, nos plantea una historia que pone el dolor de un ni\u00f1o en el centro y lo desgarrador de las despedidas.<\/p>\n","protected":false},"excerpt":{"rendered":"\u00daltimo fin de semana del verano, y las diferentes plataformas de streaming que tenemos a nuestra disposici\u00f3n ofertan&hellip;\n","protected":false},"author":2,"featured_media":127209,"comment_status":"","ping_status":"","sticky":false,"template":"","format":"standard","meta":{"footnotes":""},"categories":[169],"tags":[177,146,147,25,24,176,175,23],"class_list":{"0":"post-127208","1":"post","2":"type-post","3":"status-publish","4":"format-standard","5":"has-post-thumbnail","7":"category-cine","8":"tag-cine","9":"tag-entertainment","10":"tag-entretenimiento","11":"tag-es","12":"tag-espana","13":"tag-film","14":"tag-movies","15":"tag-spain"},"share_on_mastodon":{"url":"","error":""},"_links":{"self":[{"href":"https:\/\/www.europesays.com\/es\/wp-json\/wp\/v2\/posts\/127208","targetHints":{"allow":["GET"]}}],"collection":[{"href":"https:\/\/www.europesays.com\/es\/wp-json\/wp\/v2\/posts"}],"about":[{"href":"https:\/\/www.europesays.com\/es\/wp-json\/wp\/v2\/types\/post"}],"author":[{"embeddable":true,"href":"https:\/\/www.europesays.com\/es\/wp-json\/wp\/v2\/users\/2"}],"replies":[{"embeddable":true,"href":"https:\/\/www.europesays.com\/es\/wp-json\/wp\/v2\/comments?post=127208"}],"version-history":[{"count":0,"href":"https:\/\/www.europesays.com\/es\/wp-json\/wp\/v2\/posts\/127208\/revisions"}],"wp:featuredmedia":[{"embeddable":true,"href":"https:\/\/www.europesays.com\/es\/wp-json\/wp\/v2\/media\/127209"}],"wp:attachment":[{"href":"https:\/\/www.europesays.com\/es\/wp-json\/wp\/v2\/media?parent=127208"}],"wp:term":[{"taxonomy":"category","embeddable":true,"href":"https:\/\/www.europesays.com\/es\/wp-json\/wp\/v2\/categories?post=127208"},{"taxonomy":"post_tag","embeddable":true,"href":"https:\/\/www.europesays.com\/es\/wp-json\/wp\/v2\/tags?post=127208"}],"curies":[{"name":"wp","href":"https:\/\/api.w.org\/{rel}","templated":true}]}}