{"id":127222,"date":"2025-09-20T10:34:09","date_gmt":"2025-09-20T10:34:09","guid":{"rendered":"https:\/\/www.europesays.com\/es\/127222\/"},"modified":"2025-09-20T10:34:09","modified_gmt":"2025-09-20T10:34:09","slug":"muere-una-berciana-de-20-anos-en-napoles-arrollada-por-un-joven-de-18","status":"publish","type":"post","link":"https:\/\/www.europesays.com\/es\/127222\/","title":{"rendered":"Muere una berciana de 20 a\u00f1os en N\u00e1poles arrollada por un joven de 18"},"content":{"rendered":"<p>                                    <img decoding=\"async\" loading=\"lazy\" src=\"https:\/\/www.europesays.com\/es\/wp-content\/uploads\/2025\/09\/6710bb0aae6c7.jpeg\" alt=\"Manuel F\u00e9lix L\u00f3pez\" width=\"40\" height=\"40\" data-full-src=\"https:\/\/www.europesays.com\/es\/wp-content\/uploads\/2025\/09\/6710bb0aae6c7.jpeg\"\/><\/p>\n<p class=\"paragraph\">Consternaci\u00f3n en Ponferrada y en la Universidad de Le\u00f3n, especialmente en el grado de Turismo. Una estudiante del programa Erasmus, de 20 a\u00f1os, perd\u00eda la vida en la madrugada de ayer despu\u00e9s de ser arrollada por un todoterreno cuando cruzaba un paso de cebra, en una calle de la ciudad italiana de N\u00e1poles. La ponferradina fallecida se llamaba Saray Arias Fern\u00e1ndez y hab\u00eda celebrado su \u00faltimo cumplea\u00f1os el pasado 16 de agosto.<\/p>\n<p class=\"paragraph\">La joven caminaba por el paso de cebra en la calle Corso Umberto I, a la altura del n\u00famero 87. Eran las 2.00 a.m., cuando la estudiante iba acompa\u00f1ada por un grupo de amigos y al cruzar la calle por el paso peatonal se acerc\u00f3 un todoterreno de la marca Range Rover de color gris, y se la llev\u00f3 por delante. El impacto del cuerpo de la joven qued\u00f3 reflejado en la parte derecha del parabrisas delantero del coche.<\/p>\n<p class=\"paragraph\">Al volante del todoterreno iba un joven de 18 a\u00f1os, que fren\u00f3, pero que ha sido puesto a disposici\u00f3n judicial por un presunto \u00abhomicidio vehicular\u00bb, seg\u00fan contaba ayer el periodista Piero Rossano para el peri\u00f3dico Corriere del Mezzogiorno.<\/p>\n<p class=\"paragraph\">La joven fallecida estaba en N\u00e1poles estudiando la titulaci\u00f3n universitaria de Turismo. Pertenec\u00eda a la Universidad de Le\u00f3n, pero gracias al intercambio universitario del Erasmus, segu\u00eda sus estudios en la italiana Universidad Parthenope, en la ciudad napolitana. En N\u00e1poles viv\u00eda en un barrio llamado Vasto, en una zona muy concurrida y popular, cerca de la estaci\u00f3n de ferrocarril y de la plaza Garibaldi. Seg\u00fan cont\u00f3 al peri\u00f3dico local una testiga llamada Pina Ricciardi, propietaria de un bar cercano al lugar del accidente mortal, \u00aben ese momento todav\u00eda est\u00e1bamos abiertos. O\u00edmos un golpe sordo. Salimos corriendo y vimos a esta pobre chica en el suelo, a\u00fan respirando\u00bb. La joven ponferradina fue atendida por personal m\u00e9dico en el lugar del suceso y fue trasladada de urgencia al Hospital del Mare. Dice el periodista Piero Rossano que, \u00aba pesar de someterse a una craneotom\u00eda descompresiva, falleci\u00f3 poco antes de las 8:00 a. m. (de ayer viernes), tras aproximadamente seis horas de intentos desesperados por mantenerla con vida\u00bb.<\/p>\n<p class=\"paragraph\">La Universidad de Le\u00f3n emit\u00eda una nota de prensa en la que indicaba que ha sido el Consulado espa\u00f1ol en N\u00e1poles quien ha notificado el fallecimiento a la Universidad de Le\u00f3n. \u00abLa Universidad de Le\u00f3n traslada su p\u00e9same a los familiares, amigos, compa\u00f1eros y profesores. La Universidad de Le\u00f3n est\u00e1 de luto. Esta p\u00e9rdida deja un vac\u00edo imposible de llenar\u00bb.<\/p>\n","protected":false},"excerpt":{"rendered":"Consternaci\u00f3n en Ponferrada y en la Universidad de Le\u00f3n, especialmente en el grado de Turismo. Una estudiante del&hellip;\n","protected":false},"author":2,"featured_media":127223,"comment_status":"","ping_status":"","sticky":false,"template":"","format":"standard","meta":{"footnotes":""},"categories":[8],"tags":[17,18,25,24,13,14,11,19,20,4108,9494,9,10,15,16,23,12,4664,21,22,41217,13112],"class_list":{"0":"post-127222","1":"post","2":"type-post","3":"status-publish","4":"format-standard","5":"has-post-thumbnail","7":"category-espana","8":"tag-breaking-news","9":"tag-breakingnews","10":"tag-es","11":"tag-espana","12":"tag-featured-news","13":"tag-featurednews","14":"tag-headlines","15":"tag-latest-news","16":"tag-latestnews","17":"tag-leon","18":"tag-napoles","19":"tag-news","20":"tag-noticias","21":"tag-noticias-destacadas","22":"tag-noticiasdestacadas","23":"tag-spain","24":"tag-titulares","25":"tag-turismo","26":"tag-ultimas-noticias","27":"tag-ultimasnoticias","28":"tag-universidad-de-leon","29":"tag-universidades"},"share_on_mastodon":{"url":"","error":""},"_links":{"self":[{"href":"https:\/\/www.europesays.com\/es\/wp-json\/wp\/v2\/posts\/127222","targetHints":{"allow":["GET"]}}],"collection":[{"href":"https:\/\/www.europesays.com\/es\/wp-json\/wp\/v2\/posts"}],"about":[{"href":"https:\/\/www.europesays.com\/es\/wp-json\/wp\/v2\/types\/post"}],"author":[{"embeddable":true,"href":"https:\/\/www.europesays.com\/es\/wp-json\/wp\/v2\/users\/2"}],"replies":[{"embeddable":true,"href":"https:\/\/www.europesays.com\/es\/wp-json\/wp\/v2\/comments?post=127222"}],"version-history":[{"count":0,"href":"https:\/\/www.europesays.com\/es\/wp-json\/wp\/v2\/posts\/127222\/revisions"}],"wp:featuredmedia":[{"embeddable":true,"href":"https:\/\/www.europesays.com\/es\/wp-json\/wp\/v2\/media\/127223"}],"wp:attachment":[{"href":"https:\/\/www.europesays.com\/es\/wp-json\/wp\/v2\/media?parent=127222"}],"wp:term":[{"taxonomy":"category","embeddable":true,"href":"https:\/\/www.europesays.com\/es\/wp-json\/wp\/v2\/categories?post=127222"},{"taxonomy":"post_tag","embeddable":true,"href":"https:\/\/www.europesays.com\/es\/wp-json\/wp\/v2\/tags?post=127222"}],"curies":[{"name":"wp","href":"https:\/\/api.w.org\/{rel}","templated":true}]}}