{"id":127228,"date":"2025-09-20T10:37:16","date_gmt":"2025-09-20T10:37:16","guid":{"rendered":"https:\/\/www.europesays.com\/es\/127228\/"},"modified":"2025-09-20T10:37:16","modified_gmt":"2025-09-20T10:37:16","slug":"la-ilusion-de-marco-perez-novedad-en-la-corrida-de-la-prensa","status":"publish","type":"post","link":"https:\/\/www.europesays.com\/es\/127228\/","title":{"rendered":"La ilusi\u00f3n de Marco P\u00e9rez, novedad en la Corrida de la Prensa"},"content":{"rendered":"<p class=\"ft-text\">Tras la corrida de toros celebrada ayer con el encierro de El Parralejo, asistimos hoy al \u00faltimo festejo de a pie de esta Feria de septiembre. Hablamos, adem\u00e1s, de la Corrida de la Prensa, la m\u00e1s antigua de cuantas en Espa\u00f1a se celebran. Arrancaron en 1914, con la presentaci\u00f3n de Juan Belmonte, y m\u00e1s de un siglo despu\u00e9s, para esta edici\u00f3n de 2025, est\u00e1n acartelados en Murcia los matadores Sebasti\u00e1n Castella, Emilio de Justo y Marco P\u00e9rez. Se medir\u00e1n ante los toros de Juan Pedro Domecq.<\/p>\n<p class=\"ft-text\">Sebasti\u00e1n Castella es la m\u00e1xima figura de la historia del toreo franc\u00e9s, siendo el \u00fanico que ha encabezado el escalaf\u00f3n, como lo hiciera en la temporada 2006. Tras anunciar su retirada al final de 2020, volvi\u00f3 en 2023 encerr\u00e1ndose con seis toros en la Plaza de Toros de Manizales, Colombia. Desde entonces mantiene una trayectoria consolidada entre las espadas m\u00e1s destacadas de la baraja.<\/p>\n<p class=\"ft-text\">Emilio de Justo es un torero cl\u00e1sico. Se ha convertido en uno de los predilectos de la capital espa\u00f1ola. Su estilo resulta inconfundible: aunque firme y poderoso, no peca de brusco. La espada es una de sus bazas principales, y pese a sufrir grandes percances, jam\u00e1s ha renunciado a la pureza.<\/p>\n<p class=\"ft-text\">Por \u00faltimo, Marco P\u00e9rez es la gran revelaci\u00f3n de la temporada. Triunfador de la pasada feria de Murcia como novillero, es uno de los m\u00e1s j\u00f3venes matadores del escalaf\u00f3n. Su cita este San Isidro fue de las tardes con mayor expectaci\u00f3n de todo el ciclo isidril. El viernes 30 de mayo se acartel\u00f3 en solitario con seis novillos de Fuente Ymbro y El Freixo, como ya hiciera El Juli para despedirse de Madrid como novillero. Tom\u00f3 la alternativa el 6 de junio en Nimes, de manos de Morante de la Puebla. Despu\u00e9s ha participado en festejos de todas las plazas importantes. Ser\u00e1 su segunda comparecencia como matador en la Regi\u00f3n, tras salir a hombros de la Plaza de la Deseada en la ciezana Feria de San Bartolom\u00e9.<\/p>\n<p class=\"ft-text\">Se cerrar\u00e1 as\u00ed la veda del toreo a pie en la Feria, aunque el ep\u00edlogo del serial lo pondr\u00e1 este domingo la tarde de rejones, con Diego Ventura como principal aliciente ante las reses de Los Espartales.<\/p>\n","protected":false},"excerpt":{"rendered":"Tras la corrida de toros celebrada ayer con el encierro de El Parralejo, asistimos hoy al \u00faltimo festejo&hellip;\n","protected":false},"author":2,"featured_media":127229,"comment_status":"","ping_status":"","sticky":false,"template":"","format":"standard","meta":{"footnotes":""},"categories":[277],"tags":[12978,373,1569,168,25,24,10957,3814,737,25295,738,2330,23,167,374,444],"class_list":{"0":"post-127228","1":"post","2":"type-post","3":"status-publish","4":"format-standard","5":"has-post-thumbnail","7":"category-toreo","8":"tag-antigua","9":"tag-bullfighting","10":"tag-corrida","11":"tag-deportes","12":"tag-es","13":"tag-espana","14":"tag-fin-de-semana","15":"tag-ilusion","16":"tag-marco","17":"tag-novedad","18":"tag-perez","19":"tag-prensa","20":"tag-spain","21":"tag-sports","22":"tag-toreo","23":"tag-toros"},"share_on_mastodon":{"url":"","error":""},"_links":{"self":[{"href":"https:\/\/www.europesays.com\/es\/wp-json\/wp\/v2\/posts\/127228","targetHints":{"allow":["GET"]}}],"collection":[{"href":"https:\/\/www.europesays.com\/es\/wp-json\/wp\/v2\/posts"}],"about":[{"href":"https:\/\/www.europesays.com\/es\/wp-json\/wp\/v2\/types\/post"}],"author":[{"embeddable":true,"href":"https:\/\/www.europesays.com\/es\/wp-json\/wp\/v2\/users\/2"}],"replies":[{"embeddable":true,"href":"https:\/\/www.europesays.com\/es\/wp-json\/wp\/v2\/comments?post=127228"}],"version-history":[{"count":0,"href":"https:\/\/www.europesays.com\/es\/wp-json\/wp\/v2\/posts\/127228\/revisions"}],"wp:featuredmedia":[{"embeddable":true,"href":"https:\/\/www.europesays.com\/es\/wp-json\/wp\/v2\/media\/127229"}],"wp:attachment":[{"href":"https:\/\/www.europesays.com\/es\/wp-json\/wp\/v2\/media?parent=127228"}],"wp:term":[{"taxonomy":"category","embeddable":true,"href":"https:\/\/www.europesays.com\/es\/wp-json\/wp\/v2\/categories?post=127228"},{"taxonomy":"post_tag","embeddable":true,"href":"https:\/\/www.europesays.com\/es\/wp-json\/wp\/v2\/tags?post=127228"}],"curies":[{"name":"wp","href":"https:\/\/api.w.org\/{rel}","templated":true}]}}