{"id":127234,"date":"2025-09-20T10:42:21","date_gmt":"2025-09-20T10:42:21","guid":{"rendered":"https:\/\/www.europesays.com\/es\/127234\/"},"modified":"2025-09-20T10:42:21","modified_gmt":"2025-09-20T10:42:21","slug":"vuelve-colapinto-y-la-f1-tv-y-horarios-para-ver-el-gran-premio-de-paises-bajos","status":"publish","type":"post","link":"https:\/\/www.europesays.com\/es\/127234\/","title":{"rendered":"Vuelve Colapinto y la F1: TV y horarios para ver el Gran Premio de Pa\u00edses Bajos"},"content":{"rendered":"<p>Tras el receso de verano,<strong> la F\u00f3rmula 1 vuelve con el Gran Premio de Pa\u00edses Bajos<\/strong>, donde la lucha por el campeonato de pilotos entre <strong>Oscar Piastri y Lando Norris<\/strong> promete encender la recta final. <strong>McLaren ya se asegur\u00f3 el t\u00edtulo de Constructores<\/strong>, por lo que toda la tensi\u00f3n se traslada al duelo interno de sus corredores.<\/p>\n<p>El fin de semana podr\u00eda estar marcado por la incertidumbre: <strong>se espera un 40 por ciento\u00a0de probabilidades de lluvia en cada jornada<\/strong> y temperaturas bajas que beneficiar\u00edan a equipos como Ferrari y Mercedes. Con la F1 cada vez m\u00e1s cauta para dejar correr bajo agua, el desarrollo del GP puede volverse impredecible.<br \/>&#13;<br \/>\n<img decoding=\"async\" style=\"max-width: 100%; width: 100%;\" alt=\"Alpine\" src=\"https:\/\/www.europesays.com\/es\/wp-content\/uploads\/2025\/08\/alpine-2025690.jpg\" loading=\"lazy\"\/><br \/>&#13;<br \/>\nPara <strong>Franco Colapinto<\/strong>, el panorama no es f\u00e1cil. <strong>El Alpine A525 es un auto inestable, con d\u00e9ficit de potencia y sin actualizaciones a la vista. <\/strong>A esto se suma un equipo en plena crisis: Oliver Oakes fue despedido, David Wheater renunci\u00f3 y Francis Stokes, jefe de mec\u00e1nicos, dej\u00f3 su puesto en B\u00e9lgica. El arribo de <strong>Steve Nielsen como director<\/strong> desde septiembre busca encarrilar un proyecto que, por ahora, se hunde en el fondo de la parrilla.<\/p>\n<p>El trazado neerland\u00e9s, de <strong>4,2 km y 14 curvas<\/strong>, combina peraltes, cambios de altura y zonas angostas que complican los sobrepasos. La clasificaci\u00f3n es determinante: casi siempre gana quien larga en primera fila. Este a\u00f1o, <strong>Pirelli llevar\u00e1 los compuestos medios (C2, C3 y C4)<\/strong>, y la FIA elev\u00f3 la velocidad en boxes a 80 km\/h, reduciendo el tiempo de parada a unos 15 segundos.<\/p>\n<p>Construido en 1948 y con primeras carreras en 1952, <strong>Zandvoort regres\u00f3 al calendario en 2021 tras su gran remodelaci\u00f3n<\/strong>. <strong>Max Verstappen<\/strong> gan\u00f3 all\u00ed en 2021, 2022 y 2023, mientras que el r\u00e9cord de vuelta sigue en manos del neerland\u00e9s con 1:08.885. El GP se despedir\u00e1 en 2026, ya que no hubo acuerdo para renovar su lugar fijo en el calendario.<\/p>\n<p><strong>Agenda del GP (hora de Argentina)<\/strong><\/p>\n<ul>&#13;<\/p>\n<li>&#13;\n<p><strong>Viernes 29: Pr\u00e1ctica Libre 1 \u2013 7:30 \/ Pr\u00e1ctica Libre 2 \u2013 11:00<\/strong><\/p>\n<p>&#13;\n\t<\/li>\n<p>&#13;<\/p>\n<li>&#13;\n<p><strong>S\u00e1bado 30: Pr\u00e1ctica Libre 3 \u2013 6:30 \/ Clasificaci\u00f3n \u2013 11:00<\/strong><\/p>\n<p>&#13;\n\t<\/li>\n<p>&#13;<\/p>\n<li>&#13;\n<p><strong>Domingo 31:<\/strong> Carrera \u2013 10:00<\/p>\n<p>&#13;\n\t<\/li>\n<p>&#13;\n<\/ul>\n<p>Se podr\u00e1 seguir en <strong>Disney Plus Premium<\/strong> y <strong>Fox Sports<\/strong>.<\/p>\n<p>Galer\u00eda de im\u00e1genes<\/p>\n<p>\t\t\t\t\t\t\t\t\t\t\t\t\t\t\t\t\t\t\t<a href=\"https:\/\/fotos.perfil.com\/2025\/08\/27\/alpine-2087382.jpg\" title=\"Alpine\" rel=\"nofollow noopener\" target=\"_blank\"><\/p>\n<p>                <img loading=\"lazy\" decoding=\"async\" alt=\"Alpine\" class=\"img-fluid\" src=\"https:\/\/www.europesays.com\/es\/wp-content\/uploads\/2025\/09\/alpine-2087382.jpg\" width=\"360\" height=\"203\"\/><\/p>\n<p>\t\t\t\t\t\t\t\t\t\t<\/a><br \/>\n\t\t\t\t\t\t\t\t\t\t\t\t\t\t\t\t\t\t\t<a href=\"https:\/\/fotos.perfil.com\/2025\/05\/19\/alpine-2025690.jpg\" title=\"Alpine\" rel=\"nofollow noopener\" target=\"_blank\"><\/p>\n<p>                <img loading=\"lazy\" decoding=\"async\" alt=\"Alpine\" class=\"img-fluid\" src=\"https:\/\/www.europesays.com\/es\/wp-content\/uploads\/2025\/08\/1754115731_244_alpine-2025690.jpg\" width=\"360\" height=\"203\"\/><\/p>\n<p>\t\t\t\t\t\t\t\t\t\t<\/a><\/p>\n<p>Tambi\u00e9n te puede interesar<\/p>\n","protected":false},"excerpt":{"rendered":"Tras el receso de verano, la F\u00f3rmula 1 vuelve con el Gran Premio de Pa\u00edses Bajos, donde la&hellip;\n","protected":false},"author":2,"featured_media":127235,"comment_status":"","ping_status":"","sticky":false,"template":"","format":"standard","meta":{"footnotes":""},"categories":[270],"tags":[168,25,24,306,271,272,23,167],"class_list":{"0":"post-127234","1":"post","2":"type-post","3":"status-publish","4":"format-standard","5":"has-post-thumbnail","7":"category-formula-1","8":"tag-deportes","9":"tag-es","10":"tag-espana","11":"tag-f1","12":"tag-formula-1","13":"tag-formula1","14":"tag-spain","15":"tag-sports"},"share_on_mastodon":{"url":"","error":""},"_links":{"self":[{"href":"https:\/\/www.europesays.com\/es\/wp-json\/wp\/v2\/posts\/127234","targetHints":{"allow":["GET"]}}],"collection":[{"href":"https:\/\/www.europesays.com\/es\/wp-json\/wp\/v2\/posts"}],"about":[{"href":"https:\/\/www.europesays.com\/es\/wp-json\/wp\/v2\/types\/post"}],"author":[{"embeddable":true,"href":"https:\/\/www.europesays.com\/es\/wp-json\/wp\/v2\/users\/2"}],"replies":[{"embeddable":true,"href":"https:\/\/www.europesays.com\/es\/wp-json\/wp\/v2\/comments?post=127234"}],"version-history":[{"count":0,"href":"https:\/\/www.europesays.com\/es\/wp-json\/wp\/v2\/posts\/127234\/revisions"}],"wp:featuredmedia":[{"embeddable":true,"href":"https:\/\/www.europesays.com\/es\/wp-json\/wp\/v2\/media\/127235"}],"wp:attachment":[{"href":"https:\/\/www.europesays.com\/es\/wp-json\/wp\/v2\/media?parent=127234"}],"wp:term":[{"taxonomy":"category","embeddable":true,"href":"https:\/\/www.europesays.com\/es\/wp-json\/wp\/v2\/categories?post=127234"},{"taxonomy":"post_tag","embeddable":true,"href":"https:\/\/www.europesays.com\/es\/wp-json\/wp\/v2\/tags?post=127234"}],"curies":[{"name":"wp","href":"https:\/\/api.w.org\/{rel}","templated":true}]}}