{"id":127241,"date":"2025-09-20T10:46:07","date_gmt":"2025-09-20T10:46:07","guid":{"rendered":"https:\/\/www.europesays.com\/es\/127241\/"},"modified":"2025-09-20T10:46:07","modified_gmt":"2025-09-20T10:46:07","slug":"antonio-lopez-se-suma-a-la-fiesta-goyesca-de-fuendetodos-el-arte-tiene-que-estar-en-la-calle-entre-la-gente-heraldo-es","status":"publish","type":"post","link":"https:\/\/www.europesays.com\/es\/127241\/","title":{"rendered":"Antonio L\u00f3pez se suma a la fiesta goyesca de Fuendetodos: &quot;El arte tiene que estar en la calle, entre la gente&quot; &#8211; heraldo.es"},"content":{"rendered":"<ol>\n<li><a href=\"https:\/\/news.google.com\/rss\/articles\/CBMizAFBVV95cUxNeDZmWnNBUERjVVZza0k3WTZZbmlWb1VIVEJNN3dtZlAwNXpTVzhIVWhtQWIwZmdZSm1uSHhlVS1TcnhEQTZVc0dteFF2RDc1NkU2STM0WVllQ3RfZlRyX0hTR0FzMEJxT0NFeThRQ2JqZjdCWWJYUlRPcjE5ckowTFp0Qk1QcGxKT1EtWmR6MUlPd1dRSlhicHUwVzJmWFdMcHIwSGdrQ2FRejdzZkt4d3FoWEFDclF4T0JyRC04bDNoTHdHbDhqOEY2Y0I?oc=5\" target=\"_blank\" rel=\"nofollow noopener\">Antonio L\u00f3pez se suma a la fiesta goyesca de Fuendetodos: \u00abEl arte tiene que estar en la calle, entre la gente\u00bb<\/a>&nbsp;&nbsp;heraldo.es<\/li>\n<li><a href=\"https:\/\/news.google.com\/rss\/articles\/CBMioAFBVV95cUxNUVBOZ0t2bUlvNko2ZzVuOE43NTZzeDBROTdVYnFZS0dWa3I0bldHM3NMa1NfUjVLWXU1STh4bEgyRmV3dC05dkdHRmQ3V1paQmdJbUhLeV9RVklQa3lmeTJYTERTWjRxdXF0Z0JqWm02Vm83WUFTamE3RmlZT2gycHZxN2JzeXRtS3Nxd1gzWnQ3dWZieXBCblhydUI5b29u?oc=5\" target=\"_blank\" rel=\"nofollow noopener\">Goya vuelve a Fuendetodos (Zaragoza) en bronce con una escultura de Antonio L\u00f3pez y Andr\u00e9s Ib\u00e1\u00f1ez<\/a>&nbsp;&nbsp;EFE &#8211; Agencia de noticias<\/li>\n<li><a href=\"https:\/\/news.google.com\/rss\/articles\/CBMiggFBVV95cUxNWVQ1ckZrRXBBQm9MZXNfNno3S2NjbFB1TzNnZFF3M1o1d1NjZG85WGtPTThLeVZzMVROWTlmMk1QSmo1Q0FmRk92RXhfZEFHTEpkazZOaXBfamdVSkx4UkV1S3lmaVRkamFwTnI5TnhLMVFXQ25GZFhoNUNScEV5TElB?oc=5\" target=\"_blank\" rel=\"nofollow noopener\">Fiesta Goyesca de Fuendetodos 2025<\/a>&nbsp;&nbsp;Turismo de Arag\u00f3n<\/li>\n<li><a href=\"https:\/\/news.google.com\/rss\/articles\/CBMiowFBVV95cUxNanZuSWlkSmo1NzlzTXEzY2ZBYUhtNGpkcWlHNzFzZGlfc2FSLTZxMTJQUmtlMktLa2lWZ1RmdkVSN2RMWjNIeFBPMnpjWUxMSTZGMlJlQWh2UG1ISlFWN1YtUXBFN2RuSHlpNDJGRDlRYTVVd0ZiYzN3d2QzZFZaZXo5SXBkdFMydVVOTzBmbW4zbzdrcFM2eTJ2dDUtc3lHWkpV0gGoAUFVX3lxTE45THdCRWo2Wmh5M1E1WW4tT1NudW5ONTNlZFdYVFpyVTA5RFZQQUxad2htc3VyUF9qRGJuNlBlSl9FczAxZHRLeTVOSGFmbGVHYjdnVjNJYkVEelNnTlNLMC1GazlDTzBQLXdZY2Z3Qnp1WlRGZ0dOYjRMcE1TU3psOEUzLVNYSGI4SlFjSFRNcGNsTUVyX0FHY0xPTVRjSnlYbTlhM2xKNw?oc=5\" target=\"_blank\" rel=\"nofollow noopener\">Francisco de Goya naci\u00f3 en Fuendetodos<\/a>&nbsp;&nbsp;El Peri\u00f3dico de Arag\u00f3n<\/li>\n<li><a href=\"https:\/\/news.google.com\/rss\/articles\/CBMimwFBVV95cUxNS3dyQ3BHeUcwVVRSaVU1M0Q0bzRiNS1OYzlXcGI5ZGJFc1Nib2FDLTVyTWFCbWRCUmZzX3pIbHJZOXB2TTBlYUhTZjFQZ1RZQmJJUzlxREZXZE9TWTVFcEpQd0lteGtiSy14cU52SnF5N3FPT0JlblA5UHFTUGRuOVlQLUl3dWtHMjRiWWNOcmdmZnhhU3o3a1Zfbw?oc=5\" target=\"_blank\" rel=\"nofollow noopener\">Fuente de Todos: la cuna de Goya y el nuevo homenaje en bronce<\/a>&nbsp;&nbsp;KISS FM<\/li>\n<\/ol>\n","protected":false},"excerpt":{"rendered":"Antonio L\u00f3pez se suma a la fiesta goyesca de Fuendetodos: \u00abEl arte tiene que estar en la calle,&hellip;\n","protected":false},"author":2,"featured_media":127242,"comment_status":"","ping_status":"","sticky":false,"template":"","format":"standard","meta":{"footnotes":""},"categories":[173],"tags":[40876,229,233,231,230,232,234,146,147,25,24,32997,3980,23],"class_list":{"0":"post-127241","1":"post","2":"type-post","3":"status-publish","4":"format-standard","5":"has-post-thumbnail","7":"category-arte-y-diseno","8":"tag-antonio-lopez","9":"tag-arte","10":"tag-arte-y-diseno","11":"tag-arts","12":"tag-arts-and-design","13":"tag-design","14":"tag-diseno","15":"tag-entertainment","16":"tag-entretenimiento","17":"tag-es","18":"tag-espana","19":"tag-fuendetodos","20":"tag-goya","21":"tag-spain"},"share_on_mastodon":{"url":"","error":""},"_links":{"self":[{"href":"https:\/\/www.europesays.com\/es\/wp-json\/wp\/v2\/posts\/127241","targetHints":{"allow":["GET"]}}],"collection":[{"href":"https:\/\/www.europesays.com\/es\/wp-json\/wp\/v2\/posts"}],"about":[{"href":"https:\/\/www.europesays.com\/es\/wp-json\/wp\/v2\/types\/post"}],"author":[{"embeddable":true,"href":"https:\/\/www.europesays.com\/es\/wp-json\/wp\/v2\/users\/2"}],"replies":[{"embeddable":true,"href":"https:\/\/www.europesays.com\/es\/wp-json\/wp\/v2\/comments?post=127241"}],"version-history":[{"count":0,"href":"https:\/\/www.europesays.com\/es\/wp-json\/wp\/v2\/posts\/127241\/revisions"}],"wp:featuredmedia":[{"embeddable":true,"href":"https:\/\/www.europesays.com\/es\/wp-json\/wp\/v2\/media\/127242"}],"wp:attachment":[{"href":"https:\/\/www.europesays.com\/es\/wp-json\/wp\/v2\/media?parent=127241"}],"wp:term":[{"taxonomy":"category","embeddable":true,"href":"https:\/\/www.europesays.com\/es\/wp-json\/wp\/v2\/categories?post=127241"},{"taxonomy":"post_tag","embeddable":true,"href":"https:\/\/www.europesays.com\/es\/wp-json\/wp\/v2\/tags?post=127241"}],"curies":[{"name":"wp","href":"https:\/\/api.w.org\/{rel}","templated":true}]}}