{"id":127251,"date":"2025-09-20T10:52:10","date_gmt":"2025-09-20T10:52:10","guid":{"rendered":"https:\/\/www.europesays.com\/es\/127251\/"},"modified":"2025-09-20T10:52:10","modified_gmt":"2025-09-20T10:52:10","slug":"el-nuevo-comite-asesor-acuerda-restringir-acceso-a-vacunas-contra-el-coronavirus-en-ee-uu","status":"publish","type":"post","link":"https:\/\/www.europesays.com\/es\/127251\/","title":{"rendered":"El nuevo comit\u00e9 asesor acuerda restringir acceso a vacunas contra el coronavirus en EE UU"},"content":{"rendered":"<p><b>El nuevo Comit\u00e9 Asesor sobre Pr\u00e1cticas de Inmunizaci\u00f3n de Estados Unidos acord\u00f3 este viernes de forma un\u00e1nime restringir el acceso a las vacunas contra el coronavirus al interponer una consulta m\u00e9dica antes de recibir una dosis. <\/b><\/p>\n<p>La comisi\u00f3n elimin\u00f3 la recomendaci\u00f3n vigente que obligaba a que todos los mayores de seis meses deb\u00edan recibir la vacuna anualmente y recomend\u00f3 que la inyecci\u00f3n debe suministrarse bajo \u00abdecisiones cl\u00ednicas compartidas\u00bb, seg\u00fan reportan medios estadounidenses.<\/p>\n<p><b>La nueva medida a\u00fan no tiene lineamientos sobre su aplicaci\u00f3n pero supone generar complicaciones para acceder a la vacuna en farmacias porque previamente deber\u00e1n tener la recomendaci\u00f3n expl\u00edcita de un m\u00e9dico. <\/b><\/p>\n<p>Adem\u00e1s, la propuesta para alentar a los estados y localidades a exigir expl\u00edcitamente recetas para las vacunas contra el coronavirus fracas\u00f3 por poco.<\/p>\n<p>El secretario de Salud, Robert Kennedy Jr., un conocido activista antivacunas, despidi\u00f3 en junio a todos los integrantes de esa comisi\u00f3n alegando preocupaci\u00f3n por \u00abconflictos de intereses\u00bb y los reemplaz\u00f3 con nuevos miembros, muchos de los cuales son conocidos por sus cr\u00edticas a los programas de vacunaci\u00f3n obligatorios.<\/p>\n<p><b>Esta semana, Susan Monarez, exdirectora de los Centros para el Control y Prevenci\u00f3n de Enfernmedades (CDC), denunci\u00f3 ante el Senado que fue cesada de su cargo en agosto por \u00abdefender la integridad cient\u00edfica\u00bb y advirti\u00f3 que el secretario de Salud planea cambiar este mes los esquemas de vacunaci\u00f3n infantil.<\/b><\/p>\n<p>Seg\u00fan explic\u00f3, Kennedy le dijo que hablaba con el presidente, Donald Trump, \u00aba diario sobre cambiar el calendario de vacunaci\u00f3n infantil\u00bb a partir de septiembre.<\/p>\n<p>En agosto, la Administraci\u00f3n de Alimentos y Medicamentos limit\u00f3 la aprobaci\u00f3n de las vacunas actualizadas contra el coronavirus para personas de 65 a\u00f1os o m\u00e1s y a las personas con enfermedades cr\u00f3nicas que elevan su riesgo de padecer una enfermedad grave.<\/p>\n<p><b>La sociedad m\u00e9dica estadounidense, como organizaciones de pediatras de California, ha reaccionado con preocupaci\u00f3n a los cambios en los esquemas de vacunaci\u00f3n advirtiendo que las limitaciones de acceso podr\u00edan generar nuevos brotes.<\/b><\/p>\n","protected":false},"excerpt":{"rendered":"El nuevo Comit\u00e9 Asesor sobre Pr\u00e1cticas de Inmunizaci\u00f3n de Estados Unidos acord\u00f3 este viernes de forma un\u00e1nime restringir&hellip;\n","protected":false},"author":2,"featured_media":127252,"comment_status":"","ping_status":"","sticky":false,"template":"","format":"standard","meta":{"footnotes":""},"categories":[92],"tags":[25,24,165,166,23],"class_list":{"0":"post-127251","1":"post","2":"type-post","3":"status-publish","4":"format-standard","5":"has-post-thumbnail","7":"category-salud","8":"tag-es","9":"tag-espana","10":"tag-health","11":"tag-salud","12":"tag-spain"},"share_on_mastodon":{"url":"","error":""},"_links":{"self":[{"href":"https:\/\/www.europesays.com\/es\/wp-json\/wp\/v2\/posts\/127251","targetHints":{"allow":["GET"]}}],"collection":[{"href":"https:\/\/www.europesays.com\/es\/wp-json\/wp\/v2\/posts"}],"about":[{"href":"https:\/\/www.europesays.com\/es\/wp-json\/wp\/v2\/types\/post"}],"author":[{"embeddable":true,"href":"https:\/\/www.europesays.com\/es\/wp-json\/wp\/v2\/users\/2"}],"replies":[{"embeddable":true,"href":"https:\/\/www.europesays.com\/es\/wp-json\/wp\/v2\/comments?post=127251"}],"version-history":[{"count":0,"href":"https:\/\/www.europesays.com\/es\/wp-json\/wp\/v2\/posts\/127251\/revisions"}],"wp:featuredmedia":[{"embeddable":true,"href":"https:\/\/www.europesays.com\/es\/wp-json\/wp\/v2\/media\/127252"}],"wp:attachment":[{"href":"https:\/\/www.europesays.com\/es\/wp-json\/wp\/v2\/media?parent=127251"}],"wp:term":[{"taxonomy":"category","embeddable":true,"href":"https:\/\/www.europesays.com\/es\/wp-json\/wp\/v2\/categories?post=127251"},{"taxonomy":"post_tag","embeddable":true,"href":"https:\/\/www.europesays.com\/es\/wp-json\/wp\/v2\/tags?post=127251"}],"curies":[{"name":"wp","href":"https:\/\/api.w.org\/{rel}","templated":true}]}}