{"id":127267,"date":"2025-09-20T11:00:29","date_gmt":"2025-09-20T11:00:29","guid":{"rendered":"https:\/\/www.europesays.com\/es\/127267\/"},"modified":"2025-09-20T11:00:29","modified_gmt":"2025-09-20T11:00:29","slug":"segunda-corrida-de-la-feria-de-guadalajara-a-los-aleas-ni-los-veas","status":"publish","type":"post","link":"https:\/\/www.europesays.com\/es\/127267\/","title":{"rendered":"Segunda corrida de la Feria de Guadalajara: A los Aleas&#8230;ni los veas"},"content":{"rendered":"<p><strong>Cr\u00f3nica de Miguel Redondo<\/strong><\/p>\n<p><strong>A los de Aleas, ni los veas!<\/strong><\/p>\n<p>Esta frase la acu\u00f1aron\u00a0a esta ganader\u00eda las figuras del siglo XIX, antes de que la comprara el actual ganadero, don Jos\u00e9 V\u00e1zquez. Los antiguos ganaderos hab\u00edan mezclado\u00a0vacas de jijona y un toro de Santa Coloma. La antig\u00fcedad de esta ganader\u00eda \u2013la m\u00e1s antigua de Espa\u00f1a, con el \u00a0hierro del 9\u2013 data del 1788 y precisamente sus toros no los quer\u00edan ver las figuras por su aspereza y complicada lidia. Hoy solo queda el hierro. El nuevo propietario\u00a0 elimin\u00f3 la parte de Santa Coloma, para comprar a Zalduendo lo que hoy hemos visto en la plaza: unos toros desrazados y faltos\u00a0de toda emoci\u00f3n.<\/p>\n<p>Por la ma\u00f1ana el encierro fue un caos, sin que nadie tomara la direcci\u00f3n para conducir el desencierro al encierro, 45 minutos de dudas e incertidumbres sin saber qui\u00e9n es el patr\u00f3n de un barco a la deriva.<\/p>\n<p>Ficha:\u00a0 2 del Abono de la Feria de la Antigua.<\/p>\n<p>Tarde veraniega, casi tres cuartos de plaza. Mano a mano entre los diestros Gin\u00e9s Mar\u00edn y V\u00edctor Hern\u00e1ndez. Ofici\u00f3 de Sobresaliente el Salmantino \u00c1lvaro de la Calle, estuvo correcto cortando el toro a los banderilleros , pero no le permitieron hacer ning\u00fan quite.<\/p>\n<p>Corrida desigual de presentaci\u00f3n, algunos toros sin remate ni presencia para plaza de segunda categor\u00eda.<\/p>\n<p>Gin\u00e9s Mar\u00edn, ovaci\u00f3n, oreja con m\u00ednima petici\u00f3n y ovaci\u00f3n.<\/p>\n<p>V\u00edctor Hern\u00e1ndez.\u00a0 Ovaci\u00f3n, Silencio y Silencio.<\/p>\n<p>Buena entrada para el mano a mano entre Gin\u00e9s Mar\u00edn y V\u00edctor Hern\u00e1ndez en una tarde donde no se cumplieron las expectativas de los aficionados seguidores de ambos diestros, pinch\u00f3 otra vez la ganader\u00eda del hierro madrile\u00f1o de Jos\u00e9 V\u00e1zquez con una mansa y desrazada corrida.<\/p>\n<p>Gin\u00e9s Mar\u00edn<\/p>\n<p>Gin\u00e9s Mar\u00edn lance\u00f3 a la ver\u00f3nica con cadencia y ritmo a su primero, tras un picotazo, ni para un an\u00e1lisis sangr\u00f3 el toro. Quit\u00f3 por Tafalleras el jerezano. Susto en banderillas, fue cogido por la taleguilla el banderillero Fernando P\u00e9rez a la salida del par, tras ser examinado en la enfermer\u00eda ten\u00eda un varetazo en el muslo derecho. Brind\u00f3 Gin\u00e9s al respetable una faena que comenz\u00f3 dobl\u00e1ndose por abajo, nobleza y celo en las primeras series, Gin\u00e9s le dio espacio al toro entre serie y serie, le cost\u00f3 m\u00e1s pasar por el pit\u00f3n izquierdo y el toro se fue desinflando terminando rajando. Dej\u00f3 una estocada corta algo desprendida, tras una leve petici\u00f3n fue ovacionado.<\/p>\n<p>El tercero le permiti\u00f3 recogerlo de capa en el toreo fundamental,\u00a0entr\u00f3 al relance y derrib\u00f3 a Guillermo Mar\u00edn, padre de Gin\u00e9s, teniendo una mala ca\u00edda y quedando debajo del peto del caballo por unos segundos; afortunadamente, se libr\u00f3 de un percance mayor. Inici\u00f3 Mar\u00edn la faena con la montera calada, ante un toro sin alma, que apenas pasaba, llegando al paso en la distancia corta, sin la posibilidad de ligar, sin fondo, sin fuerza, sin casta, sin nada, como me dec\u00eda el maestro Jaime Ostos era mi abuela Carlota. Gin\u00e9s puso de su parte sin aburrirse pero aquello no remont\u00f3 qued\u00e1ndose el de Jos\u00e9 V\u00e1zquez a mitad del muletazo. Dej\u00f3 una estocada en el rinc\u00f3n de Ordo\u00f1ez que fue suficiente tras una leve petici\u00f3n cort\u00f3 la \u00fanica oreja de la tarde, un regalito.<\/p>\n<p>El quinto, fue un toro bien presentado, con cierto remate lo llev\u00f3 toreando a la ver\u00f3nica desde el tercio hasta la boca de riego para abrochar los lances con dos medias, sensacional comienzo. Faena que inici\u00f3 de una forma vetusta, con ayudados por alto a dos manos, lo cit\u00f3 en la media distancia y le permiti\u00f3 ligar hasta cuatro derechazos para abrochar la serie con el de pecho, faena con el clasicismo que atesora Gin\u00e9s, con los cambios de mano y los remates por abajo, mientras el de Jos\u00e9 V\u00e1zquez se lo permiti\u00f3. Dej\u00f3 media en buen siti\u00f3 teniendo que usar la cruceta siendo ovacionado tras una leve petici\u00f3n.<\/p>\n<p>V\u00edctor Hern\u00e1ndez<\/p>\n<p>V\u00edctor Hern\u00e1ndez tuvo luces y sombras a pesar de tener siempre al p\u00fablico a su favor, siendo este un gran torero, con muchas posibilidades de subirse al tren. Con su primero segundo de la tarde destac\u00f3 en un quite por Tafalleras. Brind\u00f3 su faena al p\u00fablico. Comenzando con muletazos por alto que era lo que el toro ped\u00eda por su acentuada debilidad, faena de altibajos en la que destac\u00f3 en una serie con la diestra, el toro nunca se defini\u00f3 de embestidas desiguales, V\u00edctor estuvo insistiendo\u00a0y cuando estaba la faena pr\u00e1cticamente terminada le tir\u00f3 un derrote seco al pecho mientras finalizaba unas manoletinas, lo pinch\u00f3 dejando una estocada tendida y atravesada. Fue silenciado.<\/p>\n<p>El cuarto sali\u00f3 suelto, abanto de salida, con la dificultad que tuvo en dos momentos, quiso arrollar a V\u00edctor cuando se dispon\u00eda a llevarlo al caballo y a su banderillero Marcos Prieto dando la sensaci\u00f3n de que no ve\u00eda\u00a0 en la cercan\u00eda. Defecto que luego se corrigi\u00f3 en la faena de muleta. V\u00edctor lo llev\u00f3 sin obligarlo, aprovechando las inercias; le cost\u00f3 humillar y apenas transmiti\u00f3. Dej\u00f3 una estocada ca\u00edda, teniendo que descabellar. Fue silenciado.<\/p>\n<p>El \u00faltimo cartucho, ante el sexto, de mayor presencia, enmorrillado. Brind\u00f3 su faena a la ganadera alcarre\u00f1a Sandra Sope\u00f1a.\u00a0 Al de Jos\u00e9 V\u00e1zquez lo recogi\u00f3 de hinojos desde los medios, con dos cambiados por la espalda. Aquello parec\u00eda eclosionar con un p\u00fablico a favor, pero poco a poco el toro se fue apagando y se los fue robando de uno en uno sin que la faena tomara vuelo: dos pinchazos y siete descabellos. <\/p>\n<p>As\u00ed termin\u00f3 una tarde donde el p\u00fablico se qued\u00f3 con ganas de mucho m\u00e1s. Como dec\u00eda Luis Miguel Domingu\u00edn, los toros son arte, morbo y tragedia. Para que eso pase, el toro tiene que ser bravo, que asuste al p\u00fablico, que los de arriba no sientan que son capaces de hacer lo que hacen los de abajo.<\/p>\n<p>\u2022\u2022\u2022\u00a0La tarde, bajo el objetivo de\u00a0<strong>Luis D\u00edaz Viejo<\/strong> \u2022\u2022\u2022\u00a0<\/p>\n<p><img loading=\"lazy\" decoding=\"async\" width=\"1024\" height=\"683\" data-id=\"173399\" src=\"https:\/\/www.europesays.com\/es\/wp-content\/uploads\/2025\/09\/20250919-corrida-guadalajara-1-1024x683.jpg\" alt=\"\" class=\"wp-image-173399\"  \/><\/p>\n<p><img loading=\"lazy\" decoding=\"async\" width=\"683\" height=\"1024\" data-id=\"173400\" src=\"https:\/\/www.europesays.com\/es\/wp-content\/uploads\/2025\/09\/20250919-corrida-guadalajara-2-683x1024.jpg\" alt=\"\" class=\"wp-image-173400\"  \/><\/p>\n<p><img loading=\"lazy\" decoding=\"async\" width=\"1024\" height=\"683\" data-id=\"173401\" src=\"https:\/\/www.europesays.com\/es\/wp-content\/uploads\/2025\/09\/20250919-corrida-guadalajara-3-1024x683.jpg\" alt=\"\" class=\"wp-image-173401\"  \/><\/p>\n<p><img loading=\"lazy\" decoding=\"async\" width=\"1024\" height=\"683\" data-id=\"173402\" src=\"https:\/\/www.europesays.com\/es\/wp-content\/uploads\/2025\/09\/20250919-corrida-guadalajara-4-1024x683.jpg\" alt=\"\" class=\"wp-image-173402\"  \/><\/p>\n<p><img loading=\"lazy\" decoding=\"async\" width=\"1024\" height=\"683\" data-id=\"173403\" src=\"https:\/\/www.europesays.com\/es\/wp-content\/uploads\/2025\/09\/20250919-corrida-guadalajara-5-1024x683.jpg\" alt=\"\" class=\"wp-image-173403\"  \/><\/p>\n<p><img loading=\"lazy\" decoding=\"async\" width=\"1024\" height=\"683\" data-id=\"173404\" src=\"https:\/\/www.europesays.com\/es\/wp-content\/uploads\/2025\/09\/20250919-corrida-guadalajara-6-1024x683.jpg\" alt=\"\" class=\"wp-image-173404\"  \/><\/p>\n<p><img loading=\"lazy\" decoding=\"async\" width=\"1024\" height=\"683\" data-id=\"173405\" src=\"https:\/\/www.europesays.com\/es\/wp-content\/uploads\/2025\/09\/20250919-corrida-guadalajara-7-1024x683.jpg\" alt=\"\" class=\"wp-image-173405\"  \/><\/p>\n<p><img loading=\"lazy\" decoding=\"async\" width=\"1024\" height=\"683\" data-id=\"173406\" src=\"https:\/\/www.europesays.com\/es\/wp-content\/uploads\/2025\/09\/20250919-corrida-guadalajara-8-1024x683.jpg\" alt=\"\" class=\"wp-image-173406\"  \/><\/p>\n<p><img loading=\"lazy\" decoding=\"async\" width=\"1024\" height=\"683\" data-id=\"173407\" src=\"https:\/\/www.europesays.com\/es\/wp-content\/uploads\/2025\/09\/20250919-corrida-guadalajara-9-1024x683.jpg\" alt=\"\" class=\"wp-image-173407\"  \/><\/p>\n<p><img loading=\"lazy\" decoding=\"async\" width=\"1024\" height=\"683\" data-id=\"173408\" src=\"https:\/\/www.europesays.com\/es\/wp-content\/uploads\/2025\/09\/20250919-corrida-guadalajara-10-1024x683.jpg\" alt=\"\" class=\"wp-image-173408\"  \/><\/p>\n<p><img loading=\"lazy\" decoding=\"async\" width=\"1024\" height=\"683\" data-id=\"173409\" src=\"https:\/\/www.europesays.com\/es\/wp-content\/uploads\/2025\/09\/20250919-corrida-guadalajara-11-1024x683.jpg\" alt=\"\" class=\"wp-image-173409\"  \/><\/p>\n<p><img loading=\"lazy\" decoding=\"async\" width=\"1024\" height=\"683\" data-id=\"173410\" src=\"https:\/\/www.europesays.com\/es\/wp-content\/uploads\/2025\/09\/20250919-corrida-guadalajara-12-1024x683.jpg\" alt=\"\" class=\"wp-image-173410\"  \/><\/p>\n<p><img loading=\"lazy\" decoding=\"async\" width=\"1024\" height=\"683\" data-id=\"173411\" src=\"https:\/\/www.europesays.com\/es\/wp-content\/uploads\/2025\/09\/20250919-corrida-guadalajara-13-1024x683.jpg\" alt=\"\" class=\"wp-image-173411\"  \/><\/p>\n<p><img loading=\"lazy\" decoding=\"async\" width=\"1024\" height=\"683\" data-id=\"173412\" src=\"https:\/\/www.europesays.com\/es\/wp-content\/uploads\/2025\/09\/20250919-corrida-guadalajara-14-1024x683.jpg\" alt=\"\" class=\"wp-image-173412\"  \/><\/p>\n<p><img loading=\"lazy\" decoding=\"async\" width=\"1024\" height=\"683\" data-id=\"173413\" src=\"https:\/\/www.europesays.com\/es\/wp-content\/uploads\/2025\/09\/20250919-corrida-guadalajara-15-1024x683.jpg\" alt=\"\" class=\"wp-image-173413\"  \/><\/p>\n<p><img loading=\"lazy\" decoding=\"async\" width=\"1024\" height=\"683\" data-id=\"173414\" src=\"https:\/\/www.europesays.com\/es\/wp-content\/uploads\/2025\/09\/20250919-corrida-guadalajara-16-1024x683.jpg\" alt=\"\" class=\"wp-image-173414\"  \/><\/p>\n<p><img loading=\"lazy\" decoding=\"async\" width=\"1024\" height=\"683\" data-id=\"173415\" src=\"https:\/\/www.europesays.com\/es\/wp-content\/uploads\/2025\/09\/20250919-corrida-guadalajara-17-1024x683.jpg\" alt=\"\" class=\"wp-image-173415\"  \/><\/p>\n<p><img loading=\"lazy\" decoding=\"async\" width=\"1024\" height=\"683\" data-id=\"173416\" src=\"https:\/\/www.europesays.com\/es\/wp-content\/uploads\/2025\/09\/20250919-corrida-guadalajara-18-1024x683.jpg\" alt=\"\" class=\"wp-image-173416\"  \/><\/p>\n<p><img loading=\"lazy\" decoding=\"async\" width=\"1024\" height=\"683\" data-id=\"173417\" src=\"https:\/\/www.europesays.com\/es\/wp-content\/uploads\/2025\/09\/20250919-corrida-guadalajara-19-1024x683.jpg\" alt=\"\" class=\"wp-image-173417\"  \/><\/p>\n<p><img loading=\"lazy\" decoding=\"async\" width=\"1024\" height=\"683\" data-id=\"173418\" src=\"https:\/\/www.europesays.com\/es\/wp-content\/uploads\/2025\/09\/20250919-corrida-guadalajara-20-1024x683.jpg\" alt=\"\" class=\"wp-image-173418\"  \/><\/p>\n<p><img loading=\"lazy\" decoding=\"async\" width=\"1024\" height=\"683\" data-id=\"173419\" src=\"https:\/\/www.europesays.com\/es\/wp-content\/uploads\/2025\/09\/20250919-corrida-guadalajara-21-1024x683.jpg\" alt=\"\" class=\"wp-image-173419\"  \/><\/p>\n<p><img loading=\"lazy\" decoding=\"async\" width=\"1024\" height=\"683\" data-id=\"173420\" src=\"https:\/\/www.europesays.com\/es\/wp-content\/uploads\/2025\/09\/20250919-corrida-guadalajara-22-1024x683.jpg\" alt=\"\" class=\"wp-image-173420\"  \/><\/p>\n<p><img loading=\"lazy\" decoding=\"async\" width=\"1024\" height=\"683\" data-id=\"173421\" src=\"https:\/\/www.europesays.com\/es\/wp-content\/uploads\/2025\/09\/20250919-corrida-guadalajara-23-1024x683.jpg\" alt=\"\" class=\"wp-image-173421\"  \/><\/p>\n<p><img loading=\"lazy\" decoding=\"async\" width=\"1024\" height=\"683\" data-id=\"173422\" src=\"https:\/\/www.europesays.com\/es\/wp-content\/uploads\/2025\/09\/20250919-corrida-guadalajara-24-1024x683.jpg\" alt=\"\" class=\"wp-image-173422\"  \/><\/p>\n<p><img loading=\"lazy\" decoding=\"async\" width=\"1024\" height=\"683\" data-id=\"173423\" src=\"https:\/\/www.europesays.com\/es\/wp-content\/uploads\/2025\/09\/20250919-corrida-guadalajara-25-1024x683.jpg\" alt=\"\" class=\"wp-image-173423\"  \/><\/p>\n<p><img loading=\"lazy\" decoding=\"async\" width=\"1024\" height=\"683\" data-id=\"173424\" src=\"https:\/\/www.europesays.com\/es\/wp-content\/uploads\/2025\/09\/20250919-corrida-guadalajara-26-1024x683.jpg\" alt=\"\" class=\"wp-image-173424\"  \/><\/p>\n","protected":false},"excerpt":{"rendered":"Cr\u00f3nica de Miguel Redondo A los de Aleas, ni los veas! Esta frase la acu\u00f1aron\u00a0a esta ganader\u00eda las&hellip;\n","protected":false},"author":2,"featured_media":127268,"comment_status":"","ping_status":"","sticky":false,"template":"","format":"standard","meta":{"footnotes":""},"categories":[277],"tags":[373,168,25,24,6606,439,23,167,374,444],"class_list":{"0":"post-127267","1":"post","2":"type-post","3":"status-publish","4":"format-standard","5":"has-post-thumbnail","7":"category-toreo","8":"tag-bullfighting","9":"tag-deportes","10":"tag-es","11":"tag-espana","12":"tag-ferias","13":"tag-guadalajara","14":"tag-spain","15":"tag-sports","16":"tag-toreo","17":"tag-toros"},"share_on_mastodon":{"url":"","error":""},"_links":{"self":[{"href":"https:\/\/www.europesays.com\/es\/wp-json\/wp\/v2\/posts\/127267","targetHints":{"allow":["GET"]}}],"collection":[{"href":"https:\/\/www.europesays.com\/es\/wp-json\/wp\/v2\/posts"}],"about":[{"href":"https:\/\/www.europesays.com\/es\/wp-json\/wp\/v2\/types\/post"}],"author":[{"embeddable":true,"href":"https:\/\/www.europesays.com\/es\/wp-json\/wp\/v2\/users\/2"}],"replies":[{"embeddable":true,"href":"https:\/\/www.europesays.com\/es\/wp-json\/wp\/v2\/comments?post=127267"}],"version-history":[{"count":0,"href":"https:\/\/www.europesays.com\/es\/wp-json\/wp\/v2\/posts\/127267\/revisions"}],"wp:featuredmedia":[{"embeddable":true,"href":"https:\/\/www.europesays.com\/es\/wp-json\/wp\/v2\/media\/127268"}],"wp:attachment":[{"href":"https:\/\/www.europesays.com\/es\/wp-json\/wp\/v2\/media?parent=127267"}],"wp:term":[{"taxonomy":"category","embeddable":true,"href":"https:\/\/www.europesays.com\/es\/wp-json\/wp\/v2\/categories?post=127267"},{"taxonomy":"post_tag","embeddable":true,"href":"https:\/\/www.europesays.com\/es\/wp-json\/wp\/v2\/tags?post=127267"}],"curies":[{"name":"wp","href":"https:\/\/api.w.org\/{rel}","templated":true}]}}