{"id":127269,"date":"2025-09-20T11:03:09","date_gmt":"2025-09-20T11:03:09","guid":{"rendered":"https:\/\/www.europesays.com\/es\/127269\/"},"modified":"2025-09-20T11:03:09","modified_gmt":"2025-09-20T11:03:09","slug":"el-dia-que-pudimos-ver-a-nadal-y-federer-en-la-misma-pista-y-juntos-nunca-lo-olvidare","status":"publish","type":"post","link":"https:\/\/www.europesays.com\/es\/127269\/","title":{"rendered":"El d\u00eda que pudimos ver a Nadal y Federer en la misma pista y juntos: \u201cNunca lo olvidar\u00e9\u201d"},"content":{"rendered":"<p data-mrf-recirculation=\"Links P\u00e1rrafos\" class=\"ue-c-article__paragraph paragraph ue-c-article--first-letter-highlighted\">Mientras una nueva edici\u00f3n de la <strong>Laver Cup<\/strong> se disputa este fin de semana, la memoria del aficionado del tenis regresa a aquel instante que qued\u00f3 grabado en la memoria colectiva del deporte. Un momento que trascendi\u00f3 raquetas, rankings y t\u00edtulos<strong>. Se trata de la noche en Londres en la que Roger Federer jug\u00f3 el \u00faltimo partido de su carrera, y lo hizo al lado de Rafael Nadal, en la Laver Cup de aquella edici\u00f3n.<\/strong><\/p>\n<p data-mrf-recirculation=\"Links P\u00e1rrafos\" class=\"ue-c-article__paragraph paragraph\">Esa imagen fue m\u00e1s que una despedida. Fue una declaraci\u00f3n de principios, una lecci\u00f3n de respeto y una celebraci\u00f3n del deporte en su forma m\u00e1s pura. <strong>Federer se desped\u00eda y, en lugar de hacerlo en solitario, eligi\u00f3 a su mayor rival para que lo acompa\u00f1ara en la pista. Pero no como adversario, sino como aliado, como amigo.<\/strong><\/p>\n<p data-mrf-recirculation=\"Links P\u00e1rrafos\" class=\"ue-c-article__paragraph paragraph\">\u201cLlam\u00e9 a Nadal despu\u00e9s del US Open\u201d, record\u00f3 Federer en una entrevista. \u201cEsper\u00e9 a que terminara su participaci\u00f3n en el torneo para comentarle mi retirada. Quer\u00eda dec\u00edrselo antes de que hiciera planes sin la Laver Cup\u201d, a\u00f1adi\u00f3.<strong> As\u00ed comenz\u00f3 el cap\u00edtulo final de una historia que, durante casi dos d\u00e9cadas, defini\u00f3 una era dorada del tenis.<\/strong><\/p>\n<p>El suizo le pidi\u00f3 que jugara un \u00faltimo partido de dobles con \u00e9l en el O2 Arena de Londres con motivo de la Laver Cup y Rafa dio un paso al frente<\/p>\n<p data-mrf-recirculation=\"Links P\u00e1rrafos\" class=\"ue-c-article__paragraph paragraph\">Seg\u00fan cont\u00f3 el suizo, la posibilidad de jugar ese \u00faltimo dobles no estaba del todo clara:\u201cLe dije por tel\u00e9fono que posiblemente estuviera al 50% o en un 60-40 de jugar en dobles. Le dije: \u2018Mira, te mantendr\u00e9 informado. T\u00fa me dices c\u00f3mo te van las cosas por casa y volvemos a hablar\u2019\u201d. Pero no hizo falta esperar mucho<strong>. Nadal, fiel a su car\u00e1cter generoso y comprometido, no lo dud\u00f3. \u201c\u2018Har\u00e9 todo lo posible para estar all\u00ed contigo\u2019, me dijo. Y eso fue algo incre\u00edble para m\u00ed\u201d, confes\u00f3 Federer.<\/strong><\/p>\n<p>Una despedida emotiva<\/p>\n<p data-mrf-recirculation=\"Links P\u00e1rrafos\" class=\"ue-c-article__paragraph paragraph\">Aquel 23 de septiembre de 2022, en el O2 Arena de Londres, Europa se enfrentaba a Resto del Mundo en la tradicional Laver Cup. Pero para el mundo del tenis, el verdadero espect\u00e1culo estaba en el partido que cerraba la jornada: <strong>Roger Federer y Rafael Nadal, como pareja en el circuito profesional, enfrent\u00e1ndose a Jack Sock y Frances Tiafoe.<\/strong><\/p>\n<p data-mrf-recirculation=\"Links P\u00e1rrafos\" class=\"ue-c-article__paragraph paragraph\">M\u00e1s all\u00e1 del resultado (victoria para el equipo rival en un apretado super tie-break), la noche fue un homenaje. Las c\u00e1maras enfocaban los rostros emocionados de Novak Djokovic, Andy Murray, Bj\u00f6rn Borg y todos los compa\u00f1eros del equipo europeo. <strong>Pero nada fue tan elocuente como ver a Nadal llorando junto a Federer, tomados de la mano, mientras el estadio se pon\u00eda en pie.<\/strong><\/p>\n<p data-mrf-recirculation=\"Links P\u00e1rrafos\" class=\"ue-c-article__paragraph paragraph\"><strong>La rivalidad entre Federer y Nadal, que comenz\u00f3 en 2004, fue una de las m\u00e1s intensas y a la vez m\u00e1s respetuosas en la historia del deporte<\/strong>. En total, se enfrentaron 40 veces (con 24 triunfos para Nadal), y disputaron algunas de las finales m\u00e1s \u00e9picas que se recuerdan: Wimbledon 2008, Australia 2017, Roland Garros 2006, por mencionar solo algunas.<\/p>\n<p><img decoding=\"async\" width=\"1080\" height=\"1347\" class=\"ue-c-article__image lazyload\" alt=\"Rafa Nadal y Roger Federer en Pula Golf (Mallorca)\" loading=\"lazy\" src=\"https:\/\/www.europesays.com\/es\/wp-content\/uploads\/2025\/09\/6880078c32845.jpeg\"\/><\/p>\n<p>Rafa Nadal y Roger Federer en Pula Golf (Mallorca)<\/p>\n<p data-mrf-recirculation=\"Links P\u00e1rrafos\" class=\"ue-c-article__paragraph paragraph\">Pero lo que ocurri\u00f3 en Londres fue distinto. <strong>Fue el cierre perfecto de una historia que, contra todo pron\u00f3stico, termin\u00f3 en amistad.<\/strong> \u201cTodo termin\u00f3 mejor de lo que jam\u00e1s habr\u00eda imaginado. Fue un esfuerzo incre\u00edble de Rafa y nunca olvidar\u00e9 lo que hizo por m\u00ed en Londres\u201d, concluy\u00f3 Federer.<\/p>\n","protected":false},"excerpt":{"rendered":"Mientras una nueva edici\u00f3n de la Laver Cup se disputa este fin de semana, la memoria del aficionado&hellip;\n","protected":false},"author":2,"featured_media":127270,"comment_status":"","ping_status":"","sticky":false,"template":"","format":"standard","meta":{"footnotes":""},"categories":[274],"tags":[168,25,24,23,167,327,326],"class_list":{"0":"post-127269","1":"post","2":"type-post","3":"status-publish","4":"format-standard","5":"has-post-thumbnail","7":"category-tenis","8":"tag-deportes","9":"tag-es","10":"tag-espana","11":"tag-spain","12":"tag-sports","13":"tag-tenis","14":"tag-tennis"},"share_on_mastodon":{"url":"","error":""},"_links":{"self":[{"href":"https:\/\/www.europesays.com\/es\/wp-json\/wp\/v2\/posts\/127269","targetHints":{"allow":["GET"]}}],"collection":[{"href":"https:\/\/www.europesays.com\/es\/wp-json\/wp\/v2\/posts"}],"about":[{"href":"https:\/\/www.europesays.com\/es\/wp-json\/wp\/v2\/types\/post"}],"author":[{"embeddable":true,"href":"https:\/\/www.europesays.com\/es\/wp-json\/wp\/v2\/users\/2"}],"replies":[{"embeddable":true,"href":"https:\/\/www.europesays.com\/es\/wp-json\/wp\/v2\/comments?post=127269"}],"version-history":[{"count":0,"href":"https:\/\/www.europesays.com\/es\/wp-json\/wp\/v2\/posts\/127269\/revisions"}],"wp:featuredmedia":[{"embeddable":true,"href":"https:\/\/www.europesays.com\/es\/wp-json\/wp\/v2\/media\/127270"}],"wp:attachment":[{"href":"https:\/\/www.europesays.com\/es\/wp-json\/wp\/v2\/media?parent=127269"}],"wp:term":[{"taxonomy":"category","embeddable":true,"href":"https:\/\/www.europesays.com\/es\/wp-json\/wp\/v2\/categories?post=127269"},{"taxonomy":"post_tag","embeddable":true,"href":"https:\/\/www.europesays.com\/es\/wp-json\/wp\/v2\/tags?post=127269"}],"curies":[{"name":"wp","href":"https:\/\/api.w.org\/{rel}","templated":true}]}}