{"id":127273,"date":"2025-09-20T11:05:07","date_gmt":"2025-09-20T11:05:07","guid":{"rendered":"https:\/\/www.europesays.com\/es\/127273\/"},"modified":"2025-09-20T11:05:07","modified_gmt":"2025-09-20T11:05:07","slug":"podemos-luchar-por-la-victoria","status":"publish","type":"post","link":"https:\/\/www.europesays.com\/es\/127273\/","title":{"rendered":"Podemos luchar por la victoria&#8230;"},"content":{"rendered":"<p class=\"L6-news-detail__text\"><b><a title=\"Max Verstappen\" href=\"https:\/\/www.lasexta.com\/noticias\/deportes\/motor\/formula1\/llamativa-reaccion-hadjar-cuando-preguntan-puede-ser-companero-verstappen-asusta_2025091968cd4705a2dd1a7e0d0bbce6.html\" target=\"_blank\" rel=\"nofollow noopener\">Max Verstappen<\/a><\/b> ha llegado a Bak\u00fa con las pilas bien cargadas. Tras su contundente <b>victoria en Monza<\/b>, el piloto neerland\u00e9s vuelve a atravesar un momento dulce a los mandos de un <b><a title=\"Red Bull\" href=\"https:\/\/www.lasexta.com\/noticias\/deportes\/motor\/formula1\/fernando-alonso-llamativo-motivo-que-red-bull-debe-fichar-bortoleto_2025091768cae8310b5fe14a1b80a06c.html\" target=\"_blank\" rel=\"nofollow noopener\">Red Bull<\/a><\/b> que parece volver a ser competitivo.<\/p>\n<p class=\"L6-news-detail__text\">Y es que en Milton Keynes conf\u00edan en el desempe\u00f1o del RB21 de cara a este Gran Premio de Azerbaiy\u00e1n. Uno de los m\u00e1s positivos en <b>Helmut Marko<\/b>, quien no ha dudado en resaltar la importancia de contar con un piloto como Max y que conf\u00eda en el ritmo de carrera del tetracampe\u00f3n.<\/p>\n<p class=\"L6-news-detail__text\">\u201c<b>Las tandas largas parecen prometedoras<\/b>. Creo que <b>estamos en condiciones de volver a luchar<\/b> delante. Para las simulaciones de clasificaci\u00f3n, todav\u00eda necesitamos encontrar entre una d\u00e9cima y una d\u00e9cima y media, pero eso es posible con la puesta a punto\u201d, se\u00f1al\u00f3 el asesor de <b>Red Bull<\/b>.<\/p>\n<p class=\"L6-news-detail__text\">Sin embargo, en clasificaci\u00f3n, parece que a Red Bull le puede costar algo m\u00e1s: \u201cAlrededor de <b>media d\u00e9cima<\/b>, lo que me hace pensar que tampoco estaremos tan lejos en la calificaci\u00f3n. Ambos pilotos chocaron contra el muro, as\u00ed que sus tiempos de clasificaci\u00f3n no son representativos\u201d,<\/p>\n<p class=\"L6-news-detail__text\">\u201cCreo que podemos demostrar aqu\u00ed que <b>Monza no fue un caso aislado<\/b>. Creo que ma\u00f1ana <b>podemos estar entre los tres primeros<\/b> durante la clasificaci\u00f3n y eso significa que <b>podemos luchar por la victoria<\/b> en la carrera. En ese sentido, es definitivamente un paso adelante y <b>Max pelear\u00e1<\/b>\u201d, concluy\u00f3.<\/p>\n<p class=\"L6-support-news-video__title\">&#8216;El Chiringuito&#8217;<\/p>\n<p>            <a href=\"https:\/\/www.lasexta.com\/noticias\/deportes\/ciclismo\/brutal-discurso-oscar-pereiro-protestas-vuelta-estuve-muy-jodido-nos-han-utilizado-politicamente_2025091868cbaba2394a81387389dc59.html\" class=\"L6-news__link\" rel=\"nofollow noopener\" target=\"_blank\"><br \/>\n                Brutal discurso de \u00d3scar Pereiro sobre las protestas en La Vuelta: \u00abEstuve muy jodido, nos han utilizado pol\u00edticamente\u00bb<\/p>\n<p class=\"recirculation-video-desc\">El exciclista, embajador de La Vuelta, lo pas\u00f3 muy mal con lo ocurrido en la carrera: \u00abNos han acribillado a insultos&#8230; nos han tirado orina y chinchetas\u00bb.<\/p>\n<p>            <\/a><\/p>\n","protected":false},"excerpt":{"rendered":"Max Verstappen ha llegado a Bak\u00fa con las pilas bien cargadas. Tras su contundente victoria en Monza, el&hellip;\n","protected":false},"author":2,"featured_media":127274,"comment_status":"","ping_status":"","sticky":false,"template":"","format":"standard","meta":{"footnotes":""},"categories":[270],"tags":[168,25,24,306,271,272,23,167],"class_list":{"0":"post-127273","1":"post","2":"type-post","3":"status-publish","4":"format-standard","5":"has-post-thumbnail","7":"category-formula-1","8":"tag-deportes","9":"tag-es","10":"tag-espana","11":"tag-f1","12":"tag-formula-1","13":"tag-formula1","14":"tag-spain","15":"tag-sports"},"share_on_mastodon":{"url":"","error":""},"_links":{"self":[{"href":"https:\/\/www.europesays.com\/es\/wp-json\/wp\/v2\/posts\/127273","targetHints":{"allow":["GET"]}}],"collection":[{"href":"https:\/\/www.europesays.com\/es\/wp-json\/wp\/v2\/posts"}],"about":[{"href":"https:\/\/www.europesays.com\/es\/wp-json\/wp\/v2\/types\/post"}],"author":[{"embeddable":true,"href":"https:\/\/www.europesays.com\/es\/wp-json\/wp\/v2\/users\/2"}],"replies":[{"embeddable":true,"href":"https:\/\/www.europesays.com\/es\/wp-json\/wp\/v2\/comments?post=127273"}],"version-history":[{"count":0,"href":"https:\/\/www.europesays.com\/es\/wp-json\/wp\/v2\/posts\/127273\/revisions"}],"wp:featuredmedia":[{"embeddable":true,"href":"https:\/\/www.europesays.com\/es\/wp-json\/wp\/v2\/media\/127274"}],"wp:attachment":[{"href":"https:\/\/www.europesays.com\/es\/wp-json\/wp\/v2\/media?parent=127273"}],"wp:term":[{"taxonomy":"category","embeddable":true,"href":"https:\/\/www.europesays.com\/es\/wp-json\/wp\/v2\/categories?post=127273"},{"taxonomy":"post_tag","embeddable":true,"href":"https:\/\/www.europesays.com\/es\/wp-json\/wp\/v2\/tags?post=127273"}],"curies":[{"name":"wp","href":"https:\/\/api.w.org\/{rel}","templated":true}]}}