{"id":127277,"date":"2025-09-20T11:07:09","date_gmt":"2025-09-20T11:07:09","guid":{"rendered":"https:\/\/www.europesays.com\/es\/127277\/"},"modified":"2025-09-20T11:07:09","modified_gmt":"2025-09-20T11:07:09","slug":"el-psg-responde-al-real-madrid","status":"publish","type":"post","link":"https:\/\/www.europesays.com\/es\/127277\/","title":{"rendered":"El PSG responde al Real Madrid"},"content":{"rendered":"<p>                        El mismo d\u00eda que el club blanco anunciaba el fichaje de la neerlandesa Keukelaar, el parisino, rival de las madridistas en la Champions League, comunicaba la llegada de dos brasile\u00f1as\n<\/p>\n<p><img src=\"https:\/\/www.mundodeportivo.com\/files\/image_449_220\/files\/fp\/uploads\/2025\/09\/20\/68ce6d54c6cae.r_d.1121-616-2192.jpeg\" data-full-src=\"https:\/\/www.europesays.com\/es\/wp-content\/uploads\/2025\/09\/68ce6d54c6cae.jpeg\" alt=\"Isabela Chagas deja el Cruzeiro para recalar en el PSG\" width=\"449\" height=\"220\" class=\"nolazy\" decoding=\"async\" fetchpriority=\"high\"\/><\/p>\n<p class=\"caption-title \">Isabela Chagas deja el Cruzeiro para recalar en el PSG<\/p>\n<p>                <img loading=\"lazy\" decoding=\"async\" width=\"60\" height=\"60\" alt=\"El PSG responde al Real Madrid\" title=\"\" src=\"\/files\/image_60_60\/uploads\/2021\/07\/26\/60fef0981c818.png\" class=\"lazy\"\/><\/p>\n<p>\n                        Actualizado a  20\/09\/2025 12:11 CEST\n                    <\/p>\n<p data-gtm-element-container=\"modulo-texto-link\" class=\"paragraph\">Ayer viernes se daban a conocer los grupos de la Fase Liga de la <strong>Champions League<\/strong> y al <strong>Real Madrid <\/strong>le toc\u00f3, entre los que ser\u00e1n sus rivales, el <strong>PSG <\/strong>de Olga Carmona. Caprichos del destino. Horas despu\u00e9s del sorteo celebrado en Nyon (Suiza), el club blanco anunciaba un fichaje de \u00faltima hora: el de la neerlandesa del<strong> Ajax Lotte Keukelaar<\/strong>.\u00a0<\/p>\n<p data-gtm-element-container=\"modulo-texto-link\" class=\"paragraph\">La futbolista <a href=\"https:\/\/www.mundodeportivo.com\/futbol\/real-madrid\/20250919\/1002535205\/fichaje-real-madrid-ultimo-dia-mercado.html\" target=\"_blank\" rel=\"nofollow noopener\">firm\u00f3 para las cinco pr\u00f3ximas temporadas <\/a>(se dice que por 350.000 euros) y es el \u00faltimo de los numerosos fichajes que ha hecho el Real Madrid este verano, en una clara declaraci\u00f3n de intenciones de su apuesta por el f\u00fatbol femenino. Pero el PSG respondi\u00f3 al tiempo con el anuncio de un doble fichaje.\u00a0<\/p>\n<p>    Lee tambi\u00e9n<\/p>\n<p data-gtm-element-container=\"modulo-texto-link\" class=\"paragraph\">Se trata de las brasile\u00f1as Yaya, centrocampista de 23 a\u00f1os y llega procedente del Corinthians. Ha firmado hasta junio de 2028. Y luego la lateral Isabela Chagas, que tiene 24 y llega del Cruzeiro. Tambi\u00e9n ha firmado un contrato para las tres pr\u00f3ximas temporadas. Sin duda buenos refuerzos para una temporada que, tanto en el caso del Real Madrid como en el del PSG, estar\u00e1 repleta de partidos.\u00a0<\/p>\n<p>\n        Mostrar comentarios\n    <\/p>\n<p>{\u00aballowComment\u00bb:\u00bballowed\u00bb,\u00bbarticleId\u00bb:\u00bbarticle-1002535500&#8243;,\u00bburl\u00bb:\u00bbhttps:\\\/\\\/www.mundodeportivo.com\\\/futbol\\\/femenino\\\/20250920\\\/1002535500\\\/psg-responde-real-madrid-doble-fichaje.html\u00bb,\u00bblivefyre-url\u00bb:\u00bbarticle-1002535500&#8243;}<\/p>\n<p>Cargando siguiente contenido&#8230;\n                <\/p>\n","protected":false},"excerpt":{"rendered":"El mismo d\u00eda que el club blanco anunciaba el fichaje de la neerlandesa Keukelaar, el parisino, rival de&hellip;\n","protected":false},"author":2,"featured_media":127278,"comment_status":"","ping_status":"","sticky":false,"template":"","format":"standard","meta":{"footnotes":""},"categories":[268],"tags":[168,25,24,280,282,281,23,167],"class_list":{"0":"post-127277","1":"post","2":"type-post","3":"status-publish","4":"format-standard","5":"has-post-thumbnail","7":"category-futbol","8":"tag-deportes","9":"tag-es","10":"tag-espana","11":"tag-football","12":"tag-futbol","13":"tag-soccer","14":"tag-spain","15":"tag-sports"},"share_on_mastodon":{"url":"","error":""},"_links":{"self":[{"href":"https:\/\/www.europesays.com\/es\/wp-json\/wp\/v2\/posts\/127277","targetHints":{"allow":["GET"]}}],"collection":[{"href":"https:\/\/www.europesays.com\/es\/wp-json\/wp\/v2\/posts"}],"about":[{"href":"https:\/\/www.europesays.com\/es\/wp-json\/wp\/v2\/types\/post"}],"author":[{"embeddable":true,"href":"https:\/\/www.europesays.com\/es\/wp-json\/wp\/v2\/users\/2"}],"replies":[{"embeddable":true,"href":"https:\/\/www.europesays.com\/es\/wp-json\/wp\/v2\/comments?post=127277"}],"version-history":[{"count":0,"href":"https:\/\/www.europesays.com\/es\/wp-json\/wp\/v2\/posts\/127277\/revisions"}],"wp:featuredmedia":[{"embeddable":true,"href":"https:\/\/www.europesays.com\/es\/wp-json\/wp\/v2\/media\/127278"}],"wp:attachment":[{"href":"https:\/\/www.europesays.com\/es\/wp-json\/wp\/v2\/media?parent=127277"}],"wp:term":[{"taxonomy":"category","embeddable":true,"href":"https:\/\/www.europesays.com\/es\/wp-json\/wp\/v2\/categories?post=127277"},{"taxonomy":"post_tag","embeddable":true,"href":"https:\/\/www.europesays.com\/es\/wp-json\/wp\/v2\/tags?post=127277"}],"curies":[{"name":"wp","href":"https:\/\/api.w.org\/{rel}","templated":true}]}}