{"id":127285,"date":"2025-09-20T11:11:08","date_gmt":"2025-09-20T11:11:08","guid":{"rendered":"https:\/\/www.europesays.com\/es\/127285\/"},"modified":"2025-09-20T11:11:08","modified_gmt":"2025-09-20T11:11:08","slug":"los-creadores-de-la-casa-de-papel-dan-las-claves-del-nuevo-exito-de-netflix-el-refugio-atomico-esta-serie-tiene-mas-mala-leche","status":"publish","type":"post","link":"https:\/\/www.europesays.com\/es\/127285\/","title":{"rendered":"Los creadores de \u2018La Casa de Papel\u2019 dan las claves del nuevo \u00e9xito de Netflix, \u2018El refugio at\u00f3mico\u2019: \u201cEsta serie tiene m\u00e1s mala leche\u201d"},"content":{"rendered":"<p>Tr\u00e1iler de &#8216;El refugio at\u00f3mico&#8217;<\/p>\n<p class=\"paragraph\">Han pasado cuatro a\u00f1os desde el final de <b>La Casa de Papel<\/b> y, como sucede con los Mundiales de f\u00fatbol, ya iba tocando un relevo. No es que no haya habido grandes series espa\u00f1olas entre medias, pero s\u00ed se echaba en falta un gran concepto y una nueva galer\u00eda de personajes tan moralmente cuestionables como carism\u00e1ticos a su manera. Los creadores de aquel \u00e9xito de televisi\u00f3n que traspas\u00f3 fronteras y es un fen\u00f3meno mundial muy vigente regresan a <a href=\"https:\/\/www.infobae.com\/espana\/cultura\/2025\/09\/03\/cuando-se-estrena-el-refugio-atomico-la-nueva-serie-de-netflix-de-los-creadores-de-la-casa-de-papel\/\" target=\"_blank\" rel=\"noreferrer nofollow noopener\" title=\"https:\/\/www.infobae.com\/espana\/cultura\/2025\/09\/03\/cuando-se-estrena-el-refugio-atomico-la-nueva-serie-de-netflix-de-los-creadores-de-la-casa-de-papel\/\">Netflix <\/a>con una serie dispuesta a seguir los pasos de R\u00edo, Tokio y El Profesor, pero haci\u00e9ndolo a su manera.<\/p>\n<p class=\"paragraph\"><b>El refugio at\u00f3mico<\/b> nos trae la historia de un grupo de exc\u00e9ntricos multimillonarios, los cuales se refugian en un gran <a href=\"https:\/\/www.infobae.com\/espana\/cultura\/2025\/08\/30\/los-10-estrenos-de-series-mas-esperados-de-septiembre-en-netflix-disney-y-hbo-de-miercoles-a-el-refugio-atomico\/\" target=\"_blank\" rel=\"noreferrer nofollow noopener\" title=\"https:\/\/www.infobae.com\/espana\/cultura\/2025\/08\/30\/los-10-estrenos-de-series-mas-esperados-de-septiembre-en-netflix-disney-y-hbo-de-miercoles-a-el-refugio-atomico\/\">b\u00fanker<\/a> ante el estallido de una crisis global y la amenaza de un desastre nuclear que arrase el planeta. Pero el lugar al que van a parar est\u00e1 lejos de la idea tradicional de b\u00fanker, ya que promete todos los lujos y comodidades que han podido disfrutar en la superficie: catering privado \u2014al estilo buffet, eso s\u00ed\u2014, actividades de descanso y relajaci\u00f3n, gimnasio y mucho m\u00e1s. Sin embargo, las diferentes personas llegan all\u00ed arrastrando sus propios problemas, entre ellos los de dos familias enfrentadas por un tr\u00e1gico accidente que marc\u00f3 su pasado, y que ahora no les deja avanzar al futuro. Si es que existe un futuro m\u00e1s all\u00e1 de esas paredes.<\/p>\n<p class=\"paragraph\">Tal y como explica <b>\u00c1lex Pina<\/b>, cocreador de <a href=\"https:\/\/www.infobae.com\/espana\/2023\/06\/20\/asi-es-la-vida-de-las-estrellas-de-la-casa-de-papel-seis-anos-despues-de-su-estreno-de-ursula-corbero-a-maria-pedraza\/\" target=\"_blank\" rel=\"noreferrer nofollow noopener\" title=\"https:\/\/www.infobae.com\/espana\/2023\/06\/20\/asi-es-la-vida-de-las-estrellas-de-la-casa-de-papel-seis-anos-despues-de-su-estreno-de-ursula-corbero-a-maria-pedraza\/\">La Casa de Papel<\/a> y autor de esta nueva serie junto a <b>Esther Mart\u00ednez Lobato<\/b>\u2014-quien tambi\u00e9n trabaj\u00f3 como guionista en La Casa de Papel\u2014, el detonante de la idea no fue otro que la pandemia. \u201cEl germen de la serie fue en la pandemia, y pensamos en un b\u00fanker como el escenario perfecto para hacer una serie con mala leche, con una iron\u00eda negra, poderosa y de nuevo con gran ambig\u00fcedad de personajes\u201d, explica Pina, quien ya ha trabajado junto a Mart\u00ednez Lobato en la creaci\u00f3n de otras series como Sky Rojo o La casa de papel: Berl\u00edn, el spinoff centrado en el personaje interpretado por Pedro Alonso. <\/p>\n<p>Entrevista a \u00c1Lex Y Esther sobre su nueva serie para Netflix El Refugio At\u00f3mico<\/p>\n<p class=\"paragraph\">Una de las claves del \u00e9xito de La Casa de Papel fue encontrar a una galer\u00eda de <a href=\"https:\/\/www.infobae.com\/espana\/cultura\/2025\/09\/18\/quien-es-quien-en-el-refugio-atomico-la-nueva-gran-serie-de-netflix-de-miren-ibarguren-y-natalia-verbeke-a-carlos-santos-y-joaquin-furriel\/\" target=\"_blank\" rel=\"noreferrer nofollow noopener\" title=\"https:\/\/www.infobae.com\/espana\/cultura\/2025\/09\/18\/quien-es-quien-en-el-refugio-atomico-la-nueva-gran-serie-de-netflix-de-miren-ibarguren-y-natalia-verbeke-a-carlos-santos-y-joaquin-furriel\/\">actores <\/a>semidesconocidos o directamente in\u00e9ditos para encarnar a personajes de lo m\u00e1s carism\u00e1ticos que se han terminado convirtiendo en \u00eddolos, como Tokio, R\u00edo o El Profesor, al que daba vida \u00c1lvaro Morte. En El refugio at\u00f3mico ese rol recae sobre Miren Ibarguren, encargada de organizar el b\u00fanker en el que se refugian los Varela y los Falcom. En los primeros encontramos a <b>Natalia Verbeke<\/b> y <b>Carlos Santos<\/b> junto al joven <b>Pau Simon<\/b>, mientras que en la otra se encuentran el prestigioso actor argentino Joaqu\u00edn Furriel junto a la debutante <b>Agustina Bisio<\/b> y la jovenc\u00edsima <b>Alicia Falc\u00f3<\/b>.<\/p>\n<p class=\"paragraph\">\u201cSolemos tener pocas ideas preconcebidas y los que est\u00e1n suelen ser los mejores del casting, hacemos procesos bastante exhaustivos. Con algunos hab\u00edamos trabajado, algunos no los conoc\u00edamos y otros directamente no hab\u00edan hecho nada\u201d, detalla Pina, quien pone como ejemplo al joven debutante Pau Simon, quien da vida a <b>Max Varela<\/b>, un personaje algo diferente frente al guion original: \u201cA medida que \u00edbamos trabajando con \u00e9l ten\u00edamos que modificar la escritura porque el personaje original era m\u00e1s indolente. Estaba en el <b>Brad Pitt<\/b> de <a href=\"https:\/\/www.infobae.com\/espana\/cultura\/2025\/04\/02\/netflix-prepara-la-secuela-de-uno-de-los-trabajos-mas-aclamados-de-brad-pitt-con-el-director-de-seven-y-el-club-de-la-lucha\/\" target=\"_blank\" rel=\"noreferrer nofollow noopener\" title=\"https:\/\/www.infobae.com\/espana\/cultura\/2025\/04\/02\/netflix-prepara-la-secuela-de-uno-de-los-trabajos-mas-aclamados-de-brad-pitt-con-el-director-de-seven-y-el-club-de-la-lucha\/\">El club de la lucha<\/a> y lo fuimos cambiando para que tuviera m\u00e1s alma\u201d, confiesa el creador y guionista de la producci\u00f3n de Netflix.<\/p>\n<p><img alt=\"Alicia Falc\u00f3 y Pau Simon\" class=\"global-image\" decoding=\"async\" fetchpriority=\"low\" height=\"3263\" loading=\"lazy\" src=\"https:\/\/www.europesays.com\/es\/wp-content\/uploads\/2025\/09\/H5T4GWJQNJDLJK6KVZNRQOYWGQ.jpg\" width=\"5801\"\/>Alicia Falc\u00f3 y Pau Simon son los j\u00f3venes protagonistas de &#8216;El refugio at\u00f3mico&#8217;<\/p>\n<p class=\"paragraph\">Uno de los elementos m\u00e1s novedosos que incorpora El refugio at\u00f3mico, y tan de nuestro tiempo como imaginar un escenario en el que una crisis global lleve a los m\u00e1s ricos a refugiarse, es la presencia de la inteligencia artificial. El b\u00fanker no solo est\u00e1 provisto de grandes lujos, sino tambi\u00e9n de una especie de servicio personalizado y personificado en Roxanne, una<b> inteligencia artificial<\/b> que controla todo el complejo y que se encarga de atender los encargos de todos los hu\u00e9spedes. <\/p>\n<p class=\"paragraph\">\u201cEs la primera vez que hemos trabajado con esta herramienta y el equipo de arte, que es el m\u00e1s numeroso que se ha hecho en una serie en este pa\u00eds. Trabajaba con ella a la hora de colores, cuando empezamos a dise\u00f1ar escenarios buscando huir del hormig\u00f3n\u2026 Para m\u00ed era la primera vez y fue complementaria a los concepts que ven\u00edamos haciendo con dibujantes\u201d, se\u00f1ala Pina. \u201cHay un poquito de cr\u00edtica a no pararte a pensar que eso est\u00e1 ah\u00ed y de qu\u00e9 puede ser capaz. Creo que los personajes est\u00e1n tan metidos en sus cosas que ni reparan en ello, y en nuestra vida sucede igual, es como cuando aceptas los t\u00e9rminos y condiciones\u201d, concluye Mart\u00ednez Lobato, dejando el gran interrogante de hasta d\u00f3nde puede llegar esta nueva herramienta que, como en su serie, est\u00e1 mucho m\u00e1s cercana a la realidad que a la de un futuro apocal\u00edptico.<\/p>\n","protected":false},"excerpt":{"rendered":"Tr\u00e1iler de &#8216;El refugio at\u00f3mico&#8217; Han pasado cuatro a\u00f1os desde el final de La Casa de Papel y,&hellip;\n","protected":false},"author":2,"featured_media":127286,"comment_status":"","ping_status":"","sticky":false,"template":"","format":"standard","meta":{"footnotes":""},"categories":[171],"tags":[146,147,41248,25,24,41249,23,214],"class_list":{"0":"post-127285","1":"post","2":"type-post","3":"status-publish","4":"format-standard","5":"has-post-thumbnail","7":"category-tv","8":"tag-entertainment","9":"tag-entretenimiento","10":"tag-episode-06","11":"tag-es","12":"tag-espana","13":"tag-s01","14":"tag-spain","15":"tag-tv"},"share_on_mastodon":{"url":"","error":""},"_links":{"self":[{"href":"https:\/\/www.europesays.com\/es\/wp-json\/wp\/v2\/posts\/127285","targetHints":{"allow":["GET"]}}],"collection":[{"href":"https:\/\/www.europesays.com\/es\/wp-json\/wp\/v2\/posts"}],"about":[{"href":"https:\/\/www.europesays.com\/es\/wp-json\/wp\/v2\/types\/post"}],"author":[{"embeddable":true,"href":"https:\/\/www.europesays.com\/es\/wp-json\/wp\/v2\/users\/2"}],"replies":[{"embeddable":true,"href":"https:\/\/www.europesays.com\/es\/wp-json\/wp\/v2\/comments?post=127285"}],"version-history":[{"count":0,"href":"https:\/\/www.europesays.com\/es\/wp-json\/wp\/v2\/posts\/127285\/revisions"}],"wp:featuredmedia":[{"embeddable":true,"href":"https:\/\/www.europesays.com\/es\/wp-json\/wp\/v2\/media\/127286"}],"wp:attachment":[{"href":"https:\/\/www.europesays.com\/es\/wp-json\/wp\/v2\/media?parent=127285"}],"wp:term":[{"taxonomy":"category","embeddable":true,"href":"https:\/\/www.europesays.com\/es\/wp-json\/wp\/v2\/categories?post=127285"},{"taxonomy":"post_tag","embeddable":true,"href":"https:\/\/www.europesays.com\/es\/wp-json\/wp\/v2\/tags?post=127285"}],"curies":[{"name":"wp","href":"https:\/\/api.w.org\/{rel}","templated":true}]}}