{"id":127287,"date":"2025-09-20T11:13:07","date_gmt":"2025-09-20T11:13:07","guid":{"rendered":"https:\/\/www.europesays.com\/es\/127287\/"},"modified":"2025-09-20T11:13:07","modified_gmt":"2025-09-20T11:13:07","slug":"el-espectacular-trailer-de-la-nueva-pelicula-internacional-de-megan-montaner-la-venganza-deja-rastro","status":"publish","type":"post","link":"https:\/\/www.europesays.com\/es\/127287\/","title":{"rendered":"El espectacular tr\u00e1iler de la nueva pel\u00edcula internacional de Megan Montaner: \u00abLa venganza deja rastro\u00bb"},"content":{"rendered":"<p class=\"paragraph\">El pr\u00f3ximo mi\u00e9rcoles 24 de septiembre Megan Montaner acudir\u00e1 al <b>Festival de Cine de San Sebasti\u00e1n<\/b> para presentar por todo lo alto su nueva pel\u00edcula internacional. <a href=\"https:\/\/www.heraldo.es\/noticias\/ocio-y-cultura\/2025\/09\/03\/megan-montaner-caza-irati-huesca-televsion-serie-1851354.html\" title=\"Megan Montaner, sobre &#039;La caza Irati&#039;: &quot;La serie me sirvi\u00f3 como terapia&quot;\" rel=\"nofollow noopener\" target=\"_blank\">El Kursaal donostiarra acoger\u00e1 una proyecci\u00f3n muy especial que estar\u00e1 arropada por la actriz oscense y por parte del destacado elenco del filme.\u00a0<\/a><\/p>\n<p class=\"paragraph\">Se trata de \u2018Ya no quedan junglas\u2019, una pel\u00edcula dirigida por el cineasta mexicano Luis Gabriel Berist\u00e1in y que cuenta con un equipo actoral completado por <b>el actor norteamericano Ron Perlman, junto a Hovik Keuchkerian y Karra Elejalde. <\/b>El gui\u00f3n reposa en tres ejes, el amor, la violencia y la venganza a trav\u00e9s del Gentleman, un viejo militar interpretado por Ron Perlman, combinando el thriller, la acci\u00f3n y las emociones.<\/p>\n<p class=\"paragraph\"><b>Su estreno en las salas comerciales se producir\u00e1 el pr\u00f3ximo viernes 26 de septiembre,<\/b> pero dos d\u00edas antes tendr\u00e1 lugar su estreno en un escenario de lujo. El Festival Internacional de Cine de San Sebasti\u00e1n ver\u00e1 la &#8216;premiere&#8217; del largometraje. Y, como aperitivo, Universal ha publicado un espectacular tr\u00e1iler en el que se adelanta parte de la acci\u00f3n. \u00abLa venganza siempre deja un rastro de sangre. Desc\u00fabrelo en una semana\u00bb, apunta.\u00a0<\/p>\n<p class=\"paragraph\">El peso de la trama recae en los hombros de Theo (Perlman), conocido como el Gentleman; es un soldado estadounidense retirado y solitario que no ha superado la muerte de su esposa y solamente cuenta con un atisbo de alegr\u00eda cada jueves, cuando se cita <b>con Olga, una prostituta ucraniana a la que paga por conversar.\u00a0<\/b><\/p>\n<p class=\"paragraph\">Por desgracia, Olga es asesinada, y Theo decide vengarse de los asesinos, que no parar\u00e1n hasta dejar las cosas bien atadas. La investigaci\u00f3n est\u00e1 en manos de <b>Iborra, una inspectora de polic\u00eda alcoh\u00f3lica, interpretada por Montaner.<\/b><\/p>\n","protected":false},"excerpt":{"rendered":"El pr\u00f3ximo mi\u00e9rcoles 24 de septiembre Megan Montaner acudir\u00e1 al Festival de Cine de San Sebasti\u00e1n para presentar&hellip;\n","protected":false},"author":2,"featured_media":127288,"comment_status":"","ping_status":"","sticky":false,"template":"","format":"standard","meta":{"footnotes":""},"categories":[169],"tags":[177,146,147,25,24,176,10832,175,41250,23,41251],"class_list":{"0":"post-127287","1":"post","2":"type-post","3":"status-publish","4":"format-standard","5":"has-post-thumbnail","7":"category-cine","8":"tag-cine","9":"tag-entertainment","10":"tag-entretenimiento","11":"tag-es","12":"tag-espana","13":"tag-film","14":"tag-megan-montaner","15":"tag-movies","16":"tag-pelicula-internacional","17":"tag-spain","18":"tag-ya-no-quedan-junglas"},"share_on_mastodon":{"url":"","error":""},"_links":{"self":[{"href":"https:\/\/www.europesays.com\/es\/wp-json\/wp\/v2\/posts\/127287","targetHints":{"allow":["GET"]}}],"collection":[{"href":"https:\/\/www.europesays.com\/es\/wp-json\/wp\/v2\/posts"}],"about":[{"href":"https:\/\/www.europesays.com\/es\/wp-json\/wp\/v2\/types\/post"}],"author":[{"embeddable":true,"href":"https:\/\/www.europesays.com\/es\/wp-json\/wp\/v2\/users\/2"}],"replies":[{"embeddable":true,"href":"https:\/\/www.europesays.com\/es\/wp-json\/wp\/v2\/comments?post=127287"}],"version-history":[{"count":0,"href":"https:\/\/www.europesays.com\/es\/wp-json\/wp\/v2\/posts\/127287\/revisions"}],"wp:featuredmedia":[{"embeddable":true,"href":"https:\/\/www.europesays.com\/es\/wp-json\/wp\/v2\/media\/127288"}],"wp:attachment":[{"href":"https:\/\/www.europesays.com\/es\/wp-json\/wp\/v2\/media?parent=127287"}],"wp:term":[{"taxonomy":"category","embeddable":true,"href":"https:\/\/www.europesays.com\/es\/wp-json\/wp\/v2\/categories?post=127287"},{"taxonomy":"post_tag","embeddable":true,"href":"https:\/\/www.europesays.com\/es\/wp-json\/wp\/v2\/tags?post=127287"}],"curies":[{"name":"wp","href":"https:\/\/api.w.org\/{rel}","templated":true}]}}