{"id":127295,"date":"2025-09-20T11:17:10","date_gmt":"2025-09-20T11:17:10","guid":{"rendered":"https:\/\/www.europesays.com\/es\/127295\/"},"modified":"2025-09-20T11:17:10","modified_gmt":"2025-09-20T11:17:10","slug":"el-cometa-que-esconde-un-secreto-quimico-que-no-encaja-con-lo-que-sabemos-los-telescopios-mas-potentes-lo-confirman","status":"publish","type":"post","link":"https:\/\/www.europesays.com\/es\/127295\/","title":{"rendered":"El cometa que esconde un secreto qu\u00edmico que no encaja con lo que sabemos. Los telescopios m\u00e1s potentes lo confirman"},"content":{"rendered":"<p><a href=\"https:\/\/es.gizmodo.com\/polemica-en-harvard-el-asteroide-3i-atlas-podria-ser-un-artefacto-extraterrestre-2000192902\" rel=\"nofollow noopener\" target=\"_blank\">El descubrimiento del cometa 3I\/Atlas<\/a> en julio de 2025 ya fue sorprendente por s\u00ed mismo: se trataba apenas del tercer objeto interestelar observado atravesando nuestro vecindario c\u00f3smico. Pero lo que parec\u00eda <a href=\"https:\/\/es.gizmodo.com\/de-oumuamua-a-borisov-todo-parecia-claro-ahora-3i-atlas-llega-con-senales-ineditas-que-apuntan-a-un-origen-inesperado-como-tecnologia-interestelar-2000192600\" rel=\"nofollow noopener\" target=\"_blank\">un hallazgo m\u00e1s pronto se transform\u00f3 en un misterio<\/a>. Nuevas observaciones con algunos de los telescopios m\u00e1s avanzados han revelado que su composici\u00f3n qu\u00edmica no se parece a nada que conozcamos en el <a href=\"https:\/\/es.gizmodo.com\/el-objeto-interestelar-3i-atlas-pasara-cerca-de-marte-en-los-proximos-dias-sin-dudas-su-visita-puede-ser-un-cambio-radical-en-la-historia-2000190973\" rel=\"nofollow noopener\" target=\"_blank\">Sistema Solar.<\/a><\/p>\n<p> Un visitante fugaz y dif\u00edcil de observar <img loading=\"lazy\" decoding=\"async\" class=\"size-full wp-image-2000193039\" src=\"https:\/\/www.europesays.com\/es\/wp-content\/uploads\/2025\/09\/Diseno-sin-titulo-31-19.jpg\" alt=\"Algo no encaja en el cometa interestelar 3I\/Atlas. Su brillo y su qu\u00edmica desconciertan a los astr\u00f3nomos.\" width=\"1500\" height=\"1000\"  \/>\u00a9 X \/ @JinxedHorizon. <\/p>\n<p><a href=\"https:\/\/es.gizmodo.com\/el-visitante-que-no-vuelve-el-cometa-3i-atlas-deja-un-ultimo-retrato-antes-de-desaparecer-en-el-espacio-interestelar-2000190625\" rel=\"nofollow noopener\" target=\"_blank\">El cometa fue identificado por el sistema ATLAS en Chile y r\u00e1pidamente confirmado como un objeto procedente del espacio interestelar.<\/a> Su perihelio, el paso m\u00e1s cercano al Sol, ocurrir\u00e1 el 29 de octubre de 2025, aunque en ese momento quedar\u00e1 oculto tras el resplandor solar, limitando las posibilidades de observaci\u00f3n.<\/p>\n<p>Por eso, <a href=\"https:\/\/es.gizmodo.com\/el-cometa-que-es-viejo-y-joven-al-mismo-tiempo-3i-atlas-llega-desde-el-espacio-profundo-y-desconcierta-a-los-astronomos-con-su-misteriosa-composicion-2000190442\" rel=\"nofollow noopener\" target=\"_blank\">el Hubble, el James Webb, el sat\u00e9lite TESS y el telescopio Spherex<\/a> se volcaron en estudiarlo antes de que desaparezca de nuestra vista. Las im\u00e1genes y espectros recogidos ya est\u00e1n revelando pistas inesperadas.<\/p>\n<p> Una qu\u00edmica fuera de lo com\u00fan <\/p>\n<p><a href=\"https:\/\/es.gizmodo.com\/el-cometa-3i-atlas-sera-cazado-desde-marte-una-capsula-del-tiempo-cosmica-al-alcance-humano-2000189973\" rel=\"nofollow noopener\" target=\"_blank\">El James Webb y Spherex<\/a> confirmaron que la coma de 3I\/Atlas contiene una proporci\u00f3n in\u00e9dita de di\u00f3xido de carbono frente al agua: 8 a 1. Ning\u00fan otro cometa conocido muestra este desequilibrio extremo.<\/p>\n<p>Lo m\u00e1s sorprendente es que esta abundancia de CO\u2082 explicar\u00eda por qu\u00e9 el cometa se activ\u00f3 tan lejos del Sol. <a href=\"https:\/\/es.gizmodo.com\/3i-atlas-el-visitante-interestelar-que-trae-consigo-un-enigma-quimico-2000189251\" rel=\"nofollow noopener\" target=\"_blank\">El sat\u00e9lite TESS lo detect\u00f3 en mayo<\/a>, cuando a\u00fan estaba a 6 unidades astron\u00f3micas, mucho m\u00e1s all\u00e1 de la \u00f3rbita de J\u00fapiter, emitiendo un brillo inusual para esa distancia.<\/p>\n<p>El Hubble, por su parte, permiti\u00f3 estimar que el n\u00facleo del cometa tiene unos 2,8 kil\u00f3metros de radio, una dimensi\u00f3n modesta en comparaci\u00f3n con otros cometas, pero suficiente para albergar una reserva interna de compuestos vol\u00e1tiles muy distinta de la que vemos en nuestro propio sistema planetario.<\/p>\n<p> Pistas sobre su origen interestelar <img loading=\"lazy\" decoding=\"async\" class=\"size-full wp-image-2000193038\" src=\"https:\/\/www.europesays.com\/es\/wp-content\/uploads\/2025\/09\/Diseno-sin-titulo-32-19.jpg\" alt=\"Algo no encaja en el cometa interestelar 3I\/Atlas. Su brillo y su qu\u00edmica desconciertan a los astr\u00f3nomos.\" width=\"1500\" height=\"1000\"  \/>\u00a9 X \/ @spydenator. <\/p>\n<p><a href=\"https:\/\/es.gizmodo.com\/el-misterioso-visitante-3i-atlas-no-era-lo-que-creiamos-el-hubble-revela-su-verdadero-tamano-2000185156\" rel=\"nofollow noopener\" target=\"_blank\">Los astr\u00f3nomos creen que 3I\/Atlas<\/a> pudo formarse en un entorno muy diferente al nuestro. Una de las hip\u00f3tesis es que naci\u00f3 cerca de la l\u00ednea de hielo del di\u00f3xido de carbono de su sistema estelar original, en una regi\u00f3n donde este compuesto pod\u00eda congelarse en grandes cantidades.<\/p>\n<p>Otra posibilidad es que los hielos del cometa hayan estado expuestos a radiaci\u00f3n m\u00e1s intensa que en el <a href=\"https:\/\/es.gizmodo.com\/el-visitante-imposible-el-enigma-del-3i-atlas-y-su-viaje-por-el-corazon-del-sistema-solar-2000185126\" rel=\"nofollow noopener\" target=\"_blank\">Sistema Solar<\/a>, modificando su equilibrio qu\u00edmico y reduciendo la proporci\u00f3n de agua en su superficie. En ambos casos, la explicaci\u00f3n apunta a un origen que desaf\u00eda lo que entendemos de la formaci\u00f3n de cometas.<\/p>\n<p> Un enigma que apenas empieza <\/p>\n<p><a href=\"https:\/\/es.gizmodo.com\/el-visitante-que-se-nos-escapo-el-cometa-3i-atlas-y-la-oportunidad-perdida-que-revelo-una-nueva-estrategia-espacial-2000184593\" rel=\"nofollow noopener\" target=\"_blank\">La ventana para observar a 3I\/Atlas se cierra a medida que se acerca al Sol<\/a>, pero los datos obtenidos ya plantean una conclusi\u00f3n: este cometa interestelar no se parece a nada que hayamos visto antes. Su qu\u00edmica extra\u00f1a es m\u00e1s que una curiosidad; podr\u00eda ser la clave para comprender c\u00f3mo se forman mundos y cometas en sistemas estelares lejanos.<\/p>\n<p>Cada fragmento de informaci\u00f3n que aporte servir\u00e1 no solo para entender al propio <a href=\"https:\/\/es.gizmodo.com\/una-visita-fugaz-desde-otra-estrella-el-hubble-capta-al-cometa-interestelar-3i-atlas-con-detalle-sin-precedentes-2000184515\" rel=\"nofollow noopener\" target=\"_blank\">3I\/Atlas<\/a>, sino tambi\u00e9n para expandir nuestro mapa de posibilidades sobre c\u00f3mo evoluciona la materia en el cosmos. Y, de momento, la principal certeza es que sigue siendo un visitante envuelto en misterio.<\/p>\n","protected":false},"excerpt":{"rendered":"El descubrimiento del cometa 3I\/Atlas en julio de 2025 ya fue sorprendente por s\u00ed mismo: se trataba apenas&hellip;\n","protected":false},"author":2,"featured_media":127296,"comment_status":"","ping_status":"","sticky":false,"template":"","format":"standard","meta":{"footnotes":""},"categories":[81],"tags":[119,123,124,25,24,117,121,122,23,118,120],"class_list":{"0":"post-127295","1":"post","2":"type-post","3":"status-publish","4":"format-standard","5":"has-post-thumbnail","7":"category-ciencia-y-tecnologia","8":"tag-ciencia","9":"tag-ciencia-y-tecnologia","10":"tag-cienciaytecnologia","11":"tag-es","12":"tag-espana","13":"tag-science","14":"tag-science-and-technology","15":"tag-scienceandtechnology","16":"tag-spain","17":"tag-technology","18":"tag-tecnologia"},"share_on_mastodon":{"url":"","error":""},"_links":{"self":[{"href":"https:\/\/www.europesays.com\/es\/wp-json\/wp\/v2\/posts\/127295","targetHints":{"allow":["GET"]}}],"collection":[{"href":"https:\/\/www.europesays.com\/es\/wp-json\/wp\/v2\/posts"}],"about":[{"href":"https:\/\/www.europesays.com\/es\/wp-json\/wp\/v2\/types\/post"}],"author":[{"embeddable":true,"href":"https:\/\/www.europesays.com\/es\/wp-json\/wp\/v2\/users\/2"}],"replies":[{"embeddable":true,"href":"https:\/\/www.europesays.com\/es\/wp-json\/wp\/v2\/comments?post=127295"}],"version-history":[{"count":0,"href":"https:\/\/www.europesays.com\/es\/wp-json\/wp\/v2\/posts\/127295\/revisions"}],"wp:featuredmedia":[{"embeddable":true,"href":"https:\/\/www.europesays.com\/es\/wp-json\/wp\/v2\/media\/127296"}],"wp:attachment":[{"href":"https:\/\/www.europesays.com\/es\/wp-json\/wp\/v2\/media?parent=127295"}],"wp:term":[{"taxonomy":"category","embeddable":true,"href":"https:\/\/www.europesays.com\/es\/wp-json\/wp\/v2\/categories?post=127295"},{"taxonomy":"post_tag","embeddable":true,"href":"https:\/\/www.europesays.com\/es\/wp-json\/wp\/v2\/tags?post=127295"}],"curies":[{"name":"wp","href":"https:\/\/api.w.org\/{rel}","templated":true}]}}