{"id":127297,"date":"2025-09-20T11:18:09","date_gmt":"2025-09-20T11:18:09","guid":{"rendered":"https:\/\/www.europesays.com\/es\/127297\/"},"modified":"2025-09-20T11:18:09","modified_gmt":"2025-09-20T11:18:09","slug":"los-paises-mas-poderosos-y-con-un-mayor-consumo-de-electricidad-per-capita-ordenados-en-este-revelador-grafico","status":"publish","type":"post","link":"https:\/\/www.europesays.com\/es\/127297\/","title":{"rendered":"Los pa\u00edses m\u00e1s poderosos y con un mayor consumo de electricidad per c\u00e1pita, ordenados en este revelador gr\u00e1fico"},"content":{"rendered":"<p>El <a class=\"text-outboundlink\" href=\"https:\/\/www.xataka.com\/basics\/como-mirar-tu-consumo-electrico-casa-tiempo-real-internet\" data-vars-post-title=\"C\u00f3mo mirar tu consumo el\u00e9ctrico de casa en tiempo real por Internet\" data-vars-post-url=\"https:\/\/www.xataka.com\/basics\/como-mirar-tu-consumo-electrico-casa-tiempo-real-internet\" rel=\"nofollow noopener\" target=\"_blank\">consumo el\u00e9ctrico<\/a> es un term\u00f3metro genial para los pa\u00edses. La cantidad de energ\u00eda que consumimos es un indicador econ\u00f3mico, pero tambi\u00e9n social, clim\u00e1tico, de las decisiones tecnol\u00f3gicas y hasta del estilo de vida. El motivo es que hay un amplio abanico de factores que influyen en este consumo, y en el siguiente gr\u00e1fico elaborado por <a rel=\"noopener, noreferrer nofollow\" href=\"https:\/\/www.visualcapitalist.com\/ranked-electricity-use-per-capita-in-major-global-economies\/\" target=\"_blank\">Visual Capitalist<\/a> podemos ver cu\u00e1les son los <a class=\"text-outboundlink\" href=\"https:\/\/www.xataka.com\/magnet\/pib-cada-pais-mundo-2021-comparado-este-estupendo-grafico\" data-vars-post-title=\"El PIB de cada pa\u00eds del mundo en 2021, comparado en este estupendo gr\u00e1fico\" data-vars-post-url=\"https:\/\/www.xataka.com\/magnet\/pib-cada-pais-mundo-2021-comparado-este-estupendo-grafico\" rel=\"nofollow noopener\" target=\"_blank\">15 pa\u00edses con el PIB m\u00e1s alto del mundo<\/a> que consumen m\u00e1s electricidad per c\u00e1pita.<\/p>\n<p>La sorpresa se llama\u2026 Canad\u00e1.<\/p>\n<p>                   <img class=\"centro_sinmarco\" height=\"1340\" width=\"1200\" loading=\"lazy\" decoding=\"async\"  fetchpriority=\"high\"  src=\"https:\/\/www.europesays.com\/es\/wp-content\/uploads\/2025\/09\/1758367088_389_450_1000.jpeg\" alt=\"Electricidad\"\/><\/p>\n<p><strong>Oh, Canad\u00e1<\/strong>. Los datos proceden de <a rel=\"noopener, noreferrer nofollow\" href=\"https:\/\/ember-energy.org\/data\/electricity-data-explorer\/?data=demand&amp;fuel=total&amp;entity=United+States&amp;metric=per_capita&amp;entity=Canada&amp;entity=United+Kingdom&amp;entity=China&amp;entity=South+Korea&amp;entity=Russia\" target=\"_blank\">Ember<\/a> y reflejan la diferencia entre el consumo de electricidad per c\u00e1pita de las <a class=\"text-outboundlink\" href=\"https:\/\/www.xataka.com\/magnet\/los-paises-mas-poderosos-de-2024-reunidos-en-un-revelador-grafico\" data-vars-post-title=\"Los pa\u00edses m\u00e1s poderosos de 2024, reunidos en un revelador gr\u00e1fico\" data-vars-post-url=\"https:\/\/www.xataka.com\/magnet\/los-paises-mas-poderosos-de-2024-reunidos-en-un-revelador-grafico\" rel=\"nofollow noopener\" target=\"_blank\">principales econom\u00edas mundiales<\/a> en 2024 y el que ten\u00edan en el 2000. Un cuarto de siglo es m\u00e1s que suficiente para ver un cambio en este sentido, pero lo que no ha variado ni un \u00e1pice son las dos naciones que lideran la gr\u00e1fica.<\/p>\n<p>Canad\u00e1 ocupa el primer puesto con un consumo en 2024 de 15.708 kWh por persona en 2024. La cifra es considerablemente menor que la que registr\u00f3 hace 24 a\u00f1os y ese alto consumo est\u00e1 impulsado por una industria (sobre todo la miner\u00eda y la <a class=\"text-outboundlink\" href=\"https:\/\/www.xataka.com\/materiales\/mayores-productores-aluminio-a-nivel-mundial-recogidos-este-interesante-grafico\" data-vars-post-title=\"Los mayores productores de aluminio a nivel mundial, recogidos en este interesante gr\u00e1fico \" data-vars-post-url=\"https:\/\/www.xataka.com\/materiales\/mayores-productores-aluminio-a-nivel-mundial-recogidos-este-interesante-grafico\" rel=\"nofollow noopener\" target=\"_blank\">producci\u00f3n de aluminio<\/a>) muy demandante a nivel energ\u00e9tico y por la electricidad necesaria para soportar los largos inviernos. Estados Unidos, con 12.741 kWh por persona, no queda atr\u00e1s y los motivos son muy similares: industria y aire acondicionado (que est\u00e1 a una temperatura desmedida tanto en invierno como en verano).<\/p>\n<p>    <a href=\"https:\/\/www.xataka.com\/magnet\/tamano-economia-sumergida-todos-paises-mundo-expuesto-este-inquietante-mapa\" class=\"pivot-outboundlink\" data-vars-post-title=\"El tama\u00f1o de la econom\u00eda sumergida de todos los pa\u00edses del mundo, expuesto en este revelador mapa\" rel=\"nofollow noopener\" target=\"_blank\"><br \/>\n     <img loading=\"lazy\" decoding=\"async\" alt=\"El tama\u00f1o de la econom\u00eda sumergida de todos los pa\u00edses del mundo, expuesto en este revelador mapa\" width=\"375\" height=\"142\" src=\"https:\/\/www.europesays.com\/es\/wp-content\/uploads\/2025\/09\/1758367089_717_375_142.jpeg\"\/><br \/>\n    <\/a><\/p>\n<p><strong>Corea del Sur y China<\/strong>. Australia es otro de los pa\u00edses que tradicionalmente superaba los 10.000 kWh por persona, pero estos \u00faltimos 24 a\u00f1os ha pasado algo curioso: Corea del Sur ha pegado una remontada de \u00e9poca en este indicador. Aqu\u00ed entramos en eso del consumo de electricidad como term\u00f3metro econ\u00f3mico, al relacionar el paso de los 6.200 kWh a los 12.100 kWh debido a un auge en la industrializaci\u00f3n y manufactura avanzada, sobre todo en el segmento de los semiconductores y los autom\u00f3viles, as\u00ed como el crecimiento de los centros de datos.<\/p>\n<p>En China vivimos un fen\u00f3meno muy similar, con un consumo de unos 1.100 kWh en el 2000 y uno de 7.100 kWh actualmente debido a esa misma expansi\u00f3n tecnol\u00f3gica con la <a class=\"text-outboundlink\" href=\"https:\/\/www.xataka.com\/materiales\/mayores-productores-acero-mundo-expuesto-este-grafico-que-evidencia-dos-ligas-totalmente-distintas\" data-vars-post-title=\"Este gr\u00e1fico expone dos ligas en la producci\u00f3n de acero: China por un lado, el resto del mundo por otro\" data-vars-post-url=\"https:\/\/www.xataka.com\/materiales\/mayores-productores-acero-mundo-expuesto-este-grafico-que-evidencia-dos-ligas-totalmente-distintas\" rel=\"nofollow noopener\" target=\"_blank\">industrializaci\u00f3n acelerada en el acero<\/a>, aluminio, electr\u00f3nica, centros de datos, semiconductores y <a class=\"text-outboundlink\" href=\"https:\/\/www.xataka.com\/movilidad\/china-ha-conquistado-mercado-coche-electrico-prueba-seis-diez-marcas-vendidas-mundo-chinas\" data-vars-post-title=\"Un r\u00e1pido vistazo a las diez marcas de coches el\u00e9ctricos m\u00e1s vendidas del mundo da una conclusi\u00f3n dram\u00e1tica: China ya ha ganado\" data-vars-post-url=\"https:\/\/www.xataka.com\/movilidad\/china-ha-conquistado-mercado-coche-electrico-prueba-seis-diez-marcas-vendidas-mundo-chinas\" rel=\"nofollow noopener\" target=\"_blank\">veh\u00edculos el\u00e9ctricos como principales protagonistas<\/a>. Adem\u00e1s, aunque sea pr\u00e1cticamente la mitad del consumo per c\u00e1pita de Canad\u00e1, estamos hablando de <a class=\"text-outboundlink\" href=\"https:\/\/www.xataka.com\/magnet\/poblacion-china-india-africa-comparadas-resto-mundo-revelador-mapa\" data-vars-post-title=\"La poblaci\u00f3n de China, India y \u00c1frica, comparadas con la del resto del mundo en un revelador mapa \" data-vars-post-url=\"https:\/\/www.xataka.com\/magnet\/poblacion-china-india-africa-comparadas-resto-mundo-revelador-mapa\" rel=\"nofollow noopener\" target=\"_blank\">una poblaci\u00f3n de 1.400 millones de personas<\/a> frente a unos 40 millones. Por ponerlo en <a rel=\"noopener, noreferrer nofollow\" href=\"https:\/\/www.worldometers.info\/es\/poblacion-mundial\/poblacion-china\/\" target=\"_blank\">porcentaje<\/a>: el 17% de la poblaci\u00f3n mundial frente al 0,5%.<\/p>\n<p><strong>L\u00f3gico<\/strong>. Pero el aumento del consumo en estos dos pa\u00edses no se debe \u00fanicamente a la industrializaci\u00f3n. <a class=\"text-outboundlink\" href=\"https:\/\/www.xataka.com\/empresas-y-economia\/japon-esta-reconquistando-a-toda-velocidad-industria-chips-acaba-fabricar-exito-su-primer-transistor-2-nm\" data-vars-post-title=\"Jap\u00f3n est\u00e1 reconquistando a toda velocidad la industria de los chips. Acaba de fabricar con \u00e9xito su primer transistor de 2 nm\" data-vars-post-url=\"https:\/\/www.xataka.com\/empresas-y-economia\/japon-esta-reconquistando-a-toda-velocidad-industria-chips-acaba-fabricar-exito-su-primer-transistor-2-nm\" rel=\"nofollow noopener\" target=\"_blank\">Jap\u00f3n tambi\u00e9n tiene una fuerte industria<\/a> y el consumo se ha mantenido pr\u00e1cticamente id\u00e9ntico. Hay otro factor: <a class=\"text-outboundlink\" href=\"https:\/\/www.xataka.com\/magnet\/china-desigual-como-paises-capitalistas-su-1-controla-riqueza-que-50\" data-vars-post-title=\"China ya es tan desigual como los pa\u00edses &quot;capitalistas&quot;: su 1% controla m\u00e1s riqueza que el 50%\" data-vars-post-url=\"https:\/\/www.xataka.com\/magnet\/china-desigual-como-paises-capitalistas-su-1-controla-riqueza-que-50\" rel=\"nofollow noopener\" target=\"_blank\">el aumento de la clase media<\/a>, sobre todo en China. <a class=\"text-outboundlink\" href=\"https:\/\/www.xataka.com\/otros\/xiongan-ciudad-futuro-asi-nueva-metropoli-verde-e-hipertecnologica-que-esta-construyendo-china\" data-vars-post-title=\"Xiong\u00b4an, la &quot;ciudad del futuro&quot;. As\u00ed es la nueva metr\u00f3poli verde e hipertecnol\u00f3gica que est\u00e1 construyendo China\" data-vars-post-url=\"https:\/\/www.xataka.com\/otros\/xiongan-ciudad-futuro-asi-nueva-metropoli-verde-e-hipertecnologica-que-esta-construyendo-china\" rel=\"nofollow noopener\" target=\"_blank\">El aumento de nivel de vida, la urbanizaci\u00f3n<\/a> y la electrificaci\u00f3n en las viviendas ha contribuido considerablemente a este aumento del consumo.<\/p>\n<p>La migraci\u00f3n a las grandes ciudades ha generado un boom en la construcci\u00f3n y la electrificaci\u00f3n debido al uso de electrodom\u00e9sticos, servicios y bienes como los coches el\u00e9ctricos. Ahora bien, eso est\u00e1 provocando otros problemas, como un tren de vida <a class=\"text-outboundlink\" href=\"https:\/\/www.xataka.com\/magnet\/china-tiene-resultado-sus-esfuerzos-fomentar-parejas-bodas-minimos-historicos-divorcios\" data-vars-post-title=\"China no se libra de la gran crisis de la familia nuclear: las bodas han ca\u00eddo a m\u00ednimos hist\u00f3ricos y crecen los divorcios\" data-vars-post-url=\"https:\/\/www.xataka.com\/magnet\/china-tiene-resultado-sus-esfuerzos-fomentar-parejas-bodas-minimos-historicos-divorcios\" rel=\"nofollow noopener\" target=\"_blank\">incompatible con la formaci\u00f3n de familias\u00a0<\/a>o la <a class=\"text-outboundlink\" href=\"https:\/\/www.xataka.com\/magnet\/gran-fabrica-mundo-se-agota-jovenes-chinos-asiaticos-no-quieren-trabajar-manufacturas-1\" data-vars-post-title=\"La Gran F\u00e1brica del mundo se agota: los j\u00f3venes chinos y asi\u00e1ticos ya no quieren trabajar en las manufacturas\" data-vars-post-url=\"https:\/\/www.xataka.com\/magnet\/gran-fabrica-mundo-se-agota-jovenes-chinos-asiaticos-no-quieren-trabajar-manufacturas-1\" rel=\"nofollow noopener\" target=\"_blank\">falta de personas que trabajen en f\u00e1bricas<\/a>, siendo dos de los <a class=\"text-outboundlink\" href=\"https:\/\/www.xataka.com\/magnet\/debacle-demografia-japonesa-expuesta-elocuente-grafico\" data-vars-post-title=\"La debacle de la demograf\u00eda japonesa, ilustrada en un gr\u00e1fico que habla por s\u00ed mismo\" data-vars-post-url=\"https:\/\/www.xataka.com\/magnet\/debacle-demografia-japonesa-expuesta-elocuente-grafico\" rel=\"nofollow noopener\" target=\"_blank\">problemas compartidos con sus vecinos\u00a0<\/a>Jap\u00f3n y Corea del Sur.<\/p>\n<p>    <a href=\"https:\/\/www.xataka.com\/energia\/europa-centrales-gas-carbon-desuso-tienen-muchos-pretendientes-inesperados-empresas-tecnologia\" class=\"pivot-outboundlink\" data-vars-post-title=\"En Europa las centrales de gas y carb\u00f3n en desuso tienen pretendientes inesperados: las empresas de tecnolog\u00eda\" rel=\"nofollow noopener\" target=\"_blank\"><br \/>\n     <img loading=\"lazy\" decoding=\"async\" alt=\"En Europa las centrales de gas y carb\u00f3n en desuso tienen pretendientes inesperados: las empresas de tecnolog\u00eda\" width=\"375\" height=\"142\" src=\"https:\/\/www.europesays.com\/es\/wp-content\/uploads\/2025\/09\/1758367089_748_375_142.jpeg\"\/><br \/>\n    <\/a><\/p>\n<p><strong>Dos destacados fuera del gr\u00e1fico<\/strong>. Alemania, Espa\u00f1a e Italia cuentan con consumos muy similares a los de hace 25 a\u00f1os, pero si miramos m\u00e1s all\u00e1 de esta clasificaci\u00f3n por las 15 principales econom\u00edas mundiales, tenemos dos nombres que eclipsan a todos los dem\u00e1s. Por un lado, Islandia, con un imponente consumo de 51.920 kWh por persona, gracias a que no hay tantos islandeses (unos 300.000), pero s\u00ed cuentan con <a class=\"text-outboundlink\" href=\"https:\/\/www.xataka.com\/empresas-y-economia\/islandia-fue-canario-mina-adoptando-semana-laboral-cuatro-dias-su-economia-ha-crecido-como-nunca\" data-vars-post-title=\"Islandia fue el canario en la mina adoptando la semana laboral de cuatro d\u00edas: su econom\u00eda ha crecido como nunca\" data-vars-post-url=\"https:\/\/www.xataka.com\/empresas-y-economia\/islandia-fue-canario-mina-adoptando-semana-laboral-cuatro-dias-su-economia-ha-crecido-como-nunca\" rel=\"nofollow noopener\" target=\"_blank\">una potent\u00edsima industria\u00a0<\/a>como la de aluminio, as\u00ed como muy pocas horas de luz y un clima extremo que requiere iluminaci\u00f3n y calefacci\u00f3n constante.<\/p>\n<p>En Noruega tambi\u00e9n ponen la calefacci\u00f3n y encienden las luces, tambi\u00e9n tienen industria y un alto nivel de vida que permite un consumo elevado, pero algo que ayuda a su consumo de 24.580 kWh per c\u00e1pita es un parque de coches el\u00e9ctricos tremendo. De hecho, en 2024, <a class=\"text-outboundlink\" href=\"https:\/\/www.xataka.com\/movilidad\/paraiso-coche-electrico-sube-nivel-noruega-tiene-electricos-que-gasolina-sus-carreteras\" data-vars-post-title=\"Algo in\u00e9dito acaba de suceder en Noruega: ya hay m\u00e1s coches el\u00e9ctricos circulando en total que de gasolina\" data-vars-post-url=\"https:\/\/www.xataka.com\/movilidad\/paraiso-coche-electrico-sube-nivel-noruega-tiene-electricos-que-gasolina-sus-carreteras\" rel=\"nofollow noopener\" target=\"_blank\">casi el 90% de los nuevos coches vendidos eran 100% el\u00e9ctricos<\/a>, con lo que ello conlleva a nivel de carga tanto en casa como en las redes p\u00fablicas-<\/p>\n<p>En Xataka | <a class=\"text-outboundlink\" href=\"https:\/\/www.xataka.com\/magnet\/paises-que-producen-su-propia-comida-expuestos-grafico-solo-hay-uno-autosuficiente-guyana\" data-vars-post-title=\"Este gr\u00e1fico expone los pa\u00edses autosuficientes a nivel alimentario. Hay un \u00fanico ganador: Guyana\" data-vars-post-url=\"https:\/\/www.xataka.com\/magnet\/paises-que-producen-su-propia-comida-expuestos-grafico-solo-hay-uno-autosuficiente-guyana\" rel=\"nofollow noopener\" target=\"_blank\">Este gr\u00e1fico expone los pa\u00edses autosuficientes a nivel alimentario. Hay un \u00fanico ganador: Guyana<\/a><\/p>\n","protected":false},"excerpt":{"rendered":"El consumo el\u00e9ctrico es un term\u00f3metro genial para los pa\u00edses. La cantidad de energ\u00eda que consumimos es un&hellip;\n","protected":false},"author":2,"featured_media":127298,"comment_status":"","ping_status":"","sticky":false,"template":"","format":"standard","meta":{"footnotes":""},"categories":[80],"tags":[82,95,94,25,24,23],"class_list":{"0":"post-127297","1":"post","2":"type-post","3":"status-publish","4":"format-standard","5":"has-post-thumbnail","7":"category-economia","8":"tag-business","9":"tag-economia","10":"tag-economy","11":"tag-es","12":"tag-espana","13":"tag-spain"},"share_on_mastodon":{"url":"","error":""},"_links":{"self":[{"href":"https:\/\/www.europesays.com\/es\/wp-json\/wp\/v2\/posts\/127297","targetHints":{"allow":["GET"]}}],"collection":[{"href":"https:\/\/www.europesays.com\/es\/wp-json\/wp\/v2\/posts"}],"about":[{"href":"https:\/\/www.europesays.com\/es\/wp-json\/wp\/v2\/types\/post"}],"author":[{"embeddable":true,"href":"https:\/\/www.europesays.com\/es\/wp-json\/wp\/v2\/users\/2"}],"replies":[{"embeddable":true,"href":"https:\/\/www.europesays.com\/es\/wp-json\/wp\/v2\/comments?post=127297"}],"version-history":[{"count":0,"href":"https:\/\/www.europesays.com\/es\/wp-json\/wp\/v2\/posts\/127297\/revisions"}],"wp:featuredmedia":[{"embeddable":true,"href":"https:\/\/www.europesays.com\/es\/wp-json\/wp\/v2\/media\/127298"}],"wp:attachment":[{"href":"https:\/\/www.europesays.com\/es\/wp-json\/wp\/v2\/media?parent=127297"}],"wp:term":[{"taxonomy":"category","embeddable":true,"href":"https:\/\/www.europesays.com\/es\/wp-json\/wp\/v2\/categories?post=127297"},{"taxonomy":"post_tag","embeddable":true,"href":"https:\/\/www.europesays.com\/es\/wp-json\/wp\/v2\/tags?post=127297"}],"curies":[{"name":"wp","href":"https:\/\/api.w.org\/{rel}","templated":true}]}}