{"id":127303,"date":"2025-09-20T11:21:12","date_gmt":"2025-09-20T11:21:12","guid":{"rendered":"https:\/\/www.europesays.com\/es\/127303\/"},"modified":"2025-09-20T11:21:12","modified_gmt":"2025-09-20T11:21:12","slug":"los-atletas-espanoles-triunfan-en-tokio-maria-perez-logra-el-doblete-y-mcgrath-bronce-en-20km-marcha-mas-deportes","status":"publish","type":"post","link":"https:\/\/www.europesays.com\/es\/127303\/","title":{"rendered":"Los atletas espa\u00f1oles triunfan en Tokio: Mar\u00eda P\u00e9rez logra el doblete y McGrath bronce en 20km marcha | M\u00e1s deportes"},"content":{"rendered":"<p class=\"loc\">Tokio<\/p>\n<p>La espa\u00f1ola Mar\u00eda P\u00e9rez, con un tiempo de 1h25:54, logr\u00f3 este s\u00e1bado la medalla de oro en los 20 kil\u00f3metros marcha de los Mundiales de atletismo que se disputan en Tokio y revalid\u00f3 la doble corona conquistada hace dos a\u00f1os en Budapest junto a los 35 km.<\/p>\n<p>La medalla de plata fue para la mexicana Alegna Gonz\u00e1lez (1h26:06), con r\u00e9cord continental de Centroam\u00e9rica, y el bronce para la japonesa Nanako Fuji (1h26:18), con r\u00e9cord nacional.<\/p>\n<p>Mar\u00eda P\u00e9rez es una atleta descomunal, la mejor marchadora espa\u00f1ola de la historia y la gran referencia de la marcha mundial en los \u00faltimos a\u00f1os. En Tokio lo volvi\u00f3 a demostrar con dos medallas de oro, en los 35 y 20 kil\u00f3metros marcha, que la encumbran al olimpo como \u00fanica atleta \u00fanica. De hecho, solo una marchadora ha logrado cuatro preseas doradas seguidas en Mundiales. Fue la china Hong Liu, que gan\u00f3 el oro en los 20km en Daegu 2011, Mosc\u00fa 2013, Pek\u00edn 2015 y Doha 2019. Cuatro medallas en ocho a\u00f1os pero participando en una sola prueba por campeonato, no en dos como la granadina.<\/p>\n<p>La marchadora espa\u00f1ola, de 1,56 metros de estatura y entrenada por Jacinto Garz\u00f3n, es un portento al que las rivales temen, sobre todo por la confianza que desprende desde hace cuatro a\u00f1os, cuando efectu\u00f3 una cambios para mejorar su t\u00e9cnica de carrera tras el sinsabor de los Juegos de Tokio 2021 -aunque la marcha se disput\u00f3 en Sapporo-, en los que fue cuarta, y en los Mundiales de Eugene, d\u00f3nde fue descalificada en los 20 y 35 km.<\/p>\n<p>A diferencia de hace una semana, cuando el calor fue un protagonista destacado, en esta ocasi\u00f3n la carrera dio el pistoletazo de salida con 26,3 grados de temperatura y una humedad del 67%, algo que benefici\u00f3 a las marchadoras, que no sufrieron tanto en el asfalto.<\/p>\n<p>Desde el primer momento se mont\u00f3 un grupo cabecero con m\u00e1s de diez marchadoras, incluidas la mexicana Alegna Gonz\u00e1lez, la peruana Kimberly Garc\u00eda Le\u00f3n, la ecuatoriana Paula Torres y la espa\u00f1ola Mar\u00eda Torres, que siempre fueron marcando el ritmo. <\/p>\n<p>Ese grupo aguant\u00f3 hasta casi la mitad de la carrera, cuando empez\u00f3 a menguar porque los kil\u00f3metros empezaron a hacer mella. Una de las que m\u00e1s sufri\u00f3 fue la italiana Antonella Palmisano, que pag\u00f3 el esfuerzo de hace una semana, igual que Paula Torres, que renunciaron a la victoria en el ecuador del recorrido.<\/p>\n<p>Las siguientes en desfallecer fueron Kimberly Garc\u00eda Le\u00f3n, doble campeona del mundo en Eugene 2022, y las chinas Quanming Wu y Jiayu Yang, que dejaron el triunfo en manos de tres atletas: Mar\u00eda P\u00e9rez, Alegna Gonz\u00e1lez y la japonesa Nanako Fuji, que fue impulsada por los numerosos aficionados nipones que poblaron las calles del recorrido.<\/p>\n<p>En el momento clave, pasado el kil\u00f3metro 16, Mar\u00eda P\u00e9rez cambi\u00f3 el ritmo y se qued\u00f3 sola. Ninguna pudo seguirla. As\u00ed fue ganando metros hasta volver a disfrutar de la vuelta al estadio completamente sola. Al cruzar la meta, un gesto de rabia pero tambi\u00e9n de felicidad. Mantiene la corona y sigue su reinado. <\/p>\n<p>Por detr\u00e1s llegaron Alegna Gonz\u00e1lez, la \u00abfavorita\u00bb seg\u00fan dijo la propia Mar\u00eda hace una semana, y Nanako Fuji, que emocionada dio la vuelta de honor al estadio para recibir el calor de sus compatriotas, que vieron como estuvo a un paso de perder ese bronce ante el empuje de Paula Torres, que lleg\u00f3 en meta inmediatamente justo despu\u00e9s.<\/p>\n<p>La peruana Kimberly Garc\u00eda Le\u00f3n fue quinta (1h26:22) con r\u00e9cord nacional, la espa\u00f1ola Ant\u00eda Chamosa (1h27:55) s\u00e9ptima, con marca personal; la tambi\u00e9n peruana Mary Luz Andia d\u00e9cima (1h28:52) y la brasile\u00f1a Viviane Lyra (1h29:02) duod\u00e9cima. <\/p>\n<p>La ecuatoriana Magaly Beatriz Bonilla concluy\u00f3 vig\u00e9sima (1h30:39) y la espa\u00f1ola Paula Juarez (1h31:50) vig\u00e9simo segunda.<\/p>\n<p>Paul McGrath se hace con el bronce en los 20km<\/p>\n<p>El espa\u00f1ol Paul McGrath, medallista de bronce en los 20 km marcha de los Mundiales de Tokio, dijo que la medalla conseguida este s\u00e1bado supone \u00abun sue\u00f1o hecho realidad\u00bb y desvel\u00f3 que antes del viaje a Jap\u00f3n, como creyente que es, fue al monasterio de Montserrat a \u00abpedir ayuda\u00bb.<\/p>\n<p>McGrath, de 23 a\u00f1os y entrenado por Alejandro Aragoneses, cumpli\u00f3 los pron\u00f3sticos que le situaban como uno de los favoritos a las medallas en Tokio y refrend\u00f3 con este bronce mundial la progresi\u00f3n que est\u00e1 teniendo y que ya en 2024 se tradujo en un subcampeonato de Europa en Roma y este 2025 en la victoria en Podebrady (Rep\u00fablica Checa) en el Campeonato de Europa por equipos.<\/p>\n<p>\u00abHubo un momento, cuando me sacaron el segundo aviso, que ten\u00eda que decidir si seguir forzando o mantener un poco la calma y la mente fr\u00eda. Estando con dos avisos y jug\u00e1ndome las medallas prefer\u00eda conservar una a meterme en un l\u00edo\u00bb, dijo McGrath, en la zona mixta del Estadio Ol\u00edmpico de Tokio.<\/p>\n<p>\u00abEn el tramo final me pasaron Caio Bonfim y Zhaozhao Wang como dos aviones y vi que ese era un ritmo en el que no iba a ir forzado. Prefer\u00ed quedarme con un bronce que me hace muy feliz y que supone un sue\u00f1o hecho realidad\u00bb, coment\u00f3 el atleta espa\u00f1ol, que se torci\u00f3 un tobillo alrededor del kil\u00f3metro 17 que no le impidi\u00f3 seguir marchando.<\/p>\n<p>\u00abEn el final estaba muy preocupado. Hab\u00eda un momento que lo vi todo muy negro pero tambi\u00e9n pens\u00e9 que me pod\u00eda ir bien. Soy creyente y fui al monasterio de Montserrat a pedir ayuda\u00bb, subray\u00f3.<\/p>\n<p>El objetivo grande de Paul McGrath es poder estar en los Juegos Ol\u00edmpicos de Los \u00c1ngeles dentro de tres a\u00f1os. \u00abEs mi sue\u00f1o y para lo que entreno cada d\u00eda\u00bb.<\/p>\n<p>\u00abEs mi gran objetivo y la motivaci\u00f3n es poder estar ah\u00ed luchando por una medalla\u00bb, coment\u00f3 el pupilo de Alejandro Aragoneses, un t\u00e9cnico \u00abexcepcional\u00bb que est\u00e1 guiando su carrera.<\/p>\n<p>\u00abEn Espa\u00f1a tenemos unos entrenadores geniales y comprometidos. Este a\u00f1o, en verano, estuvo conmigo de concentraci\u00f3n cuando estaba de vacaciones con su familia. Trabajaba de nueve a cinco y luego ya se iba con ellos\u00bb, concluy\u00f3.<\/p>\n","protected":false},"excerpt":{"rendered":"Tokio La espa\u00f1ola Mar\u00eda P\u00e9rez, con un tiempo de 1h25:54, logr\u00f3 este s\u00e1bado la medalla de oro en&hellip;\n","protected":false},"author":2,"featured_media":127304,"comment_status":"","ping_status":"","sticky":false,"template":"","format":"standard","meta":{"footnotes":""},"categories":[5],"tags":[41255,17,18,23051,7026,25,24,18664,13,14,11,19,20,9,10,15,16,20206,23,12,41256,21,22],"class_list":{"0":"post-127303","1":"post","2":"type-post","3":"status-publish","4":"format-standard","5":"has-post-thumbnail","7":"category-titulares","8":"tag-athletics-world-championships","9":"tag-breaking-news","10":"tag-breakingnews","11":"tag-championship","12":"tag-competition","13":"tag-es","14":"tag-espana","15":"tag-exercise","16":"tag-featured-news","17":"tag-featurednews","18":"tag-headlines","19":"tag-latest-news","20":"tag-latestnews","21":"tag-news","22":"tag-noticias","23":"tag-noticias-destacadas","24":"tag-noticiasdestacadas","25":"tag-outdoor","26":"tag-spain","27":"tag-titulares","28":"tag-tokyo25","29":"tag-ultimas-noticias","30":"tag-ultimasnoticias"},"share_on_mastodon":{"url":"","error":""},"_links":{"self":[{"href":"https:\/\/www.europesays.com\/es\/wp-json\/wp\/v2\/posts\/127303","targetHints":{"allow":["GET"]}}],"collection":[{"href":"https:\/\/www.europesays.com\/es\/wp-json\/wp\/v2\/posts"}],"about":[{"href":"https:\/\/www.europesays.com\/es\/wp-json\/wp\/v2\/types\/post"}],"author":[{"embeddable":true,"href":"https:\/\/www.europesays.com\/es\/wp-json\/wp\/v2\/users\/2"}],"replies":[{"embeddable":true,"href":"https:\/\/www.europesays.com\/es\/wp-json\/wp\/v2\/comments?post=127303"}],"version-history":[{"count":0,"href":"https:\/\/www.europesays.com\/es\/wp-json\/wp\/v2\/posts\/127303\/revisions"}],"wp:featuredmedia":[{"embeddable":true,"href":"https:\/\/www.europesays.com\/es\/wp-json\/wp\/v2\/media\/127304"}],"wp:attachment":[{"href":"https:\/\/www.europesays.com\/es\/wp-json\/wp\/v2\/media?parent=127303"}],"wp:term":[{"taxonomy":"category","embeddable":true,"href":"https:\/\/www.europesays.com\/es\/wp-json\/wp\/v2\/categories?post=127303"},{"taxonomy":"post_tag","embeddable":true,"href":"https:\/\/www.europesays.com\/es\/wp-json\/wp\/v2\/tags?post=127303"}],"curies":[{"name":"wp","href":"https:\/\/api.w.org\/{rel}","templated":true}]}}