{"id":127305,"date":"2025-09-20T11:22:05","date_gmt":"2025-09-20T11:22:05","guid":{"rendered":"https:\/\/www.europesays.com\/es\/127305\/"},"modified":"2025-09-20T11:22:05","modified_gmt":"2025-09-20T11:22:05","slug":"abanca-ademar-bm-granollers-duelo-de-historicos-en-el-palacio-mas-deportes","status":"publish","type":"post","link":"https:\/\/www.europesays.com\/es\/127305\/","title":{"rendered":"ABANCA ADEMAR &#8211; BM GRANOLLERS duelo de hist\u00f3ricos en el Palacio | M\u00e1s deportes"},"content":{"rendered":"<p class=\"loc\">Le\u00f3n <\/p>\n<p>El domingo a partir de las 12.30 horas el Palacio Municipal de los Deportes acoger\u00e1 uno de los grandes partidos que al d\u00eda de hoy se puede ver en la Liga Asobal. Y es que tanto los leoneses como los catalanes siempre estan en todas las quinielas para hacer cosas importantes <\/p>\n<p>El ABANCA Ademar ha trabajado durante la semana con la tranquilidad que da debutar en la competici\u00f3n con una victoria en la simpre complicada pista del Cangas del Morrazo (25-29). Los siete d\u00edas de entrenamiento tambi\u00e9n ha servido para ir recueprando a jugadores que arrastran distintos problema f\u00edsicos como el extremo Sergio S\u00e1nchez y el lateral Patrik Wazyak <\/p>\n<p>El Granollers llega a Le\u00f3n con su habitual propuesta de juego donde los ataques est\u00e1n por encima de las defensas y es que el equipo de Antonio Rama se encuentra muy c\u00f3modo el partidos con tanteadores altos. Una vez m\u00e1s los vallesanos han apostado por incorporar a jugadores con una una gran proyecci\u00f3n como es el caso del portero Luka Krivokapic o el lateral de 18 a\u00f1os Marcos Fis que va a ser una de las sensaciones de la Liga Asobal <\/p>\n<p>ABANCA ADEMAR: Saeid, Gonzalo P\u00e9rez, Dar\u00edo S\u00e1nz, Benites, Rodrigo P\u00e9rez Arce, Edu Fern\u00e1ndez, Aitor Albizu <\/p>\n<p>BM Granollers: Krivokapic, Jordi Deumal, Pablo Urdangar\u00edn, Adri\u00e1 Figueras, Palomino, Tarsicio Freitas, Marcos Fis <\/p>\n<p>PABELL\u00d3N MUNICIPAL DE LOS DEPORTES: Domingo 12&#8243;30 horas <\/p>\n","protected":false},"excerpt":{"rendered":"Le\u00f3n El domingo a partir de las 12.30 horas el Palacio Municipal de los Deportes acoger\u00e1 uno de&hellip;\n","protected":false},"author":2,"featured_media":127306,"comment_status":"","ping_status":"","sticky":false,"template":"","format":"standard","meta":{"footnotes":""},"categories":[278],"tags":[376,168,25,24,375,23,167],"class_list":{"0":"post-127305","1":"post","2":"type-post","3":"status-publish","4":"format-standard","5":"has-post-thumbnail","7":"category-balonmano","8":"tag-balonmano","9":"tag-deportes","10":"tag-es","11":"tag-espana","12":"tag-handball","13":"tag-spain","14":"tag-sports"},"share_on_mastodon":{"url":"","error":""},"_links":{"self":[{"href":"https:\/\/www.europesays.com\/es\/wp-json\/wp\/v2\/posts\/127305","targetHints":{"allow":["GET"]}}],"collection":[{"href":"https:\/\/www.europesays.com\/es\/wp-json\/wp\/v2\/posts"}],"about":[{"href":"https:\/\/www.europesays.com\/es\/wp-json\/wp\/v2\/types\/post"}],"author":[{"embeddable":true,"href":"https:\/\/www.europesays.com\/es\/wp-json\/wp\/v2\/users\/2"}],"replies":[{"embeddable":true,"href":"https:\/\/www.europesays.com\/es\/wp-json\/wp\/v2\/comments?post=127305"}],"version-history":[{"count":0,"href":"https:\/\/www.europesays.com\/es\/wp-json\/wp\/v2\/posts\/127305\/revisions"}],"wp:featuredmedia":[{"embeddable":true,"href":"https:\/\/www.europesays.com\/es\/wp-json\/wp\/v2\/media\/127306"}],"wp:attachment":[{"href":"https:\/\/www.europesays.com\/es\/wp-json\/wp\/v2\/media?parent=127305"}],"wp:term":[{"taxonomy":"category","embeddable":true,"href":"https:\/\/www.europesays.com\/es\/wp-json\/wp\/v2\/categories?post=127305"},{"taxonomy":"post_tag","embeddable":true,"href":"https:\/\/www.europesays.com\/es\/wp-json\/wp\/v2\/tags?post=127305"}],"curies":[{"name":"wp","href":"https:\/\/api.w.org\/{rel}","templated":true}]}}