{"id":127309,"date":"2025-09-20T11:24:13","date_gmt":"2025-09-20T11:24:13","guid":{"rendered":"https:\/\/www.europesays.com\/es\/127309\/"},"modified":"2025-09-20T11:24:13","modified_gmt":"2025-09-20T11:24:13","slug":"la-caida-de-los-fighting-nerds-el-ex-equipo-de-moda-en-la-ufc","status":"publish","type":"post","link":"https:\/\/www.europesays.com\/es\/127309\/","title":{"rendered":"La ca\u00edda de los &#8216;Fighting Nerds&#8217;, el ex equipo de moda en la UFC"},"content":{"rendered":"<p data-mrf-recirculation=\"Links P\u00e1rrafos\" class=\"ue-c-article__paragraph paragraph ue-c-article--first-letter-highlighted\">Hace apenas <strong>cinco meses<\/strong>, todo el mundo hablaba de los &#8216;Fighting Nerds&#8217; como <strong>futuros campeones<\/strong> de sus respectivas divisiones. Este reputado equipo brasile\u00f1o hab\u00eda arrasado en la UFC, consiguiendo un r\u00e9cord invicto de <strong>19-0<\/strong> entre cuatro peleadores: Jean Silva, Carlos Prates, Mauricio Ruffy y Caio Borralho. Sin embargo, desde entonces han acumulado <strong>cuatro derrotas y una victoria<\/strong>, lo que ha echado por la borda cualquier<strong> hype <\/strong>que hubiese sobre ellos. Ninguno de ellos se mantiene <strong>invicto<\/strong> en la UFC, y su sue\u00f1o de ser campeones a d\u00eda de hoy se antoja como un<strong> reto dif\u00edcil<\/strong> por sus recientes actuaciones.<\/p>\n<p data-mrf-recirculation=\"Links P\u00e1rrafos\" class=\"ue-c-article__paragraph paragraph\">El primero en caer fue<strong> Prates<\/strong>. El peleador brasile\u00f1o perdi\u00f3 contra Ian Garry\u00a0en un combate que de haber ganado le podr\u00eda haber dado la<strong> oportunidad titular<\/strong> en el peso w\u00e9lter. Eso s\u00ed, a pesar de que\u00a0&#8216;The Nightmare&#8217; era a priori el eslab\u00f3n<strong> m\u00e1s d\u00e9bil <\/strong>del equipo por su vicio con el<strong> tabaco,<\/strong>\u00a0a d\u00eda de hoy es el que est\u00e1 en mejor estado de forma. Tras aquella derrota, Prates se repuso en el UFC 319 con un brutal <strong>codazo giratorio<\/strong> a Geoff Neal que podr\u00eda servir de ejemplo a sus compa\u00f1eros.<\/p>\n<p data-mrf-recirculation=\"Links P\u00e1rrafos\" class=\"ue-c-article__paragraph paragraph\">El d\u00eda m\u00e1s <strong>tr\u00e1gico<\/strong> del equipo lleg\u00f3 en el UFC Par\u00eds de hace semana y media. All\u00ed competian Mauricio Ruffy y Caio Borralho en el evento co estelar y estelar, y lo que parec\u00eda que ser\u00eda una<strong> fiesta<\/strong> para los &#8216;Fighting Nerds&#8217; lo acab\u00f3 siendo para Francia.\u00a0<\/p>\n<p data-mrf-recirculation=\"Links P\u00e1rrafos\" class=\"ue-c-article__paragraph paragraph\">Primero fue <strong>Benoit Saint Denis <\/strong>el que dej\u00f3 en evidencia las<strong> pocas habilidades<\/strong> en la pelea en suelo de Ruffy, domin\u00e1ndole de manera apabullante durante dos asaltos hasta que le someti\u00f3 con un <strong>matale\u00f3n.<\/strong> Para m\u00e1s inri, pocos minutos m\u00e1s tarde fue<strong> Nassourdine Imavov <\/strong>el que venci\u00f3 a Caio Borralho por decisi\u00f3n un\u00e1nime y le dej\u00f3 sin <strong>oportunidad titular<\/strong> en el peso medio para confirmar la ca\u00edda del gimnasio brasile\u00f1o.<\/p>\n<p><img decoding=\"async\" width=\"3000\" height=\"1688\" class=\"ue-c-article__image lazyload\" alt=\"Carlos Prates, Mauricio Ruffy, Caio Borralho y Jean Silva\" loading=\"lazy\" src=\"https:\/\/www.europesays.com\/es\/wp-content\/uploads\/2025\/09\/1758367453_693_6860b88449519.jpeg\"\/><\/p>\n<p>Carlos Prates, Mauricio Ruffy, Caio Borralho y Jean SilvaUFC.<\/p>\n<p>Jean Silva muere de pie<\/p>\n<p data-mrf-recirculation=\"Links P\u00e1rrafos\" class=\"ue-c-article__paragraph paragraph\">La <strong>\u00faltima baza<\/strong> del equipo era Jean Silva, que se midi\u00f3 este pasado s\u00e1bado en el evento estelar del UFC Noche a <strong>Diego Lopes.<\/strong> &#8216;Lord&#8217; ven\u00eda arrasando con sus rivales en la divisi\u00f3n de peso pluma, y los expertos le catalogaban como el <strong>m\u00e1s talentoso<\/strong> de los cuatro. Sin embargo, durante la semana de combate ya se le vio m\u00e1s <strong>sentimental<\/strong> de lo normal, algo que tambi\u00e9n le ocurri\u00f3 en la pelea y lo<strong> pag\u00f3 caro.<\/strong><\/p>\n<p data-mrf-recirculation=\"Links P\u00e1rrafos\" class=\"ue-c-article__paragraph paragraph\">Lopes, al igual que hizo Saint Denis siete d\u00edas antes con Ruffy, <strong>evidenci\u00f3<\/strong> la diferencia abismal en el suelo que hab\u00eda entre \u00e9l y Silva en el primer asalto, y a punto estuvo de <strong>finalizarle<\/strong>. El segundo, sin embargo, fue una <strong>guerra. <\/strong>De hecho, era Silva el que parec\u00eda tener todas las de ganar, ya que se hab\u00eda <strong>repuesto <\/strong>de la paliza del primer round y estaba conectando a Diego con golpes de poder. Sin embargo, Lopes encontr\u00f3 un <strong>codazo giratorio <\/strong>en el momento exacto y volvi\u00f3 a demostrar una vez m\u00e1s que en la UFC hay <strong>niveles y niveles.<\/strong><\/p>\n<p data-mrf-recirculation=\"Links P\u00e1rrafos\" class=\"ue-c-article__paragraph paragraph\">El r\u00e9cord de los &#8216;Figthting Nerds&#8217; ha pasado de 19-0 a <strong>20-4<\/strong>, y ahora ninguna de las cuatro estrellas tiene como objetivo el<strong> cintur\u00f3n<\/strong> a corto plazo. El siguiente en aparecer ser\u00e1 Prates, que se enfrentar\u00e1 a todo un ex campe\u00f3n del peso w\u00e9lter como <strong>Leon Edwards<\/strong> en el UFC 322 de noviembre. El <strong>Madison Square Garden<\/strong> podr\u00eda ser el escenario id\u00f3neo para un <strong>resurgir<\/strong> del equipo, ya que si el brasile\u00f1o gana al brit\u00e1nico tendr\u00eda a tiro una oportunidad por el cintur\u00f3n. Sin embargo, durante las \u00faltimas semanas se ha visto que les queda <strong>mucho trabajo <\/strong>por hacer.\u00a0<\/p>\n","protected":false},"excerpt":{"rendered":"Hace apenas cinco meses, todo el mundo hablaba de los &#8216;Fighting Nerds&#8217; como futuros campeones de sus respectivas&hellip;\n","protected":false},"author":2,"featured_media":127310,"comment_status":"","ping_status":"","sticky":false,"template":"","format":"standard","meta":{"footnotes":""},"categories":[276],"tags":[168,25,24,23,167,343],"class_list":{"0":"post-127309","1":"post","2":"type-post","3":"status-publish","4":"format-standard","5":"has-post-thumbnail","7":"category-ufc","8":"tag-deportes","9":"tag-es","10":"tag-espana","11":"tag-spain","12":"tag-sports","13":"tag-ufc"},"share_on_mastodon":{"url":"","error":""},"_links":{"self":[{"href":"https:\/\/www.europesays.com\/es\/wp-json\/wp\/v2\/posts\/127309","targetHints":{"allow":["GET"]}}],"collection":[{"href":"https:\/\/www.europesays.com\/es\/wp-json\/wp\/v2\/posts"}],"about":[{"href":"https:\/\/www.europesays.com\/es\/wp-json\/wp\/v2\/types\/post"}],"author":[{"embeddable":true,"href":"https:\/\/www.europesays.com\/es\/wp-json\/wp\/v2\/users\/2"}],"replies":[{"embeddable":true,"href":"https:\/\/www.europesays.com\/es\/wp-json\/wp\/v2\/comments?post=127309"}],"version-history":[{"count":0,"href":"https:\/\/www.europesays.com\/es\/wp-json\/wp\/v2\/posts\/127309\/revisions"}],"wp:featuredmedia":[{"embeddable":true,"href":"https:\/\/www.europesays.com\/es\/wp-json\/wp\/v2\/media\/127310"}],"wp:attachment":[{"href":"https:\/\/www.europesays.com\/es\/wp-json\/wp\/v2\/media?parent=127309"}],"wp:term":[{"taxonomy":"category","embeddable":true,"href":"https:\/\/www.europesays.com\/es\/wp-json\/wp\/v2\/categories?post=127309"},{"taxonomy":"post_tag","embeddable":true,"href":"https:\/\/www.europesays.com\/es\/wp-json\/wp\/v2\/tags?post=127309"}],"curies":[{"name":"wp","href":"https:\/\/api.w.org\/{rel}","templated":true}]}}