{"id":127317,"date":"2025-09-20T11:29:07","date_gmt":"2025-09-20T11:29:07","guid":{"rendered":"https:\/\/www.europesays.com\/es\/127317\/"},"modified":"2025-09-20T11:29:07","modified_gmt":"2025-09-20T11:29:07","slug":"cob-basquet-coruna-el-ultimo-con-balas-de-fogueo","status":"publish","type":"post","link":"https:\/\/www.europesays.com\/es\/127317\/","title":{"rendered":"COB-Basquet Coru\u00f1a, el \u00faltimo con balas de fogueo"},"content":{"rendered":"<p class=\"paragraph-atom &#10;        B-500-500-700-N B-600-500-700-N--md  \"><strong>El <\/strong><a href=\"https:\/\/www.laregion.es\/zona-cob\/\" rel=\"nofollow noopener\" target=\"_blank\"><strong>COB<\/strong> <\/a>cuenta las horas para guardar el traje de pretemporada en el armario y activar el modo curso baloncest\u00edstico 25-26 al m\u00e1ximo rendimiento. <strong>\u00daltimo partido amistoso para un equipo que ya mira de reojo el estreno liguero del pr\u00f3ximo s\u00e1bado en Alicante<\/strong>. Antes toca verse las caras ante un vecino y rival esta campa\u00f1a, el <strong>Basquet Coru\u00f1a<\/strong>, en un duelo que se disputar\u00e1 en el Lal\u00edn Arena para dirimir el Torneo Kil\u00f3metro 0 del municipio pontevedr\u00e9s desde las 12:30 horas.<\/p>\n<p class=\"paragraph-atom &#10;        B-500-500-700-N B-600-500-700-N--md  \"><strong>Ser\u00e1 la guinda para una preparaci\u00f3n dura<\/strong>. Entre equipos de ACB e iguales de Primera FEB, los cobistas tratan de conjuntar las piezas, asimilar el plan de juego y crear esa qu\u00edmica tan necesaria. No estuvieron siempre todos los que son y, hoy, no ser\u00e1 una excepci\u00f3n.<strong> Regresa Rafa Lisboa<\/strong>, que tras un sobresaliente Eurobasket y unos d\u00edas de respiro, disputar\u00e1 su primer y \u00faltimo amistoso con el COB. Pero <strong>faltar\u00e1 Kingsley Okanu<\/strong>, al que la burocracia habitual (y tediosa) en estos casos le ha llevado temporalmente a Estados Unidos, aunque se espera su regreso para principios de esta pr\u00f3xima semana.<\/p>\n<p class=\"paragraph-atom &#10;        B-500-500-700-N B-600-500-700-N--md  \">El partido servir\u00e1 para ver la evoluci\u00f3n de un equipo que va cogiendo el tono. Los primeros partidos sirvieron para ver que los j\u00f3venes piden paso con argumentos y As Burgas Cup, el pasado fin de semana, permiti\u00f3 comprobar la regularidad de McDonnell o el paso adelante de Kalscheur. El regreso de Lisboa har\u00e1 tambi\u00e9n que J\u00fcrgens no sea tan necesario en el puesto de base y pueda mostrarse en posiciones en las que se sienta m\u00e1s c\u00f3modo.<\/p>\n<p>        Potencial<\/p>\n<p class=\"paragraph-atom &#10;        B-500-500-700-N B-600-500-700-N--md  \"><strong>Al otro lado estar\u00e1 un B\u00e1squet Coru\u00f1a que ya ha asumido su fugaz paso por la \u00e9lite<\/strong> y que quiere recuperar su sitio por la v\u00eda r\u00e1pida. Ha montado un equipo de nivel, con jugadores de referencia en la categor\u00eda dirigidos por Carles Marco pizarra en mano. Jugadores nuevos en la ciudad herculina que han dejado sensaciones muy positivas en este periodo de preparaci\u00f3n. En su \u00faltimo compromiso, remontaron y <strong>vencieron al Oporto en O Dragao por 79-86<\/strong>. Pacheco, Cuevas, Cremo o Jorgensen son algunos de los importantes en el equipo naranja.<\/p>\n<p class=\"paragraph-atom &#10;        B-500-500-700-N B-600-500-700-N--md  \">Otra piedra de toque de categor\u00eda para el COB en este final de verano y principio de oto\u00f1o. La m\u00e1s que asumible distancia entre Ourense y Lal\u00edn facilitar\u00e1 que un buen n\u00famero de cobistas vean en vivo y en directo la despedida de la pretemporada. Despu\u00e9s llegar\u00e1 lo \u201cgordo\u201d, <strong>la liga regular de Primera FEB<\/strong>, donde las balas no ser\u00e1n de fogueo y todos los equipos tirar\u00e1n a matar.<\/p>\n<p>\n        Relacionado\n    <\/p>\n","protected":false},"excerpt":{"rendered":"El COB cuenta las horas para guardar el traje de pretemporada en el armario y activar el modo&hellip;\n","protected":false},"author":2,"featured_media":127318,"comment_status":"","ping_status":"","sticky":false,"template":"","format":"standard","meta":{"footnotes":""},"categories":[269],"tags":[41257,299,298,4597,22068,7879,168,25,24,23,167,3667],"class_list":{"0":"post-127317","1":"post","2":"type-post","3":"status-publish","4":"format-standard","5":"has-post-thumbnail","7":"category-baloncesto","8":"tag-balas","9":"tag-baloncesto","10":"tag-basketball","11":"tag-basquet","12":"tag-cob","13":"tag-coruna","14":"tag-deportes","15":"tag-es","16":"tag-espana","17":"tag-spain","18":"tag-sports","19":"tag-ultimo"},"share_on_mastodon":{"url":"","error":""},"_links":{"self":[{"href":"https:\/\/www.europesays.com\/es\/wp-json\/wp\/v2\/posts\/127317","targetHints":{"allow":["GET"]}}],"collection":[{"href":"https:\/\/www.europesays.com\/es\/wp-json\/wp\/v2\/posts"}],"about":[{"href":"https:\/\/www.europesays.com\/es\/wp-json\/wp\/v2\/types\/post"}],"author":[{"embeddable":true,"href":"https:\/\/www.europesays.com\/es\/wp-json\/wp\/v2\/users\/2"}],"replies":[{"embeddable":true,"href":"https:\/\/www.europesays.com\/es\/wp-json\/wp\/v2\/comments?post=127317"}],"version-history":[{"count":0,"href":"https:\/\/www.europesays.com\/es\/wp-json\/wp\/v2\/posts\/127317\/revisions"}],"wp:featuredmedia":[{"embeddable":true,"href":"https:\/\/www.europesays.com\/es\/wp-json\/wp\/v2\/media\/127318"}],"wp:attachment":[{"href":"https:\/\/www.europesays.com\/es\/wp-json\/wp\/v2\/media?parent=127317"}],"wp:term":[{"taxonomy":"category","embeddable":true,"href":"https:\/\/www.europesays.com\/es\/wp-json\/wp\/v2\/categories?post=127317"},{"taxonomy":"post_tag","embeddable":true,"href":"https:\/\/www.europesays.com\/es\/wp-json\/wp\/v2\/tags?post=127317"}],"curies":[{"name":"wp","href":"https:\/\/api.w.org\/{rel}","templated":true}]}}