{"id":127319,"date":"2025-09-20T11:30:07","date_gmt":"2025-09-20T11:30:07","guid":{"rendered":"https:\/\/www.europesays.com\/es\/127319\/"},"modified":"2025-09-20T11:30:07","modified_gmt":"2025-09-20T11:30:07","slug":"jugaremos-alla-donde-nos-digan-donde-nos-dejen-o-donde-se-pueda","status":"publish","type":"post","link":"https:\/\/www.europesays.com\/es\/127319\/","title":{"rendered":"\u201cJugaremos all\u00e1 donde nos digan, donde nos dejen o donde se pueda\u201d"},"content":{"rendered":"<p>El\u00a0<a href=\"https:\/\/unionrayo.com\/\" rel=\"nofollow noopener\" target=\"_blank\">Rayo Vallecano<\/a>\u00a0recibe este\u00a0<strong>domingo 21 de septiembre a las 14:00 horas al Celta de Vigo <\/strong>en el estadio de Vallecas para disputar la jornada 5 de <a href=\"https:\/\/www.laliga.com\/es-GB\" target=\"_blank\" rel=\"noreferrer noopener nofollow\">LaLiga<\/a>. I\u00f1igo P\u00e9rez, en la previa del partido, ha atendido a los medios de comunicaci\u00f3n para analizar los temas clave antes del partido liguero.<\/p>\n<p>Declaraciones de I\u00f1igo P\u00e9rez en la rueda de prensa previa<\/p>\n<p>\u201cCada partido tiene la misma importancia respecto a la victoria. Pensar que llevamos tiempo sin ganar genera estr\u00e9s. La estad\u00edstica es paja pura. Hay que centrarse en el proceso de entrenamiento\u201d.<\/p>\n<p>\u201cLa presi\u00f3n alta es uno de nuestros factores para acercarnos a la victoria. Ser\u00e1 uno de los puntos en el que los dos equipos haremos mucho \u00e9nfasis\u201d.<\/p>\n<p>\u201cJugaremos all\u00e1 donde nos digan, donde nos dejen o donde se pueda. El periodo de extendernos en lo extradeportivo ya ha pasado. El campo est\u00e1 bien, est\u00e1 en buen estado. Es l\u00f3gico que haya mejorado porque llevamos tiempo sin venir\u201d.<\/p>\n<p>\u201cVeo al Celta muy bien, les veo igual que cuando jugamos contra ellos a final de temporada. No veo diferencias. Est\u00e1n en una situaci\u00f3n muy parecida a nosotros. Les veo en el camino nuestro. Su entrenador es fant\u00e1stico\u201d.<\/p>\n<p>\u201cPonerse por delante es muy importante para ambos equipos. La Segunda parte contra ellos nos ha costado en las \u00faltimas temporadas. Va a ser un partido bonito. Lo principal va a ser defender su potencial ofensivo\u201d.<\/p>\n<p>\u201cCualquier otro mensaje que no sea conseguir la permanencia es equivoco. Esto se demostr\u00f3 el a\u00f1o pasado. Es una realidad del club, cuanto antes lo aceptemos mucho mejor\u201d.<\/p>\n<p>\u201cRespecto a Andrei Ratiu no le veo afectado, le veo bien. No creo que est\u00e9 por debajo del nivel mostrado el a\u00f1o pasado. Es pr\u00e1cticamente imposible que muestre el mismo nivel que el a\u00f1o pasado. Su objetivo es permanecer en esa altura\u201d.<\/p>\n<p>\u201cContra los grandes sino juegas muy bien no ganas. A pesar de que el a\u00f1o pasado eramos el Rayo Matagigantes no matamos a ninguno de los seis primeros. Tuvimos un saldo positivo contra los de \u201cnuestra liga\u201d.<\/p>\n<p>\u201cTodos los jugadores de la plantilla est\u00e1n por su rendimiento deportivo. Si Trejo est\u00e1 en el Rayo por su nivel. En lo extradeportivo todo sabemos el peso que tiene. El sigue entrenando como cuando era titular. Esto es una competici\u00f3n\u201d.<\/p>\n<p>\u201cRespecto a Luis Felipe va a estar un tiempo fuera, no se cu\u00e1nto. Cualquier jugador se ha lesionado y sabe cu\u00e1l es el proceso de recuperaci\u00f3n\u201d.<\/p>\n<p>\u201cNteka tiene una tendinitis en la rodilla. Est\u00e1 llevando un proceso de adaptaci\u00f3n. Fran P\u00e9rez ya se ha reincorporado con el grupo. No podemos sacrificar a nadie. Tengo una plantilla amplia, no podemos suicidarnos en este sentido\u201d.<\/p>\n<p>\u201cVeo muy bien a Alem\u00e3o. Ha ca\u00eddo de pie en el vestuario. Es una gozada que cuando t\u00fa fichas a alguien caiga de este modo. A nivel deportivo tiene que ir conociendo a los compa\u00f1eros y adaptarse a mecanismos\u201d.<\/p>\n<p>\u201cEl tema de la afici\u00f3n visitante es otro tema a tratar. Podemos dar nuestra opini\u00f3n, pero no podemos ir mucho m\u00e1s all\u00e1. Hay muchos asuntos extradeportivos muy importantes, pero no podemos alejarnos de lo deportivo. Hemos perdido el equilibrio\u201d.<\/p>\n<p>\u201cNo me preocupa la lesi\u00f3n de los centrales. Tenemos a Mumin que est\u00e1 en otro escenario. Tenemos a Nobel que entrena muy bien pero hay que tener mano izquierda con \u00e9l para frenarle. Tenemos varios jugadores en esa posici\u00f3n y estamos cubiertos\u201d.<\/p>\n<p>\u201cSobre las respuestas del aficionado nunca podemos entrar a juzgar. Aridane ha sido excelente en lo que ha aportado en el vestuario. Para m\u00ed su tramo final de temporada del a\u00f1o pasado no es f\u00e1cil hacerlo y a nivel deportivo fue de los mejores. Le deseo lo mejor a Aridane en su nueva etapa\u201d<\/p>\n<p><a href=\"https:\/\/www.europesays.com\/es\/wp-content\/uploads\/2025\/09\/Inigo-Perez-1.jpeg\"><img loading=\"lazy\" decoding=\"async\" src=\"https:\/\/www.europesays.com\/es\/wp-content\/uploads\/2025\/09\/Inigo-Perez-1.jpeg\" class=\"aligncenter size-full wp-image-375257\" alt=\"I\u0301n\u0303igo Pe\u0301rez\" width=\"915\" height=\"572\" title=\"\u00cd\u00f1igo P\u00e9rez en la previa del Rayo \u2013 Celta: \u201cJugaremos all\u00e1 donde nos digan, donde nos dejen o donde se pueda\u201d 2\"  \/><\/a><\/p>\n<p>\u00a0<\/p>\n","protected":false},"excerpt":{"rendered":"El\u00a0Rayo Vallecano\u00a0recibe este\u00a0domingo 21 de septiembre a las 14:00 horas al Celta de Vigo en el estadio de&hellip;\n","protected":false},"author":2,"featured_media":127320,"comment_status":"","ping_status":"","sticky":false,"template":"","format":"standard","meta":{"footnotes":""},"categories":[268],"tags":[168,25,24,280,282,281,23,167],"class_list":{"0":"post-127319","1":"post","2":"type-post","3":"status-publish","4":"format-standard","5":"has-post-thumbnail","7":"category-futbol","8":"tag-deportes","9":"tag-es","10":"tag-espana","11":"tag-football","12":"tag-futbol","13":"tag-soccer","14":"tag-spain","15":"tag-sports"},"share_on_mastodon":{"url":"","error":""},"_links":{"self":[{"href":"https:\/\/www.europesays.com\/es\/wp-json\/wp\/v2\/posts\/127319","targetHints":{"allow":["GET"]}}],"collection":[{"href":"https:\/\/www.europesays.com\/es\/wp-json\/wp\/v2\/posts"}],"about":[{"href":"https:\/\/www.europesays.com\/es\/wp-json\/wp\/v2\/types\/post"}],"author":[{"embeddable":true,"href":"https:\/\/www.europesays.com\/es\/wp-json\/wp\/v2\/users\/2"}],"replies":[{"embeddable":true,"href":"https:\/\/www.europesays.com\/es\/wp-json\/wp\/v2\/comments?post=127319"}],"version-history":[{"count":0,"href":"https:\/\/www.europesays.com\/es\/wp-json\/wp\/v2\/posts\/127319\/revisions"}],"wp:featuredmedia":[{"embeddable":true,"href":"https:\/\/www.europesays.com\/es\/wp-json\/wp\/v2\/media\/127320"}],"wp:attachment":[{"href":"https:\/\/www.europesays.com\/es\/wp-json\/wp\/v2\/media?parent=127319"}],"wp:term":[{"taxonomy":"category","embeddable":true,"href":"https:\/\/www.europesays.com\/es\/wp-json\/wp\/v2\/categories?post=127319"},{"taxonomy":"post_tag","embeddable":true,"href":"https:\/\/www.europesays.com\/es\/wp-json\/wp\/v2\/tags?post=127319"}],"curies":[{"name":"wp","href":"https:\/\/api.w.org\/{rel}","templated":true}]}}