{"id":127321,"date":"2025-09-20T11:31:08","date_gmt":"2025-09-20T11:31:08","guid":{"rendered":"https:\/\/www.europesays.com\/es\/127321\/"},"modified":"2025-09-20T11:31:08","modified_gmt":"2025-09-20T11:31:08","slug":"los-looks-de-las-famosas-en-la-inauguracion-de-la-opera-en-el-teatro-real-de-madrid","status":"publish","type":"post","link":"https:\/\/www.europesays.com\/es\/127321\/","title":{"rendered":"los looks de las famosas en la inauguraci\u00f3n de la \u00f3pera en el Teatro Real de Madrid"},"content":{"rendered":"\n<p> Cuando quedan pocos d\u00edas para concluir el periodo estival, el <strong>Teatro Real de Madrid<\/strong> ha inaugurado su nueva temporada por todo lo alto. Lo ha hecho con Otello, la pen\u00faltima \u00f3pera de <strong>Giuseppe Verdi<\/strong>, basada en uno de los grandes dramas de <strong>Shakespeare<\/strong>. Una cita en la que, como era de esperar, estuvieron presentes diversos rostros conocidos de la <a href=\"https:\/\/www.vanitatis.elconfidencial.com\/novias\/2025-08-25\/grandes-bodas-temporada-otono-alta-sociedad-famosos_4194151\/\" target=\"_self\" rel=\"nofollow noopener\">alta sociedad<\/a> y la pol\u00edtica espa\u00f1ola. Destac\u00f3 la presencia de <strong>Isabel Preysler<\/strong>, <strong>Ana Botella, Cuca Gamarra <\/strong>y<strong> Paloma Segrelles<\/strong>. Todas ellas dieron una lecci\u00f3n de estilo antes de disfrutar de la funci\u00f3n. <\/p>\n<p>                Isabel Preysler             Isabel Preysler. (Gtres)             <\/p>\n<p> <a href=\"https:\/\/www.vanitatis.elconfidencial.com\/estilo\/moda\/2025-08-10\/isabel-preysler-vacaciones-maldivas-look-verano_4188959\/\" target=\"_self\" rel=\"nofollow noopener\">Isabel Preysler<\/a>, una de las asistentes que cop\u00f3 todas las miradas, apost\u00f3 por la <strong>sobriedad refinada<\/strong> con un traje sastre en azul marino oscuro, un tono que aporta luminosidad y suavidad. As\u00ed, la chaqueta, de corte impecable, combinada con un pantal\u00f3n recto, dibuja una silueta cl\u00e1sica que ella enriquece con un <strong>broche joya floral<\/strong> colocado estrat\u00e9gicamente sobre la solapa. Todo esto acompa\u00f1ado de un clutch r\u00edgido en la misma gama crom\u00e1tica y unos tacones discretos, confirmando, de este modo, el sello inconfundible de la socialit\u00e9: <strong>elegancia atemporal<\/strong> y sin estridencias. <\/p>\n<p>            Ana Botella             Ana Botella y Jos\u00e9 Mar\u00eda Aznar. (Gtres)             <\/p>\n<p> <a href=\"https:\/\/www.vanitatis.elconfidencial.com\/famosos\/2025-05-14\/alejandro-agag-abuela-ana-botella-teatro-real_4129637\/\" target=\"_self\" rel=\"nofollow noopener\">Ana Botella<\/a>, por otro lado, jug\u00f3 con uno de los d\u00faos crom\u00e1ticos m\u00e1s potentes de la moda: el <strong>blanco y rojo<\/strong>. Como se puede ver en la imagen, la esposa de Jos\u00e9 Mar\u00eda Aznar luci\u00f3 una <strong>blusa fluida blanca<\/strong>, de corte relajado, que aporta luz y naturalidad, y una falda midi en rojo vibrante con estampado geom\u00e9trico y drapeado envolvente. La <strong>abertura lateral<\/strong> introduce un gui\u00f1o de feminidad y dinamismo, equilibrando la sobriedad de la camisa. Lo acompa\u00f1\u00f3 con salones en tono nude y un clutch rojo. As\u00ed, abog\u00f3 por una apuesta que a\u00fana <strong>clasicismo y modernidad<\/strong>. <\/p>\n<p>            Cuca Gamarra             Cuca Gamarra. (Gtres)             <\/p>\n<p> <a href=\"https:\/\/www.vanitatis.elconfidencial.com\/estilo\/moda\/2022-04-01\/estilo-cuca-gamarra-secretaria-general-pp_3401579\/\" target=\"_self\" rel=\"nofollow noopener\">Cuca Gamarra<\/a> apareci\u00f3 con un look en <strong>tono ocre satinado<\/strong>. As\u00ed, demostr\u00f3 que los colores poco habituales pueden ser un acierto cuando est\u00e1n bien trabajados. La pol\u00edtica port\u00f3 una <strong>blusa camisera con volantes<\/strong>, que aportaba un aire rom\u00e1ntico y sofisticado, perfectamente equilibrado con el pantal\u00f3n fluido de ca\u00edda amplia. La <strong>cintura ce\u00f1ida<\/strong> estructura la silueta y evita que la fluidez del tejido resulte excesiva. Por otra parte, el <strong>brillo del sat\u00e9n<\/strong> eleva el look hacia un registro elegante y nocturno. Lo complement\u00f3 con unas sandalias de pulsera negras y un clutch r\u00edgido a juego. <\/p>\n<p>            Paloma Segrelles             Paloma Segrelles. (Gtres)             <\/p>\n<p> <strong>Paloma Segrelles<\/strong> fue otra de las asistentes que acapar\u00f3 miradas. Su propuesta fue la m\u00e1s <strong>arriesgada en color<\/strong>, pero tambi\u00e9n la m\u00e1s fresca y llamativa. Se trata de un <strong>vestido azul Klein de Maje<\/strong>, confeccionado en un tejido plisado que aporta movimiento y profundidad. El dise\u00f1o, como se aprecia, cuenta con un <strong>escote en pico<\/strong> que estiliza y una cintura fruncida que recrea el efecto reloj de arena. La elecci\u00f3n de los complementos rompe con lo previsible: clutch fucsia y <strong>zapatos bicolor con plataformas y lazo decorativo<\/strong>. Un estilismo vibrante que transmite energ\u00eda y confianza. <\/p>\n<p> Cuando quedan pocos d\u00edas para concluir el periodo estival, el <strong>Teatro Real de Madrid<\/strong> ha inaugurado su nueva temporada por todo lo alto. Lo ha hecho con Otello, la pen\u00faltima \u00f3pera de <strong>Giuseppe Verdi<\/strong>, basada en uno de los grandes dramas de <strong>Shakespeare<\/strong>. Una cita en la que, como era de esperar, estuvieron presentes diversos rostros conocidos de la <a href=\"https:\/\/www.vanitatis.elconfidencial.com\/novias\/2025-08-25\/grandes-bodas-temporada-otono-alta-sociedad-famosos_4194151\/\" target=\"_self\" rel=\"nofollow noopener\">alta sociedad<\/a> y la pol\u00edtica espa\u00f1ola. Destac\u00f3 la presencia de <strong>Isabel Preysler<\/strong>, <strong>Ana Botella, Cuca Gamarra <\/strong>y<strong> Paloma Segrelles<\/strong>. Todas ellas dieron una lecci\u00f3n de estilo antes de disfrutar de la funci\u00f3n. <\/p>\n","protected":false},"excerpt":{"rendered":"Cuando quedan pocos d\u00edas para concluir el periodo estival, el Teatro Real de Madrid ha inaugurado su nueva&hellip;\n","protected":false},"author":2,"featured_media":127322,"comment_status":"","ping_status":"","sticky":false,"template":"","format":"standard","meta":{"footnotes":""},"categories":[174],"tags":[255,146,147,25,24,256,23],"class_list":{"0":"post-127321","1":"post","2":"type-post","3":"status-publish","4":"format-standard","5":"has-post-thumbnail","7":"category-famosos","8":"tag-celebrities","9":"tag-entertainment","10":"tag-entretenimiento","11":"tag-es","12":"tag-espana","13":"tag-famosos","14":"tag-spain"},"share_on_mastodon":{"url":"","error":""},"_links":{"self":[{"href":"https:\/\/www.europesays.com\/es\/wp-json\/wp\/v2\/posts\/127321","targetHints":{"allow":["GET"]}}],"collection":[{"href":"https:\/\/www.europesays.com\/es\/wp-json\/wp\/v2\/posts"}],"about":[{"href":"https:\/\/www.europesays.com\/es\/wp-json\/wp\/v2\/types\/post"}],"author":[{"embeddable":true,"href":"https:\/\/www.europesays.com\/es\/wp-json\/wp\/v2\/users\/2"}],"replies":[{"embeddable":true,"href":"https:\/\/www.europesays.com\/es\/wp-json\/wp\/v2\/comments?post=127321"}],"version-history":[{"count":0,"href":"https:\/\/www.europesays.com\/es\/wp-json\/wp\/v2\/posts\/127321\/revisions"}],"wp:featuredmedia":[{"embeddable":true,"href":"https:\/\/www.europesays.com\/es\/wp-json\/wp\/v2\/media\/127322"}],"wp:attachment":[{"href":"https:\/\/www.europesays.com\/es\/wp-json\/wp\/v2\/media?parent=127321"}],"wp:term":[{"taxonomy":"category","embeddable":true,"href":"https:\/\/www.europesays.com\/es\/wp-json\/wp\/v2\/categories?post=127321"},{"taxonomy":"post_tag","embeddable":true,"href":"https:\/\/www.europesays.com\/es\/wp-json\/wp\/v2\/tags?post=127321"}],"curies":[{"name":"wp","href":"https:\/\/api.w.org\/{rel}","templated":true}]}}