{"id":127326,"date":"2025-09-20T11:37:21","date_gmt":"2025-09-20T11:37:21","guid":{"rendered":"https:\/\/www.europesays.com\/es\/127326\/"},"modified":"2025-09-20T11:37:21","modified_gmt":"2025-09-20T11:37:21","slug":"anaitasuna-arropa-a-asier-llamas","status":"publish","type":"post","link":"https:\/\/www.europesays.com\/es\/127326\/","title":{"rendered":"Anaitasuna arropa a Asier Llamas"},"content":{"rendered":"<p>\n        La <strong>selecci\u00f3n espa\u00f1ola absoluta <\/strong>se impuso ayer por 6-2 a la de Armenia en el primero de los dos amistosos que disputa en Navarra, esta vez ante un Anaitasuna entregado que se divirti\u00f3 con el combinado nacional y que arrop\u00f3 con cari\u00f1o a su 12, <a href=\"https:\/\/www.noticiasdenavarra.com\/tags\/asier-llamas\/\" title=\"Asier Llamas\" target=\"_blank\" class=\"link copy\" rel=\"nofollow noopener\">Asier Llamas<\/a>, portero de <strong>Osasuna Magna<\/strong>, que ocup\u00f3 la porter\u00eda de Espa\u00f1a en el segundo tiempo. Y no con poco trabajo.\n<\/p>\n<p class=\"article-body__text \">\n        La primera mitad, sin embargo, fue un mon\u00f3logo de los ayer locales. Todav\u00eda se estaban acomodando algunos de los espectadores cuando la selecci\u00f3n de Velasco dio el primer golpe. Adolfo anotaba el 1-0 al rematar de tac\u00f3n, de espaldas a la porter\u00eda, una asistencia de Ra\u00fal G\u00f3mez, llevando los primeros aplausos del partido a la grada.\n<\/p>\n<p class=\"article-body__text \">\n        Espa\u00f1a no se conform\u00f3 con ese primer tanto tempranero y, con un juego m\u00e1s vertical que su oponente, sigui\u00f3 amenazando la porter\u00eda del meta armenio Albert Aghajanov. La selecci\u00f3n de <strong>Ruben Narayan <\/strong>trataba de frenar el embate ofensivo espa\u00f1ol, que tuvo su recompensa gracias a la estrategia poco despu\u00e9s. A los ocho minutos de juego, Rivillos botaba una falta, se apoyaba en Antonio que se la devolv\u00eda y el centro chut del jugador del Palma Futsal lo remataba en \u00faltima instancia Javi M\u00ednguez. El exjugador del Ribera Navarra pon\u00eda el 2-0.\n<\/p>\n<p class=\"article-body__text \">\n        Espa\u00f1a encarrilaba el partido ante una Armenia clasificada para la cita continental. La escuadra de Velasco sigui\u00f3 presionando, acechando la porter\u00eda de su rival, que se dedicaba m\u00e1s a defenderse. En esta primera mitad, pocas fueron las aproximaciones a la meta de Chemi. Un tiro de Nevedrov que se fue al exterior de la red y otro de Sanosyan que se march\u00f3 fuera. Y poco m\u00e1s.\n<\/p>\n<p class=\"article-photo__footer\">\n            Javi Eseverri, exinternacional, fue homenajeado antes del partido.            I\u00f1aki Porto        <\/p>\n<p class=\"article-body__text \">\n        Espa\u00f1a a\u00fan tuvo tiempo de ampliar su renta antes del descanso con un zurdazo de Esteban que se convirti\u00f3 en el 3-0.\n<\/p>\n<p class=\"article-body__text \">\n        En la segunda parte, Chemi le cedi\u00f3 el testigo a Asier en la porter\u00eda. El portero del Xota fue recibido entre fuertes aplausos de Anaitasuna. Ya hab\u00eda protagonizado su primera gran intervenci\u00f3n cuando Antonio, con un derechazo desde lejos tras un saque de c\u00f3rner de Dani Zurdo, pon\u00eda el 4-0.\n<\/p>\n<p>  FICHA T\u00c9CNICA<\/p>\n<p><strong>ESPA\u00d1A <\/strong>Chemi, Ricardo, Ra\u00fal G\u00f3mez, Adolfo y Pablo Ram\u00edrez \u2013cinco inicial\u2013. Asier Llamas, Esteban, Diego Sancho, Javi M\u00ednguez, Adolfo, Mario Rivillos, Paniagua, Adri\u00e1n Rivera, Dani Zurdo Antonio y D\u00eddac.<\/p>\n<p><strong>ARMENIA <\/strong>Albert Aghajanov, Nikita Khromikh, Vladimir Sanosyan, Denis Nevedrov y Arsen Petrosov \u2013cinco inicial\u2013. Ghazaryan (portero), Artur Mkrtchyan, Mikayel Ghandilyan, Karen Muradyan, Sargis Margaryan, Arseni Petrosyan, Garegin Mashumyan, Artur Melkonian, Mikayel Aghajanov, Aghasi Yeghiazaryan, Mihran Dermenjyan, Artur Papatyan y Arsen Petrosov.<\/p>\n<p><strong>Goles <\/strong>1-0, m.1: Adolfo; 2-0, m.8: Javi M\u00ednguez; 3-0, m.20: Esteban; 4-0, m.22: Antonio; 5-0, m.26: Javi M\u00ednguez; 5-1, m.28: Arsen Petrosov; 6-1, m.30: Pablo Ram\u00edrez; 6-2, m.40: Margaryan.<\/p>\n<p><strong>\u00c1rbitros <\/strong>Sergio S\u00e1nchez y V\u00edctor Roca.<\/p>\n<p><strong>Pabell\u00f3n <\/strong>Anaitasuna. Unos 1.500 espectadores. Antes del partido se homenaje\u00f3 a Javi Eseverri, primer navarro en vestir la camiseta de la selecci\u00f3n espa\u00f1ola, con la que se proclam\u00f3 campe\u00f3n de Europa en 2007 y 2010. Recibi\u00f3 una camiseta con el n\u00famero 67, en reconocimiento a todas sus internacionalidades.<\/p>\n<p class=\"article-body__text \">\n        En este per\u00edodo se vio una Armenia m\u00e1s ofensiva, presionando con mayor ah\u00ednco a la defensa espa\u00f1ola y generando m\u00e1s peligro y ocasiones, muchas de las cuales obligaban a lucirse al meta de Irurtzun. Con todo, Espa\u00f1a volvi\u00f3 a golpear <strong>con un tanto de Javi M\u00ednguez <\/strong>(5-0, m.26), poco antes de que Arsen Petrosov acortase para Armenia (5-1,m.28).\n<\/p>\n<p class=\"article-body__text \">\n        Asier se encontr\u00f3 con mucho m\u00e1s trabajo en este acto, si bien Espa\u00f1a estaba m\u00e1s certera cuando llegaba. Pablo Ram\u00edrez se adjudic\u00f3 el 6-1 y poco despu\u00e9s el seleccionador armenio opt\u00f3 por atacar con cinco. A punto de cumplirse el tiempo, los armenios consiguieron <strong>recortar gracias a Margaryan <\/strong>(6-2), pero acabar\u00edan derrotados por una selecci\u00f3n espa\u00f1ola que se divirti\u00f3 en Anaitasuna.<\/p>\n","protected":false},"excerpt":{"rendered":"La selecci\u00f3n espa\u00f1ola absoluta se impuso ayer por 6-2 a la de Armenia en el primero de los&hellip;\n","protected":false},"author":2,"featured_media":127327,"comment_status":"","ping_status":"","sticky":false,"template":"","format":"standard","meta":{"footnotes":""},"categories":[93],"tags":[2617,19863,24034,168,25,24,9448,23,167],"class_list":{"0":"post-127326","1":"post","2":"type-post","3":"status-publish","4":"format-standard","5":"has-post-thumbnail","7":"category-deportes","8":"tag-anaitasuna","9":"tag-arropa","10":"tag-asier","11":"tag-deportes","12":"tag-es","13":"tag-espana","14":"tag-llamas","15":"tag-spain","16":"tag-sports"},"share_on_mastodon":{"url":"","error":""},"_links":{"self":[{"href":"https:\/\/www.europesays.com\/es\/wp-json\/wp\/v2\/posts\/127326","targetHints":{"allow":["GET"]}}],"collection":[{"href":"https:\/\/www.europesays.com\/es\/wp-json\/wp\/v2\/posts"}],"about":[{"href":"https:\/\/www.europesays.com\/es\/wp-json\/wp\/v2\/types\/post"}],"author":[{"embeddable":true,"href":"https:\/\/www.europesays.com\/es\/wp-json\/wp\/v2\/users\/2"}],"replies":[{"embeddable":true,"href":"https:\/\/www.europesays.com\/es\/wp-json\/wp\/v2\/comments?post=127326"}],"version-history":[{"count":0,"href":"https:\/\/www.europesays.com\/es\/wp-json\/wp\/v2\/posts\/127326\/revisions"}],"wp:featuredmedia":[{"embeddable":true,"href":"https:\/\/www.europesays.com\/es\/wp-json\/wp\/v2\/media\/127327"}],"wp:attachment":[{"href":"https:\/\/www.europesays.com\/es\/wp-json\/wp\/v2\/media?parent=127326"}],"wp:term":[{"taxonomy":"category","embeddable":true,"href":"https:\/\/www.europesays.com\/es\/wp-json\/wp\/v2\/categories?post=127326"},{"taxonomy":"post_tag","embeddable":true,"href":"https:\/\/www.europesays.com\/es\/wp-json\/wp\/v2\/tags?post=127326"}],"curies":[{"name":"wp","href":"https:\/\/api.w.org\/{rel}","templated":true}]}}