{"id":127350,"date":"2025-09-20T11:50:11","date_gmt":"2025-09-20T11:50:11","guid":{"rendered":"https:\/\/www.europesays.com\/es\/127350\/"},"modified":"2025-09-20T11:50:11","modified_gmt":"2025-09-20T11:50:11","slug":"bardet-lidera-una-parrilla-de-lujo-en-la-226ers-uci-gravel-world-series-en-sea-otter-europe-girona","status":"publish","type":"post","link":"https:\/\/www.europesays.com\/es\/127350\/","title":{"rendered":"Bardet lidera una parrilla de lujo en la 226ERS UCI Gravel World Series en Sea Otter Europe Girona"},"content":{"rendered":"<p>Romain Bardet ser\u00e1 la gran estrella de la 226ERS UCI Gravel World Series en Girona. Tras ganar ya dos pruebas esta temporada, el franc\u00e9s busca en la Sea Otter Europe su tercera victoria y confirma su candidatura al Mundial de Gravel 2025.<\/p>\n<blockquote class=\"quote-card lateral\">\n<p>Una carrera gravel en el coraz\u00f3n del gravel en Europa<\/p>\n<\/blockquote>\n<p>La ciudad de Girona volver\u00e1 a ser epicentro del ciclismo internacional con motivo de la <strong data-start=\"372\" data-end=\"429\">Shimano Sea Otter Europe Costa Brava-Girona by Garmin<\/strong>, que acoge este s\u00e1bado la segunda edici\u00f3n de la <strong data-start=\"478\" data-end=\"512\">226ERS UCI Gravel World Series<\/strong>. Una cita que se ha consolidado como una de las pruebas m\u00e1s importantes del calendario mundial de gravel y que, adem\u00e1s, es clasificatoria directa para el Mundial de la especialidad.<\/p>\n<p data-start=\"284\" data-end=\"696\">\n Contin\u00faa tras los patrocinadores<\/p>\n<p>M\u00e1s de 700 ciclistas de 46 pa\u00edses<\/p>\n<blockquote class=\"quote-card lateral\">\n<p>Mucha calidad y\u2026 tambi\u00e9n cantidad<\/p>\n<\/blockquote>\n<p>El \u00e9xito de la primera edici\u00f3n ha quedado refrendado con una participaci\u00f3n que supera los <strong data-start=\"828\" data-end=\"858\">700 inscritos de 46 pa\u00edses<\/strong>, lo que sit\u00faa a la prueba en un nivel competitivo sin precedentes. Entre ellos, m\u00e1s de un 20% ser\u00e1n mujeres, un dato que confirma el crecimiento y la consolidaci\u00f3n del gravel tambi\u00e9n en categor\u00eda femenina.<\/p>\n<p data-start=\"1068\" data-end=\"1316\">La salida tendr\u00e1 lugar en <strong data-start=\"1094\" data-end=\"1119\">C\u00e0rniques Jui\u00e0 (Jui\u00e0)<\/strong> y el recorrido llevar\u00e1 a los corredores a trav\u00e9s de los parajes del <strong data-start=\"1188\" data-end=\"1214\">Macizo de Les Gavarres<\/strong>, hasta entrar en el recinto ferial de la Sea Otter Europe, en el <strong data-start=\"1280\" data-end=\"1313\">Pabell\u00f3 Municipal de Fontajau<\/strong>.<\/p>\n<p><a href=\"https:\/\/esmtb.com\/wp-content\/uploads\/2025\/07\/foo.jpg\" rel=\"nofollow noopener\" target=\"_blank\"><img fetchpriority=\"high\" decoding=\"async\" class=\"size-large wp-image-153243 \" src=\"https:\/\/www.europesays.com\/es\/wp-content\/uploads\/2025\/09\/foo-1024x682.jpg\" alt=\"\" width=\"1024\" height=\"682\"  \/><\/a><\/p>\n<p class=\"wp-caption-text\">226ERS UCI Gravel World Series Girona<\/p>\n<p>Un recorrido exigente y decisivo<\/p>\n<blockquote class=\"quote-card lateral\">\n<p>El recorrido es duro y selectivo<\/p>\n<\/blockquote>\n<p>El trazado mantiene la esencia del a\u00f1o pasado, aunque con algunos ajustes: <strong data-start=\"1432\" data-end=\"1486\">100 kil\u00f3metros y 1.567 metros de desnivel positivo<\/strong>, combinando pistas r\u00e1pidas, tramos t\u00e9cnicos de tierra compacta y ascensiones de entidad.<\/p>\n<p data-start=\"1579\" data-end=\"1906\">La primera subida llegar\u00e1 pocos kil\u00f3metros despu\u00e9s de la salida, marcando las primeras diferencias. Sin embargo, el punto clave volver\u00e1 a estar en la <strong data-start=\"1729\" data-end=\"1767\">ascensi\u00f3n al Puig d\u2019Arques (533 m)<\/strong> en el kil\u00f3metro 46, una subida que puede romper la carrera antes de encarar descensos t\u00e9cnicos y el r\u00e1pido tramo final junto al r\u00edo Ter.<\/p>\n<p><a href=\"https:\/\/esmtb.com\/wp-content\/uploads\/2025\/07\/goo23.jpg\" rel=\"nofollow noopener\" target=\"_blank\"><img loading=\"lazy\" decoding=\"async\" class=\"size-large wp-image-153242 \" src=\"https:\/\/www.europesays.com\/es\/wp-content\/uploads\/2025\/09\/goo23-1024x683.jpg\" alt=\"\" width=\"1024\" height=\"683\"  \/><\/a><\/p>\n<p class=\"wp-caption-text\">226ERS UCI Gravel World Series Girona<\/p>\n<p>Romain Bardet, la gran estrella en Girona<\/p>\n<p data-start=\"1956\" data-end=\"2383\">La prueba contar\u00e1 con una de las figuras m\u00e1s reconocidas del ciclismo mundial: <strong data-start=\"2035\" data-end=\"2052\">Romain Bardet<\/strong>. El franc\u00e9s, doble ganador de etapa en el Tour de Francia y varias veces podio en la gran ronda gala, est\u00e1 viviendo una segunda juventud en el gravel. En su debut en la disciplina ha logrado ya <strong data-start=\"2247\" data-end=\"2305\">dos victorias en pruebas de la UCI Gravel World Series<\/strong> esta temporada (<a href=\"https:\/\/esmtb.com\/bardet-se-afianza-en-el-gravel-con-una-nueva-victoria-ahora-en-la-uci-gravel-world-series-de-les-angles\/\" target=\"_blank\" rel=\"noopener nofollow\">la \u00faltima la semana pasada<\/a>), demostrando una r\u00e1pida adaptaci\u00f3n y una ambici\u00f3n creciente.<\/p>\n<p data-start=\"2385\" data-end=\"2783\">Su presencia en Girona no pasa desapercibida: Bardet parece decidido a convertir el gravel en su nuevo territorio de \u00e9xito y todas sus miradas apuntan al <strong data-start=\"2539\" data-end=\"2565\">Mundial de Gravel 2025<\/strong>, donde ser\u00e1 uno de los grandes favoritos al t\u00edtulo. En la Sea Otter Europe volver\u00e1 a medirse contra los mejores especialistas del planeta, consolidando su transici\u00f3n de estrella del WorldTour a referente del gravel.<\/p>\n<p><a href=\"https:\/\/esmtb.com\/wp-content\/uploads\/2025\/09\/ausdj1.jpg\" rel=\"nofollow noopener\" target=\"_blank\"><img loading=\"lazy\" decoding=\"async\" class=\"size-large wp-image-155707 \" src=\"https:\/\/www.europesays.com\/es\/wp-content\/uploads\/2025\/09\/ausdj1-1024x683.jpg\" alt=\"\" width=\"1024\" height=\"683\"  \/><\/a><\/p>\n<p class=\"wp-caption-text\">Romain Bardet en acci\u00f3n<\/p>\n<p>Estrellas del ciclismo internacional en la parrilla<\/p>\n<p data-start=\"2843\" data-end=\"3150\">En categor\u00eda masculina, adem\u00e1s de Bardet, estar\u00e1n nombres como <strong data-start=\"2906\" data-end=\"2923\">Matej Mohoric<\/strong>, Campe\u00f3n del Mundo de Gravel en 2023; <strong data-start=\"2962\" data-end=\"2981\">Matevz Goveckar<\/strong>, vigente vencedor en Girona; <strong data-start=\"3011\" data-end=\"3134\">Dorian Godon, Iv\u00e1n Garc\u00eda Cortina, Jack Haig, Felipe Orts, Karl Platt, Tiago Ferreira, Aaron Van Der Beken o Petr Vako\u010d<\/strong>, entre otros.<\/p>\n<p data-start=\"3152\" data-end=\"3363\">En categor\u00eda femenina, la participaci\u00f3n tambi\u00e9n promete espect\u00e1culo con corredoras como <strong data-start=\"3240\" data-end=\"3360\">Morgan Aguirre, Tiffany Cromwell, Alison Jackson, Dani Shrosbree, \u00c9milie Morier, Anna Gabrielle Traxler y Marta Tor\u00e0<\/strong>.<\/p>\n<p>Una cita dentro del mayor festival ciclista<\/p>\n<p data-start=\"3415\" data-end=\"3831\">La 226ERS UCI Gravel World Series ser\u00e1 una de las competiciones estrella de la <strong data-start=\"3494\" data-end=\"3514\">Sea Otter Europe<\/strong>, que celebra este a\u00f1o su <strong data-start=\"3540\" data-end=\"3558\">novena edici\u00f3n<\/strong> entre el 19 y el 21 de septiembre. El festival de referencia en Europa ofrecer\u00e1 un ambiente ciclista \u00fanico con la presencia de las principales marcas del sector, la posibilidad de probar bicicletas, descubrir novedades y disfrutar de actividades para todos los p\u00fablicos.<\/p>\n<p data-start=\"3833\" data-end=\"4023\">Girona volver\u00e1 as\u00ed a convertirse en capital mundial del ciclismo, ofreciendo una jornada \u00e9pica en la que deporte, espect\u00e1culo y cultura ciclista se dar\u00e1n la mano en un entorno inmejorable.<\/p>\n","protected":false},"excerpt":{"rendered":"Romain Bardet ser\u00e1 la gran estrella de la 226ERS UCI Gravel World Series en Girona. Tras ganar ya&hellip;\n","protected":false},"author":2,"featured_media":127351,"comment_status":"","ping_status":"","sticky":false,"template":"","format":"standard","meta":{"footnotes":""},"categories":[273],"tags":[313,312,168,25,24,18236,23,167],"class_list":{"0":"post-127350","1":"post","2":"type-post","3":"status-publish","4":"format-standard","5":"has-post-thumbnail","7":"category-ciclismo","8":"tag-ciclismo","9":"tag-cycling","10":"tag-deportes","11":"tag-es","12":"tag-espana","13":"tag-gravel","14":"tag-spain","15":"tag-sports"},"share_on_mastodon":{"url":"","error":""},"_links":{"self":[{"href":"https:\/\/www.europesays.com\/es\/wp-json\/wp\/v2\/posts\/127350","targetHints":{"allow":["GET"]}}],"collection":[{"href":"https:\/\/www.europesays.com\/es\/wp-json\/wp\/v2\/posts"}],"about":[{"href":"https:\/\/www.europesays.com\/es\/wp-json\/wp\/v2\/types\/post"}],"author":[{"embeddable":true,"href":"https:\/\/www.europesays.com\/es\/wp-json\/wp\/v2\/users\/2"}],"replies":[{"embeddable":true,"href":"https:\/\/www.europesays.com\/es\/wp-json\/wp\/v2\/comments?post=127350"}],"version-history":[{"count":0,"href":"https:\/\/www.europesays.com\/es\/wp-json\/wp\/v2\/posts\/127350\/revisions"}],"wp:featuredmedia":[{"embeddable":true,"href":"https:\/\/www.europesays.com\/es\/wp-json\/wp\/v2\/media\/127351"}],"wp:attachment":[{"href":"https:\/\/www.europesays.com\/es\/wp-json\/wp\/v2\/media?parent=127350"}],"wp:term":[{"taxonomy":"category","embeddable":true,"href":"https:\/\/www.europesays.com\/es\/wp-json\/wp\/v2\/categories?post=127350"},{"taxonomy":"post_tag","embeddable":true,"href":"https:\/\/www.europesays.com\/es\/wp-json\/wp\/v2\/tags?post=127350"}],"curies":[{"name":"wp","href":"https:\/\/api.w.org\/{rel}","templated":true}]}}