{"id":127354,"date":"2025-09-20T11:52:07","date_gmt":"2025-09-20T11:52:07","guid":{"rendered":"https:\/\/www.europesays.com\/es\/127354\/"},"modified":"2025-09-20T11:52:07","modified_gmt":"2025-09-20T11:52:07","slug":"el-campeon-ficha-a-horton-tucker","status":"publish","type":"post","link":"https:\/\/www.europesays.com\/es\/127354\/","title":{"rendered":"El campe\u00f3n ficha a Horton-Tucker"},"content":{"rendered":"<p class=\"\">Otro movimiento muy importante en el mercado de la Euroliga se ha hecho ya oficial: Talen Horton-Tucker ha dada por finalizada su espera y, sin ofertas interesantes en la NBA, <b>ha dado el <\/b><b>s\u00ed <\/b><b>definitivo al Fenerbah\u00e7e, que ten\u00eda un acuerdo por dos temporadas cerrado <\/b>a falta tan s\u00f3lo de que, en efecto, el escolta de 24 a\u00f1os decidiera definitivamente dar el salto a Europa.<\/p>\n<p class=\"\">Nacido en Chidago, Horton-Tucker (1,93) jug\u00f3 en Iowa State una temporada y fue seleccionado con el pick 46 del draft 2019 de la NBA. <b>Los Magic se hicieron con \u00e9l pero lo traspasaron al momento a los Lakers,<\/b> <a href=\"https:\/\/as.com\/baloncesto\/2020\/10\/12\/nba\/1602468841_160217.html\" target=\"_self\" rel=\"nofollow noopener\" title=\"https:\/\/as.com\/baloncesto\/2020\/10\/12\/nba\/1602468841_160217.html\">donde fue campe\u00f3n en su primera temporada, un curso muy convulso<\/a> marcado por el par\u00f3n de la pandemia y el reinicio en la burbuja de Florida. <\/p>\n<p class=\"\">Precisamente en ese momento de la temporada, en los partidos sin p\u00fablico en el recinto de Disney World, <b>Horton-Tucker vivi\u00f3 su mejor momento en la NBA, el que lo situ\u00f3 como un jugador de futuro muy interesante <\/b>que luego no se ha materializado. En las semifinales de Conferencia, contra los Rockets, fue importante en el quinto partido, el que meti\u00f3 a los Lakers en la pen\u00faltima ronda, rumbo al anillo n\u00famero 17. Cuando este se concret\u00f3, Horton-Tucker <b>se convirti\u00f3 en el segundo campe\u00f3n m\u00e1s joven de la historia de la NBA (19 a\u00f1os y 322 d\u00edas)<\/b>. Hasta LeBron James cre\u00eda entonces que su joven compa\u00f1ero ten\u00eda madera de estrella.<\/p>\n<blockquote class=\"twitter-tweet\">\n<p lang=\"en\" dir=\"ltr\">When LeBron gives props, you know you\u2019re doing something right \ud83e\udd75\ud83c\uddfa\ud83c\uddf2<\/p>\n<p>\ud83d\udd384 years ago LeBron James high-praised his then-teammate and Fenerbahce&#8217;s new transfer, Talen Horton-Tucker <a href=\"https:\/\/t.co\/IGfEeEiPXc\" rel=\"nofollow\">pic.twitter.com\/IGfEeEiPXc<\/a><\/p>\n<p>\u2014 Eurohoops (@Eurohoopsnet) <a href=\"https:\/\/twitter.com\/Eurohoopsnet\/status\/1969325722683462082?ref_src=twsrc%5Etfw\" rel=\"nofollow noopener\" target=\"_blank\">September 20, 2025<\/a><\/p><\/blockquote>\n<p class=\"\">Por su potencial, <b>los Lakers le dieron un contrato de tres a\u00f1os y casi 31 millones de d\u00f3lares en el verano de 2021<\/b>, pero menos de trece meses despu\u00e9s fue traspasado a Utah Jazz, donde tampoco termin\u00f3 de explotar sus condiciones como buen generador de juego por, sobre todo, su capacidad en bote y penetraci\u00f3n.<b> En 247 partidos con los Lakers y los Jazz promedi\u00f3 9,8 puntos y 3,1 asistencias<\/b> en 21,1 minutos de media, pero luego su rendimiento cay\u00f3 mucho en los Bulls, su \u00faltimo equipo en la NBA (6,5 puntos de media la temporada pasada).<\/p>\n<p class=\"\">En el mercado veraniego no ha tenido las ofertas que esperaba ya hora intentar\u00e1 relanzar su trayectoria (seguramente con la idea de regresar a la NBA en el futuro) <b>en el Fenerabah\u00e7e, un campe\u00f3n de la Euroliga que cierra un fichaje de much\u00edsimo potencial. <\/b>Horton-Tucker se suma a <a href=\"https:\/\/as.com\/baloncesto\/euroliga\/el-camino-de-la-nba-a-la-euroliga-n\/\" target=\"_self\" rel=\"nofollow noopener\" title=\"https:\/\/as.com\/baloncesto\/euroliga\/el-camino-de-la-nba-a-la-euroliga-n\/\">otro NBA como el alero Brandon Boston, un p\u00edvot de mucho potencial reci\u00e9n salido de la universidad como Armando Bacot <\/a>y un cuatro de pedigr\u00ed Euroliga como el finland\u00e9s Mikael Jantunen. Los principales fichajes y, por lo tanto,<b> los obligados a hacer olvidar a Marko Guduric y Nigel Hayes-Davis (tambi\u00e9n a Errick McCollum)<\/b> en el Fenerbah\u00e7e de Jasikevicius, que tendr\u00e1 la presi\u00f3n de tratar de dar continuidad a <a href=\"https:\/\/as.com\/baloncesto\/euroliga\/el-madrid-del-curso-perfecto-tiene-heredero-10-anos-despues-n\/\" target=\"_self\" rel=\"nofollow noopener\" title=\"https:\/\/as.com\/baloncesto\/euroliga\/el-madrid-del-curso-perfecto-tiene-heredero-10-anos-despues-n\/\">una temporada perfecta en al que sell\u00f3 el triplete Liga-Copa-Euroliga<\/a>.<\/p>\n<p>Loyd completa un excelente Efes<\/p>\n<p class=\"\">La confirmaci\u00f3n del fichaje de Horton-Tucker por el Fenerabah\u00e7e llega poco despu\u00e9s de que se cerrara otra operaci\u00f3n que se daba ya por segura: Jordan Loyd, el escolta de Chicago (como Horton-Tucker) que jug\u00f3 un excelente Eurobasket con una Turqu\u00eda que lleg\u00f3 a cuartos de final,<b> se va traspasado al Efes, que abonar\u00e1 una cantidad (en torno a los 250.000 euros, en principio) por su salida al M\u00f3naco. <\/b>Loyd (32 a\u00f1os, 1,93) inicia as\u00ed una nueva andadura en Europa despu\u00e9s de promediar 22,4 puntos en el torneo de selecciones. <\/p>\n<blockquote class=\"twitter-tweet\">\n<p lang=\"tr\" dir=\"ltr\">Jordan Loyd\u2019un tak\u0131m\u0131m\u0131za transferi i\u00e7in AS Monaco ile anla\u015fma sa\u011flanm\u0131\u015ft\u0131r.<\/p>\n<p>Oyuncunun sa\u011fl\u0131k kontrollerinin ard\u0131ndan kendisiyle s\u00f6zle\u015fme imzalanacakt\u0131r. <a href=\"https:\/\/t.co\/ib2AmHmH1F\" rel=\"nofollow\">pic.twitter.com\/ib2AmHmH1F<\/a><\/p>\n<p>\u2014 Anadolu Efes SK (@AnadoluEfesSK) <a href=\"https:\/\/twitter.com\/AnadoluEfesSK\/status\/1969306903348928544?ref_src=twsrc%5Etfw\" rel=\"nofollow noopener\" target=\"_blank\">September 20, 2025<\/a><\/p><\/blockquote>\n<p class=\"\">En la pasada Euroliga, Loyd (que jug\u00f3 en el Valencia en la temporada 2019-20) firm\u00f3 una media de 9,4 puntos. Su llegada, concretada pese al inter\u00e9s de otros equipos como el Real Madrid,<b> remata un tremendo ejercicio de refuerzo de su proyecto de un Efes con pinta de aspirante al t\u00edtulo<\/b> aunque con, de entrada, <a href=\"https:\/\/as.com\/baloncesto\/euroliga\/la-lesion-de-poirier-mas-grave-de-lo-esperado-n\/\" target=\"_self\" rel=\"nofollow noopener\" title=\"https:\/\/as.com\/baloncesto\/euroliga\/la-lesion-de-poirier-mas-grave-de-lo-esperado-n\/\">la mala noticia de la grave lesi\u00f3n de Vincent Poirier, fuera de las pistas durante algunos meses<\/a> (al menos hasta enero) tras pasar por el quir\u00f3fano por un percance de rodilla durante la preparaci\u00f3n del Eurobasket, con Francia. <\/p>\n<p>Noticias relacionadas<a href=\"https:\/\/as.com\/baloncesto\/nba\/me-gustaria-retirarme-en-el-real-madrid-n\/\" class=\"s_m_w\" title=\"Luka Doncic no para de ser protagonista y en sus \u00faltimas declaraciones ha deslizado que podr\u00eda retirarse donde todo empez\u00f3: \u201cEllos me criaron\u201d.\" data-tb-link=\"\" rel=\"nofollow noopener\" target=\"_blank\"><img decoding=\"async\" src=\"https:\/\/www.europesays.com\/es\/wp-content\/uploads\/2025\/09\/1758369126_268_7N42SXMZGIG6OPJQK3ZPCJTCAE.jpg\" alt=\"\u201cMe gustar\u00eda retirarme en el Real Madrid\u201d\" class=\"\" height=\"1\" width=\"1\"   loading=\"lazy\" data-tb-thumbnail=\"\"\/><\/a><a href=\"https:\/\/as.com\/baloncesto\/nba\/silver-se-desmarca-del-modelo-champions-n\/\" class=\"s_m_w\" title=\"El comisionado no quiere que la competici\u00f3n europea de la NBA empiece m\u00e1s tarde de 2028, aunque reconoce que tendr\u00e1n dif\u00edcil llegar a tiempo para 2027. \" data-tb-link=\"\" rel=\"nofollow noopener\" target=\"_blank\"><img decoding=\"async\" src=\"https:\/\/www.europesays.com\/es\/wp-content\/uploads\/2025\/09\/1758369127_824_ERWFXJTO4SGZQV7B66WO7QTG64.jpg\" alt=\"Silver se desmarca del \u2018modelo Champions\u2019\" class=\"\" height=\"1\" width=\"1\"   loading=\"lazy\" data-tb-thumbnail=\"\"\/><\/a><\/p>\n<p class=\"\">El Efes tendr\u00e1 <b>una de las mejores rotaciones exteriores de Europa (Shane Larkin, Loyd, Rodrigue Beaubois, Isaia Cordinier, PJ Dozier, Nick Weiler-Babb),<\/b> aleros de primer nivel (Cole Swider, Ercan Osmani, Roland Smits\u2026) y un juego interior que, en espera del regreso de Poirier, cuenta con Brice Dessert, Georgios Papaggianis y un reci\u00e9n llegado de la NBA, el ultra f\u00edsico Kai Jones.<\/p>\n<p class=\"\"><b>\u00a1Tus opiniones importan!<\/b> Comenta en los art\u00edculos y suscr\u00edbete gratis a nuestra <a href=\"https:\/\/asfan.as.com\/newsletters\/\" target=\"_blank\" rel=\"nofollow noopener\" title=\"https:\/\/asfan.as.com\/newsletters\/\">newsletter<\/a> y a las alertas informativas en la <a href=\"https:\/\/as.com\/aplicacion-de-as-n\/\" target=\"_blank\" rel=\"nofollow noopener\" title=\"https:\/\/as.com\/aplicacion-de-as-n\/\">App<\/a> o el canal de <a href=\"https:\/\/www.whatsapp.com\/channel\/0029VaAasdA7j6g745nz9M10\" target=\"_blank\" rel=\"nofollow noopener\" title=\"https:\/\/www.whatsapp.com\/channel\/0029VaAasdA7j6g745nz9M10\">WhatsApp<\/a>. \u00bfBuscas licenciar contenido? Haz clic <a href=\"https:\/\/profesional.elpais.com\/soluciones-sindicacion?utm_medium=interno&amp;utm_source=crosslinking&amp;utm_campaign=sindicacion_as_pie_articulos\" target=\"_blank\" rel=\"nofollow noopener\" title=\"https:\/\/profesional.elpais.com\/soluciones-sindicacion?utm_medium=interno&amp;utm_source=crosslinking&amp;utm_campaign=sindicacion_as_pie_articulos\">aqu\u00ed<\/a><\/p>\n<p><script async src=\"https:\/\/platform.twitter.com\/widgets.js\" charset=\"utf-8\"><\/script><\/p>\n","protected":false},"excerpt":{"rendered":"Otro movimiento muy importante en el mercado de la Euroliga se ha hecho ya oficial: Talen Horton-Tucker ha&hellip;\n","protected":false},"author":2,"featured_media":127355,"comment_status":"","ping_status":"","sticky":false,"template":"","format":"standard","meta":{"footnotes":""},"categories":[269],"tags":[299,298,168,25,24,23,167],"class_list":{"0":"post-127354","1":"post","2":"type-post","3":"status-publish","4":"format-standard","5":"has-post-thumbnail","7":"category-baloncesto","8":"tag-baloncesto","9":"tag-basketball","10":"tag-deportes","11":"tag-es","12":"tag-espana","13":"tag-spain","14":"tag-sports"},"share_on_mastodon":{"url":"","error":""},"_links":{"self":[{"href":"https:\/\/www.europesays.com\/es\/wp-json\/wp\/v2\/posts\/127354","targetHints":{"allow":["GET"]}}],"collection":[{"href":"https:\/\/www.europesays.com\/es\/wp-json\/wp\/v2\/posts"}],"about":[{"href":"https:\/\/www.europesays.com\/es\/wp-json\/wp\/v2\/types\/post"}],"author":[{"embeddable":true,"href":"https:\/\/www.europesays.com\/es\/wp-json\/wp\/v2\/users\/2"}],"replies":[{"embeddable":true,"href":"https:\/\/www.europesays.com\/es\/wp-json\/wp\/v2\/comments?post=127354"}],"version-history":[{"count":0,"href":"https:\/\/www.europesays.com\/es\/wp-json\/wp\/v2\/posts\/127354\/revisions"}],"wp:featuredmedia":[{"embeddable":true,"href":"https:\/\/www.europesays.com\/es\/wp-json\/wp\/v2\/media\/127355"}],"wp:attachment":[{"href":"https:\/\/www.europesays.com\/es\/wp-json\/wp\/v2\/media?parent=127354"}],"wp:term":[{"taxonomy":"category","embeddable":true,"href":"https:\/\/www.europesays.com\/es\/wp-json\/wp\/v2\/categories?post=127354"},{"taxonomy":"post_tag","embeddable":true,"href":"https:\/\/www.europesays.com\/es\/wp-json\/wp\/v2\/tags?post=127354"}],"curies":[{"name":"wp","href":"https:\/\/api.w.org\/{rel}","templated":true}]}}