{"id":127382,"date":"2025-09-20T12:08:21","date_gmt":"2025-09-20T12:08:21","guid":{"rendered":"https:\/\/www.europesays.com\/es\/127382\/"},"modified":"2025-09-20T12:08:21","modified_gmt":"2025-09-20T12:08:21","slug":"selecciones-dominicanas-de-balonmano-inician-intercambio-con-guatemala-2","status":"publish","type":"post","link":"https:\/\/www.europesays.com\/es\/127382\/","title":{"rendered":"Selecciones dominicanas de balonmano inician intercambio con Guatemala"},"content":{"rendered":"<p>El presidente de la Federaci\u00f3n Dominicana de Balonmano, Miguel Rivera, manifest\u00f3 que las selecciones nacionales superiores de balonmano, tanto femenina como masculina, iniciaron un intercambio deportivo con Guatemala en procura de fortalecer f\u00edsica y mentalmente a los equipos dominicanos con miras a tener un magn\u00edfico desempe\u00f1o en los venideros Juegos Centroamericanos y del Caribe que se llevar\u00e1n a cabo en la Rep\u00fablica Dominicana. <\/p>\n<p>Rivera, que adem\u00e1s de presidir la Federaci\u00f3n de Balonmano, ocupa la segunda vocal\u00eda en el Comit\u00e9 Ol\u00edmpico Dominicano, inform\u00f3 que ya comenzaron los partidos y que la selecci\u00f3n nacional dominicana venci\u00f3 a Guatemala en el primer partido 28 a 15. El m\u00e1ximo dirigente de balonmano, asegur\u00f3: \u201cEstos intercambios amistosos permiten que nuestros atletas se mantengan en \u00f3ptimas condiciones competitivas\u201d.<\/p>\n","protected":false},"excerpt":{"rendered":"El presidente de la Federaci\u00f3n Dominicana de Balonmano, Miguel Rivera, manifest\u00f3 que las selecciones nacionales superiores de balonmano,&hellip;\n","protected":false},"author":2,"featured_media":127383,"comment_status":"","ping_status":"","sticky":false,"template":"","format":"standard","meta":{"footnotes":""},"categories":[278],"tags":[376,168,25,24,375,23,167],"class_list":{"0":"post-127382","1":"post","2":"type-post","3":"status-publish","4":"format-standard","5":"has-post-thumbnail","7":"category-balonmano","8":"tag-balonmano","9":"tag-deportes","10":"tag-es","11":"tag-espana","12":"tag-handball","13":"tag-spain","14":"tag-sports"},"share_on_mastodon":{"url":"","error":""},"_links":{"self":[{"href":"https:\/\/www.europesays.com\/es\/wp-json\/wp\/v2\/posts\/127382","targetHints":{"allow":["GET"]}}],"collection":[{"href":"https:\/\/www.europesays.com\/es\/wp-json\/wp\/v2\/posts"}],"about":[{"href":"https:\/\/www.europesays.com\/es\/wp-json\/wp\/v2\/types\/post"}],"author":[{"embeddable":true,"href":"https:\/\/www.europesays.com\/es\/wp-json\/wp\/v2\/users\/2"}],"replies":[{"embeddable":true,"href":"https:\/\/www.europesays.com\/es\/wp-json\/wp\/v2\/comments?post=127382"}],"version-history":[{"count":0,"href":"https:\/\/www.europesays.com\/es\/wp-json\/wp\/v2\/posts\/127382\/revisions"}],"wp:featuredmedia":[{"embeddable":true,"href":"https:\/\/www.europesays.com\/es\/wp-json\/wp\/v2\/media\/127383"}],"wp:attachment":[{"href":"https:\/\/www.europesays.com\/es\/wp-json\/wp\/v2\/media?parent=127382"}],"wp:term":[{"taxonomy":"category","embeddable":true,"href":"https:\/\/www.europesays.com\/es\/wp-json\/wp\/v2\/categories?post=127382"},{"taxonomy":"post_tag","embeddable":true,"href":"https:\/\/www.europesays.com\/es\/wp-json\/wp\/v2\/tags?post=127382"}],"curies":[{"name":"wp","href":"https:\/\/api.w.org\/{rel}","templated":true}]}}