{"id":127386,"date":"2025-09-20T12:12:07","date_gmt":"2025-09-20T12:12:07","guid":{"rendered":"https:\/\/www.europesays.com\/es\/127386\/"},"modified":"2025-09-20T12:12:07","modified_gmt":"2025-09-20T12:12:07","slug":"la-llamativa-reflexion-del-capitan-de-europa-sobre-alcaraz-en-la-laver-cup-se-preocupa","status":"publish","type":"post","link":"https:\/\/www.europesays.com\/es\/127386\/","title":{"rendered":"La llamativa reflexi\u00f3n del capit\u00e1n de &#8216;Europa&#8217; sobre Alcaraz en la Laver Cup: \u00abSe preocupa&#8230;\u00bb"},"content":{"rendered":"<p class=\"L6-news-detail__text\"><b><a title=\"Carlos Alcaraz\" href=\"https:\/\/www.lasexta.com\/noticias\/deportes\/tenis\/recuerdo-carlos-alcaraz-remontada-sinner-roland-garros_2025091968cda5f31b05386b62a634eb.html\" target=\"_blank\" rel=\"nofollow noopener\">Carlos Alcaraz<\/a><\/b> ya ha sumado su primer punto para el equipo &#8216;Europa&#8217; en la <b><a title=\"Laver Cup\" href=\"https:\/\/www.lasexta.com\/noticias\/deportes\/tenis\/donde-que-hora-ver-debut-carlos-alcaraz-laver-cup_2025091968cd77c91b05386b62a5d491.html\" target=\"_blank\" rel=\"nofollow noopener\">Laver Cup<\/a><\/b>. Lo ha hecho junto al checo Jakub Mensik en la modalidad de dobles despu\u00e9s de derrotar por 7-6 y 6-4 a <b>Alex Michelsen y Taylor Fritz<\/b> en un duelo muy intenso.<\/p>\n<p class=\"L6-news-detail__text\">Carlitos ya despierta pasiones en el cuadro europeo. El \u00faltimo en rendirse a su juego y a su manera de entender el tenis ha sido <b>Yannick Noah<\/b>, capit\u00e1n de &#8216;Europa&#8217;. El extenista franc\u00e9s habl\u00f3 de la genial personalidad que est\u00e1 descubriendo en <b><a title=\"Alcaraz\" href=\"https:\/\/www.lasexta.com\/noticias\/deportes\/tenis\/carlos-alcaraz-desvela-motivo-que-visito-prision-alcatraz-antes-laver-cup_2025091968cdb125394a813873906bdf.html\" target=\"_blank\" rel=\"nofollow noopener\">Alcaraz<\/a><\/b> y lo buen compa\u00f1ero que es a la hora de trabajar en equipo.<\/p>\n<p class=\"L6-news-detail__text\">Noah resalta muchos <b>aspectos positivos<\/b> de la actitud y el juego de Carlos: \u00abVeo en \u00e9l a una <b>buena persona que ama el tenis<\/b>. He entrenado a muchos tenistas y he compartido tiempo con grandes jugadores, pero \u00e9l me ha sorprendido por lo que le gusta este deporte y por c\u00f3mo es capaz de <b>transmitir cosas en la pista<\/b> y fuera de ella. Tiene una gran inteligencia t\u00e1ctica y conocimiento del juego y es un gran compa\u00f1ero, se <b>preocupa por todos<\/b>\u00ab.<\/p>\n<p class=\"L6-news-detail__text\">\u00abEso es lo que veo en \u00e9l. Me parece que <b>Carlos Alcaraz es una persona muy especial<\/b>, un chico diferente que va mucho m\u00e1s all\u00e1 de sus habilidades ten\u00edsticas. Tiene mucho que aportar y es un gran embajador de nuestro deporte, hace todo lo posible por atender a la gente y ser amable con todo el mundo\u00bb, asegur\u00f3 Noah en rueda de prensa.<\/p>\n<p class=\"L6-news-detail__text\">De momento, Europa domina el enfrentamiento con el Resto del Mundo. El conjunto que viste de azul se impone, de momento, por <b>tres puntos a uno<\/b> despu\u00e9s de que <b>Mensik y Ruud<\/b> consiguieran dos puntos en individuales para Europa y Joao Fonseca lo hiciera para el equipo que dirige <b>Andr\u00e9 Agassi<\/b>.<\/p>\n<p class=\"L6-support-news-video__title\">\u00ab\u00c9l solo puede hacerlo mejor\u00bb<\/p>\n<p>            <a href=\"https:\/\/www.lasexta.com\/noticias\/deportes\/motor\/llamativa-conversacion-marc-marquez-bagnaia-quien-tiene-mas-presion_2025091868cc2754394a8138738d2517.html\" class=\"L6-news__link\" rel=\"nofollow noopener\" target=\"_blank\"><br \/>\n                La llamativa conversaci\u00f3n entre Marc M\u00e1rquez y Bagnaia: \u00ab\u00bfQui\u00e9n tiene m\u00e1s presi\u00f3n?\u00bb<\/p>\n<p class=\"recirculation-video-desc\">El &#8216;Inside&#8217; de Ducati tras el Gran Premio de Italia en Misano ha desvelado una llamativa conversaci\u00f3n entre los dos pilotos del equipo de Borgo Panigale.<\/p>\n<p>            <\/a><\/p>\n","protected":false},"excerpt":{"rendered":"Carlos Alcaraz ya ha sumado su primer punto para el equipo &#8216;Europa&#8217; en la Laver Cup. Lo ha&hellip;\n","protected":false},"author":2,"featured_media":127387,"comment_status":"","ping_status":"","sticky":false,"template":"","format":"standard","meta":{"footnotes":""},"categories":[274],"tags":[168,25,24,23,167,327,326],"class_list":{"0":"post-127386","1":"post","2":"type-post","3":"status-publish","4":"format-standard","5":"has-post-thumbnail","7":"category-tenis","8":"tag-deportes","9":"tag-es","10":"tag-espana","11":"tag-spain","12":"tag-sports","13":"tag-tenis","14":"tag-tennis"},"share_on_mastodon":{"url":"","error":""},"_links":{"self":[{"href":"https:\/\/www.europesays.com\/es\/wp-json\/wp\/v2\/posts\/127386","targetHints":{"allow":["GET"]}}],"collection":[{"href":"https:\/\/www.europesays.com\/es\/wp-json\/wp\/v2\/posts"}],"about":[{"href":"https:\/\/www.europesays.com\/es\/wp-json\/wp\/v2\/types\/post"}],"author":[{"embeddable":true,"href":"https:\/\/www.europesays.com\/es\/wp-json\/wp\/v2\/users\/2"}],"replies":[{"embeddable":true,"href":"https:\/\/www.europesays.com\/es\/wp-json\/wp\/v2\/comments?post=127386"}],"version-history":[{"count":0,"href":"https:\/\/www.europesays.com\/es\/wp-json\/wp\/v2\/posts\/127386\/revisions"}],"wp:featuredmedia":[{"embeddable":true,"href":"https:\/\/www.europesays.com\/es\/wp-json\/wp\/v2\/media\/127387"}],"wp:attachment":[{"href":"https:\/\/www.europesays.com\/es\/wp-json\/wp\/v2\/media?parent=127386"}],"wp:term":[{"taxonomy":"category","embeddable":true,"href":"https:\/\/www.europesays.com\/es\/wp-json\/wp\/v2\/categories?post=127386"},{"taxonomy":"post_tag","embeddable":true,"href":"https:\/\/www.europesays.com\/es\/wp-json\/wp\/v2\/tags?post=127386"}],"curies":[{"name":"wp","href":"https:\/\/api.w.org\/{rel}","templated":true}]}}