{"id":127394,"date":"2025-09-20T12:16:07","date_gmt":"2025-09-20T12:16:07","guid":{"rendered":"https:\/\/www.europesays.com\/es\/127394\/"},"modified":"2025-09-20T12:16:07","modified_gmt":"2025-09-20T12:16:07","slug":"julian-y-hancko-listos-para-mallorca","status":"publish","type":"post","link":"https:\/\/www.europesays.com\/es\/127394\/","title":{"rendered":"Juli\u00e1n y Hancko, listos para Mallorca"},"content":{"rendered":"<p data-mrf-recirculation=\"Links P\u00e1rrafos\" class=\"ue-c-article__paragraph paragraph ue-c-article--first-letter-highlighted\">el Atl\u00e9tico apura su preparaci\u00f3n para visitar Mallorca y lo hace con la \u00faltima sesi\u00f3n antes de emprender el vuelo a Palma esta tarde. Simeone tuvo las bajas de <strong>Cardoso<\/strong>, <strong>Baena<\/strong>, <strong>Almada <\/strong>y <strong>Gim\u00e9nez <\/strong>pero volvi\u00f3 a contar por segunda jornada seguida con <strong>Juli\u00e1n Alvarez<\/strong> y <strong>Hancko<\/strong>.\u00a0<\/p>\n<p data-mrf-recirculation=\"Links P\u00e1rrafos\" class=\"ue-c-article__paragraph paragraph\">Los rojiblancos trabajaron en una corta sesi\u00f3n con <strong>Luis Pi\u00f1edo<\/strong> a los mandos para ultimar la preparaci\u00f3n para el duelo de ma\u00f1ana en Son Moix. Tras una semana con partido de <strong>Champions <\/strong>el mi\u00e9rcoles y una sesi\u00f3n de recuperaci\u00f3n para los titulares el viernes, hoy s\u00e1bado Simeone pudo contar con todos los futbolistas disponibles para el choque de ma\u00f1ana y pulir los \u00faltimos detalles con una charla final de tres minutos antes de enfilar el camino a vestuarios.<\/p>\n<p data-mrf-recirculation=\"Links P\u00e1rrafos\" class=\"ue-c-article__paragraph paragraph\">El t\u00e9cnico argentino recupera a dos futbolistas clave como son Juli\u00e1n Alvarez y David Hancko aunque mantiene las bajas de hasta cuatro jugadores. <strong>Baena, Almada, Gim\u00e9nez y Cardoso se mantienen al margen apurando los plazos para su recuperaci\u00f3n.<\/strong>\u00a0El Atl\u00e9tico viajar\u00e1 esta tarde a Palma para concentrarse antes de visitar Son Moix ma\u00f1ana domingo.\u00a0<\/p>\n","protected":false},"excerpt":{"rendered":"el Atl\u00e9tico apura su preparaci\u00f3n para visitar Mallorca y lo hace con la \u00faltima sesi\u00f3n antes de emprender&hellip;\n","protected":false},"author":2,"featured_media":127395,"comment_status":"","ping_status":"","sticky":false,"template":"","format":"standard","meta":{"footnotes":""},"categories":[268],"tags":[168,25,24,280,282,281,23,167],"class_list":{"0":"post-127394","1":"post","2":"type-post","3":"status-publish","4":"format-standard","5":"has-post-thumbnail","7":"category-futbol","8":"tag-deportes","9":"tag-es","10":"tag-espana","11":"tag-football","12":"tag-futbol","13":"tag-soccer","14":"tag-spain","15":"tag-sports"},"share_on_mastodon":{"url":"","error":""},"_links":{"self":[{"href":"https:\/\/www.europesays.com\/es\/wp-json\/wp\/v2\/posts\/127394","targetHints":{"allow":["GET"]}}],"collection":[{"href":"https:\/\/www.europesays.com\/es\/wp-json\/wp\/v2\/posts"}],"about":[{"href":"https:\/\/www.europesays.com\/es\/wp-json\/wp\/v2\/types\/post"}],"author":[{"embeddable":true,"href":"https:\/\/www.europesays.com\/es\/wp-json\/wp\/v2\/users\/2"}],"replies":[{"embeddable":true,"href":"https:\/\/www.europesays.com\/es\/wp-json\/wp\/v2\/comments?post=127394"}],"version-history":[{"count":0,"href":"https:\/\/www.europesays.com\/es\/wp-json\/wp\/v2\/posts\/127394\/revisions"}],"wp:featuredmedia":[{"embeddable":true,"href":"https:\/\/www.europesays.com\/es\/wp-json\/wp\/v2\/media\/127395"}],"wp:attachment":[{"href":"https:\/\/www.europesays.com\/es\/wp-json\/wp\/v2\/media?parent=127394"}],"wp:term":[{"taxonomy":"category","embeddable":true,"href":"https:\/\/www.europesays.com\/es\/wp-json\/wp\/v2\/categories?post=127394"},{"taxonomy":"post_tag","embeddable":true,"href":"https:\/\/www.europesays.com\/es\/wp-json\/wp\/v2\/tags?post=127394"}],"curies":[{"name":"wp","href":"https:\/\/api.w.org\/{rel}","templated":true}]}}