{"id":127410,"date":"2025-09-20T12:27:07","date_gmt":"2025-09-20T12:27:07","guid":{"rendered":"https:\/\/www.europesays.com\/es\/127410\/"},"modified":"2025-09-20T12:27:07","modified_gmt":"2025-09-20T12:27:07","slug":"comprobar-decimo-del-sabado-20-de-septiembre","status":"publish","type":"post","link":"https:\/\/www.europesays.com\/es\/127410\/","title":{"rendered":"Comprobar d\u00e9cimo del s\u00e1bado 20 de septiembre"},"content":{"rendered":"<p>COMPROBAR LOTER\u00cdA NACIONAL<\/p>\n<p>Ya conocemos <strong>todos los n\u00fameros premiados del sorteo de la Loter\u00eda Nacional de hoy s\u00e1bado 20 de septiembre<\/strong>. Comprueba tu d\u00e9cimo, consulta el resultado y todos los premios repartidos en el sorteo administrado por Loter\u00edas y Apuestas del Estado:<\/p>\n<p>&#8211; <strong>31885<\/strong>, <strong>primer premio<\/strong> de la Loter\u00eda Nacional, 60.000 euros al d\u00e9cimo<\/p>\n<p>&#8211; <strong>37284<\/strong>, <strong>segundo premio<\/strong> de la Loter\u00eda Nacional, 12.000 euros al d\u00e9cimo<\/p>\n<p>&#8211; <strong>4541, 5011, 4544 y 4772<\/strong>, premios de 150 euros<\/p>\n<p>&#8211; <strong>269, 457, 141, 561, 908, 455, 400, 773, 281 y 727<\/strong>, premios de 30 euros por d\u00e9cimo<\/p>\n<p>&#8211; <strong>74, 00, 43, 09, 97, 27, 76, 20 y 49<\/strong>, premios de 12 euros al d\u00e9cimo<\/p>\n<p>&#8211; <strong>5, 4 y 3<\/strong>, reintegros del sorteo de la Loter\u00eda Nacional<\/p>\n","protected":false},"excerpt":{"rendered":"COMPROBAR LOTER\u00cdA NACIONAL Ya conocemos todos los n\u00fameros premiados del sorteo de la Loter\u00eda Nacional de hoy s\u00e1bado&hellip;\n","protected":false},"author":2,"featured_media":127411,"comment_status":"","ping_status":"","sticky":false,"template":"","format":"standard","meta":{"footnotes":""},"categories":[80],"tags":[82,95,94,25,24,23],"class_list":{"0":"post-127410","1":"post","2":"type-post","3":"status-publish","4":"format-standard","5":"has-post-thumbnail","7":"category-economia","8":"tag-business","9":"tag-economia","10":"tag-economy","11":"tag-es","12":"tag-espana","13":"tag-spain"},"share_on_mastodon":{"url":"","error":""},"_links":{"self":[{"href":"https:\/\/www.europesays.com\/es\/wp-json\/wp\/v2\/posts\/127410","targetHints":{"allow":["GET"]}}],"collection":[{"href":"https:\/\/www.europesays.com\/es\/wp-json\/wp\/v2\/posts"}],"about":[{"href":"https:\/\/www.europesays.com\/es\/wp-json\/wp\/v2\/types\/post"}],"author":[{"embeddable":true,"href":"https:\/\/www.europesays.com\/es\/wp-json\/wp\/v2\/users\/2"}],"replies":[{"embeddable":true,"href":"https:\/\/www.europesays.com\/es\/wp-json\/wp\/v2\/comments?post=127410"}],"version-history":[{"count":0,"href":"https:\/\/www.europesays.com\/es\/wp-json\/wp\/v2\/posts\/127410\/revisions"}],"wp:featuredmedia":[{"embeddable":true,"href":"https:\/\/www.europesays.com\/es\/wp-json\/wp\/v2\/media\/127411"}],"wp:attachment":[{"href":"https:\/\/www.europesays.com\/es\/wp-json\/wp\/v2\/media?parent=127410"}],"wp:term":[{"taxonomy":"category","embeddable":true,"href":"https:\/\/www.europesays.com\/es\/wp-json\/wp\/v2\/categories?post=127410"},{"taxonomy":"post_tag","embeddable":true,"href":"https:\/\/www.europesays.com\/es\/wp-json\/wp\/v2\/tags?post=127410"}],"curies":[{"name":"wp","href":"https:\/\/api.w.org\/{rel}","templated":true}]}}