{"id":127412,"date":"2025-09-20T12:28:08","date_gmt":"2025-09-20T12:28:08","guid":{"rendered":"https:\/\/www.europesays.com\/es\/127412\/"},"modified":"2025-09-20T12:28:08","modified_gmt":"2025-09-20T12:28:08","slug":"trump-y-xi-afinan-acuerdo-sobre-uso-de-tiktok-en-ee-uu-dw-20-09-2025","status":"publish","type":"post","link":"https:\/\/www.europesays.com\/es\/127412\/","title":{"rendered":"Trump y Xi afinan acuerdo sobre uso de TikTok en EE.UU. \u2013 DW \u2013 20\/09\/2025"},"content":{"rendered":"<p>La empresa matriz de TikTok, ByteDance, prometi\u00f3 este s\u00e1bado (20.09,2025) que su filial de <a class=\"internal-link\" href=\"https:\/\/www.dw.com\/es\/estados-unidos\/t-17411942\" rel=\"nofollow noopener\" target=\"_blank\">Estados Unidos<\/a> prestar\u00e1 \u00abun buen servicio a la amplia base de usuarios\u00bb del pa\u00eds norteamericano, pocas horas despu\u00e9s de la llamada telef\u00f3nica entre el mandatario chino, <a class=\"internal-link\" href=\"https:\/\/www.dw.com\/es\/xi-jinping\/t-37168627\" rel=\"nofollow noopener\" target=\"_blank\">Xi Jinping<\/a>, y su hom\u00f3logo estadounidense, <a class=\"internal-link\" href=\"https:\/\/www.dw.com\/es\/trump-donald\/t-19445010\" rel=\"nofollow noopener\" target=\"_blank\">Donald Trump<\/a>.<\/p>\n<p>En un escueto comunicado difundido por medios locales, ByteDance, con sede en Pek\u00edn, expres\u00f3 su agradecimiento a Xi y Trump \u00abpor su preocupaci\u00f3n\u00bb en torno a TikTok, una plataforma de videos cortos que ha estado en el centro de las discusiones entre ambos l\u00edderes.<\/p>\n<p>\u00abByteDance, de acuerdo con los requisitos de la legislaci\u00f3n china, seguir\u00e1 promoviendo los trabajos pertinentes para que la filial estadounidense de TikTok contin\u00fae prestando un buen servicio a la amplia base de usuarios en Estados Unidos\u00bb, se\u00f1al\u00f3 la compa\u00f1\u00eda, sin brindar m\u00e1s detalles al respecto.<\/p>\n<p>En declaraciones a los reporteros desde la Casa Blanca, Trump afirm\u00f3 este viernes que un acuerdo con <a class=\"internal-link\" href=\"https:\/\/www.dw.com\/es\/china\/t-17411734\" rel=\"nofollow noopener\" target=\"_blank\">China<\/a> para que TikTok pueda seguir funcionando en el pa\u00eds \u00abest\u00e1 en camino\u00bb, y subray\u00f3 que el pacto permitir\u00e1 a Estados Unidos tener un \u00abcontrol f\u00e9rreo\u00bb sobre el contenido que se comparte en la aplicaci\u00f3n, muy popular entre los j\u00f3venes.<\/p>\n<p>Trump y Xi se mostraron satisfechos tras conseguir avances en el acuerdo durante su llamada telef\u00f3nica, donde tambi\u00e9n trataron de acercar posturas en temas comerciales.<\/p>\n<p>En un mensaje en su red social Truth Social, Trump calific\u00f3 la charla de \u00abmuy productiva\u00bb y a\u00f1adi\u00f3 que agradece \u00abla aprobaci\u00f3n sobre TikTok\u00bb y los progresos obtenidos, aunque no dio ning\u00fan dato concreto sobre el acuerdo marco, preacordado ya en la reuni\u00f3n que representantes de Washington y Pek\u00edn celebraron esta semana en Madrid.\u00a0<\/p>\n<p>Xi respeta \u00abvoluntad de las empresas\u00bb para negociar<\/p>\n<p>El l\u00edder chino, por su parte, dijo en un comunicado compartido por medios estatales que \u00abrespeta la voluntad de las empresas\u00bb de ambos pa\u00edses, que deben negociar un modelo que evite que la plataforma deje de operar en suelo estadounidense.<\/p>\n<p>En 2024 el Congreso estableci\u00f3 que para que TikTok no sea cerrada en EE.UU. la sociedad que opere la aplicaci\u00f3n en el pa\u00eds norteamericano debe quedar lo suficientemente desligada de ByteDance, especialmente en lo referente al acceso que Pek\u00edn pueda tener a servidores que almacenen datos de usuarios.<\/p>\n<p>La Casa Blanca hab\u00eda dicho que ByteDance podr\u00eda tener una participaci\u00f3n peque\u00f1a en la nueva sociedad operadora, aunque las palabras de Xi apuntan a que China podr\u00eda haber logrado de EE.UU. un marco que favorezca m\u00e1s a la matriz china o a otras corporaciones del gigante asi\u00e1tico.<\/p>\n<p>A falta de que los detalles importantes del pacto se ratifiquen, esta semana Trump ampli\u00f3 -por cuarta vez este a\u00f1o- el plazo para que TikTok pueda seguir disponible en territorio estadounidense, donde funcionar\u00e1 al menos hasta el 16 de diciembre.<\/p>\n<p>mg (efe, dpa)<\/p>\n<p>\u00a0<\/p>\n","protected":false},"excerpt":{"rendered":"La empresa matriz de TikTok, ByteDance, prometi\u00f3 este s\u00e1bado (20.09,2025) que su filial de Estados Unidos prestar\u00e1 \u00abun&hellip;\n","protected":false},"author":2,"featured_media":127413,"comment_status":"","ping_status":"","sticky":false,"template":"","format":"standard","meta":{"footnotes":""},"categories":[42],"tags":[17,18,13,14,11,61,62,63,64,19,20,9,10,15,16,12,21,22,65,66,67],"class_list":{"0":"post-127412","1":"post","2":"type-post","3":"status-publish","4":"format-standard","5":"has-post-thumbnail","7":"category-internacional","8":"tag-breaking-news","9":"tag-breakingnews","10":"tag-featured-news","11":"tag-featurednews","12":"tag-headlines","13":"tag-internacional","14":"tag-international","15":"tag-international-news","16":"tag-internationalnews","17":"tag-latest-news","18":"tag-latestnews","19":"tag-news","20":"tag-noticias","21":"tag-noticias-destacadas","22":"tag-noticiasdestacadas","23":"tag-titulares","24":"tag-ultimas-noticias","25":"tag-ultimasnoticias","26":"tag-world","27":"tag-world-news","28":"tag-worldnews"},"share_on_mastodon":{"url":"","error":""},"_links":{"self":[{"href":"https:\/\/www.europesays.com\/es\/wp-json\/wp\/v2\/posts\/127412","targetHints":{"allow":["GET"]}}],"collection":[{"href":"https:\/\/www.europesays.com\/es\/wp-json\/wp\/v2\/posts"}],"about":[{"href":"https:\/\/www.europesays.com\/es\/wp-json\/wp\/v2\/types\/post"}],"author":[{"embeddable":true,"href":"https:\/\/www.europesays.com\/es\/wp-json\/wp\/v2\/users\/2"}],"replies":[{"embeddable":true,"href":"https:\/\/www.europesays.com\/es\/wp-json\/wp\/v2\/comments?post=127412"}],"version-history":[{"count":0,"href":"https:\/\/www.europesays.com\/es\/wp-json\/wp\/v2\/posts\/127412\/revisions"}],"wp:featuredmedia":[{"embeddable":true,"href":"https:\/\/www.europesays.com\/es\/wp-json\/wp\/v2\/media\/127413"}],"wp:attachment":[{"href":"https:\/\/www.europesays.com\/es\/wp-json\/wp\/v2\/media?parent=127412"}],"wp:term":[{"taxonomy":"category","embeddable":true,"href":"https:\/\/www.europesays.com\/es\/wp-json\/wp\/v2\/categories?post=127412"},{"taxonomy":"post_tag","embeddable":true,"href":"https:\/\/www.europesays.com\/es\/wp-json\/wp\/v2\/tags?post=127412"}],"curies":[{"name":"wp","href":"https:\/\/api.w.org\/{rel}","templated":true}]}}