{"id":127414,"date":"2025-09-20T12:29:10","date_gmt":"2025-09-20T12:29:10","guid":{"rendered":"https:\/\/www.europesays.com\/es\/127414\/"},"modified":"2025-09-20T12:29:10","modified_gmt":"2025-09-20T12:29:10","slug":"el-incendion-de-panton-lugo-arrasa-1-400-hectareas-y-revive-la-pesadilla-del-verano-en-la-ribeira-sacra-el-salto","status":"publish","type":"post","link":"https:\/\/www.europesays.com\/es\/127414\/","title":{"rendered":"El incendi\u00f3n de Pant\u00f3n (Lugo) arrasa 1.400 hect\u00e1reas y revive la pesadilla del verano en la Ribeira Sacra &#8211; El Salto"},"content":{"rendered":"<ol>\n<li><a href=\"https:\/\/news.google.com\/rss\/articles\/CBMivwFBVV95cUxQc3BfR19oWEJzSXBONVh1Q2Nfd29Hbk1sZHB4U3pYZG5Cdnl1U2xsQlJBS0ZXcEtQWkNETUg1N2p3WktoclRNNWUzSFR0SzNidHVyVXVuT2ltTUdvTndxY2JMZlBITnppN1lVLVVIN0dxQjZtNnVhR3VKTUttWUVPZjFqY2s5QVpsQW9ybUh2VzRDOEZUaTZFWElPODdISFJoWTA0TkEyeGhJbUVJV3FtUFhnWlB3MWNOR20yeFYxRQ?oc=5\" target=\"_blank\" rel=\"nofollow noopener\">El incendi\u00f3n de Pant\u00f3n (Lugo) arrasa 1.400 hect\u00e1reas y revive la pesadilla del verano en la Ribeira Sacra<\/a>&nbsp;&nbsp;El Salto<\/li>\n<li><a href=\"https:\/\/news.google.com\/rss\/articles\/CBMihAFBVV95cUxNVHJuSjJ3Z1BfMlVsTkZacHVURXRhZmtybmlOLS01OTAtcFhHOE1SSGVndWlhZHFCd04wc1p1RkNhUGNzYjNWWUdlYUIzWkNfX2djamtUb3ZEMF9yM0xwMVdHanZsejhYTWtoS194d0V0Ykx2b3BYZU5xMFRnUmRWSFNQSFfSAYQBQVVfeXFMUGd6N0x1WDBUcVlMX0VIaHEyNlRObGpOazQ0ZkNmZDJPbm1RX1JpRjVZVkl6d1VmaWhZY1k2endlY1N5MFZnbHloMUt1OGtTUkJYbEtQN3Uwc3FoeXEtN191RzVpQmFRbng3UzhQZjJfTnltMWJlMVUtd21fd2ZNNnVBQ2xv?oc=5\" target=\"_blank\" rel=\"nofollow noopener\">Dos incendios forestales en Galicia queman ya m\u00e1s de 1.600 hect\u00e1reas y obligan a movilizar a la UME y a evacuar varias aldeas<\/a>&nbsp;&nbsp;El Mundo<\/li>\n<li><a href=\"https:\/\/news.google.com\/rss\/articles\/CBMinwFBVV95cUxNU0dYdFFMZHBUbWxoQUM3NjhXMzlnVzZ3bE5wZ3N3UVpKdEZlV0VlSnRvQ2NYNU55cTd0ZkRjV2I0Tm1USEdVal9VMVp5aTBDT3FFdG04YUZEN1dybk1ETzlqczd5Q3ZQaDBXODFKNmpMZFViUTRlaVBZOG1Pd191eVBpWWJ0Nk9kbnU4YXZzdEU1dk5MWHE1ekRSTXBXNFk?oc=5\" target=\"_blank\" rel=\"nofollow noopener\">Desalojada una nueva aldea en Pant\u00f3n por el avance del fuego<\/a>&nbsp;&nbsp;La Regi\u00f3n<\/li>\n<li><a href=\"https:\/\/news.google.com\/rss\/articles\/CBMixAFBVV95cUxQY2ZCalRYUnJ6d2h1Z2JDMlNDcW16Y203QjVJWld0azlKN2g1UkFOdWlLYlEtSjhHY2RwZnNrOGtiZGZCQ2RESUttN2xfNEpTODY1LXFqUWJQczlnQ3JsWXh2SVN0VE1xVllPNmFRU0NDaThPaDQzbWs2OWxkYU13UHk1bXlYWml0a3VoMl9FMWVldnBCcnp4a1Z6RXA0OHVrT19yZGpnYm83eVJyclEyNEtaWGowZkk0SjZNd0U2NmtEemxa?oc=5\" target=\"_blank\" rel=\"nofollow noopener\">El incendio de Pant\u00f3n calcina unas 1.400 hect\u00e1reas y obliga a desalojar tres aldeas en Lugo<\/a>&nbsp;&nbsp;EL PA\u00cdS<\/li>\n<li><a href=\"https:\/\/news.google.com\/rss\/articles\/CBMi0wFBVV95cUxNd1BCTTVveVJCSGRlUEVtRGswMk0yb1NaN1NnQVM2T2M5WTNFM2FVQ2d6bFdPLXQ5T1BwZ2x6dzFVZ3BVQ0p0T2V4WGxZdm1zemFfd3BwY2xzeEtEVkFHdG9tbFFZSWVLWC1DQmQ2Mk9PM1NBLUNUWTJyUWNVTjhrMnY3Qnl1ZDZxRHhPVUstTUd0eDk0dUdaUkNHOUUxVDU5TnhBWDJHRmg1LXNXd1NUd1Y3bTB4NEJpdmR3S1k2T25VX1lMazVGb1dERk1LdmVra0pR?oc=5\" target=\"_blank\" rel=\"nofollow noopener\">El fuego sigue avanzando por los ca\u00f1ones del Sil y quema ya 1.400 hect\u00e1reas<\/a>&nbsp;&nbsp;La Voz de Galicia<\/li>\n<\/ol>\n","protected":false},"excerpt":{"rendered":"El incendi\u00f3n de Pant\u00f3n (Lugo) arrasa 1.400 hect\u00e1reas y revive la pesadilla del verano en la Ribeira Sacra&nbsp;&nbsp;El&hellip;\n","protected":false},"author":2,"featured_media":127415,"comment_status":"","ping_status":"","sticky":false,"template":"","format":"standard","meta":{"footnotes":""},"categories":[8],"tags":[517,17,18,1296,25,24,13,14,38026,11,4342,19,20,7318,9,10,15,16,19704,23,12,21,22],"class_list":{"0":"post-127414","1":"post","2":"type-post","3":"status-publish","4":"format-standard","5":"has-post-thumbnail","7":"category-espana","8":"tag-actualidad","9":"tag-breaking-news","10":"tag-breakingnews","11":"tag-crisis-climatica","12":"tag-es","13":"tag-espana","14":"tag-featured-news","15":"tag-featurednews","16":"tag-fotogaleria","17":"tag-headlines","18":"tag-incendios","19":"tag-latest-news","20":"tag-latestnews","21":"tag-lugo","22":"tag-news","23":"tag-noticias","24":"tag-noticias-destacadas","25":"tag-noticiasdestacadas","26":"tag-ourense","27":"tag-spain","28":"tag-titulares","29":"tag-ultimas-noticias","30":"tag-ultimasnoticias"},"share_on_mastodon":{"url":"","error":""},"_links":{"self":[{"href":"https:\/\/www.europesays.com\/es\/wp-json\/wp\/v2\/posts\/127414","targetHints":{"allow":["GET"]}}],"collection":[{"href":"https:\/\/www.europesays.com\/es\/wp-json\/wp\/v2\/posts"}],"about":[{"href":"https:\/\/www.europesays.com\/es\/wp-json\/wp\/v2\/types\/post"}],"author":[{"embeddable":true,"href":"https:\/\/www.europesays.com\/es\/wp-json\/wp\/v2\/users\/2"}],"replies":[{"embeddable":true,"href":"https:\/\/www.europesays.com\/es\/wp-json\/wp\/v2\/comments?post=127414"}],"version-history":[{"count":0,"href":"https:\/\/www.europesays.com\/es\/wp-json\/wp\/v2\/posts\/127414\/revisions"}],"wp:featuredmedia":[{"embeddable":true,"href":"https:\/\/www.europesays.com\/es\/wp-json\/wp\/v2\/media\/127415"}],"wp:attachment":[{"href":"https:\/\/www.europesays.com\/es\/wp-json\/wp\/v2\/media?parent=127414"}],"wp:term":[{"taxonomy":"category","embeddable":true,"href":"https:\/\/www.europesays.com\/es\/wp-json\/wp\/v2\/categories?post=127414"},{"taxonomy":"post_tag","embeddable":true,"href":"https:\/\/www.europesays.com\/es\/wp-json\/wp\/v2\/tags?post=127414"}],"curies":[{"name":"wp","href":"https:\/\/api.w.org\/{rel}","templated":true}]}}