{"id":127418,"date":"2025-09-20T12:31:06","date_gmt":"2025-09-20T12:31:06","guid":{"rendered":"https:\/\/www.europesays.com\/es\/127418\/"},"modified":"2025-09-20T12:31:06","modified_gmt":"2025-09-20T12:31:06","slug":"jornadas-de-puertas-abiertas-para-jovenes-promesas-del-balonmano-en-avila","status":"publish","type":"post","link":"https:\/\/www.europesays.com\/es\/127418\/","title":{"rendered":"Jornadas de puertas abiertas para j\u00f3venes promesas del balonmano en \u00c1vila"},"content":{"rendered":"<p>            <a href=\"https:\/\/www.europesays.com\/es\/wp-content\/uploads\/2025\/09\/puertasabiertasbm0925.jpg\" data-caption=\"\"><img loading=\"lazy\" decoding=\"async\" width=\"1200\" height=\"900\" class=\"entry-thumb td-modal-image\" src=\"https:\/\/www.europesays.com\/es\/wp-content\/uploads\/2025\/09\/puertasabiertasbm0925.jpg\"   alt=\"\" title=\"puertasabiertasbm0925\"\/><\/a><\/p>\n<p><b>@deportesavila \/ El club Balonmano \u00c1vila 7 Metros busca a sus futuras estrellas con la celebraci\u00f3n de unas jornadas de puertas abiertas. La iniciativa invita a ni\u00f1os y ni\u00f1as de todas las edades a descubrir la pasi\u00f3n por este deporte.<\/b><\/p>\n<p class=\"p1\" style=\"text-align: justify;\">Las jornadas tendr\u00e1n lugar el <b>lunes 22 y el mi\u00e9rcoles 24 de septiembre<\/b> en el Pabell\u00f3n Carlos Soria, en horario de <b>17:00 a 19:00 horas<\/b>. Se anima a los peque\u00f1os a participar y a que inviten a sus amigos a unirse a esta oportunidad de iniciarse en el balonmano.<\/p>\n","protected":false},"excerpt":{"rendered":"@deportesavila \/ El club Balonmano \u00c1vila 7 Metros busca a sus futuras estrellas con la celebraci\u00f3n de unas&hellip;\n","protected":false},"author":2,"featured_media":127419,"comment_status":"","ping_status":"","sticky":false,"template":"","format":"standard","meta":{"footnotes":""},"categories":[278],"tags":[376,168,25,24,375,23,167],"class_list":{"0":"post-127418","1":"post","2":"type-post","3":"status-publish","4":"format-standard","5":"has-post-thumbnail","7":"category-balonmano","8":"tag-balonmano","9":"tag-deportes","10":"tag-es","11":"tag-espana","12":"tag-handball","13":"tag-spain","14":"tag-sports"},"share_on_mastodon":{"url":"","error":""},"_links":{"self":[{"href":"https:\/\/www.europesays.com\/es\/wp-json\/wp\/v2\/posts\/127418","targetHints":{"allow":["GET"]}}],"collection":[{"href":"https:\/\/www.europesays.com\/es\/wp-json\/wp\/v2\/posts"}],"about":[{"href":"https:\/\/www.europesays.com\/es\/wp-json\/wp\/v2\/types\/post"}],"author":[{"embeddable":true,"href":"https:\/\/www.europesays.com\/es\/wp-json\/wp\/v2\/users\/2"}],"replies":[{"embeddable":true,"href":"https:\/\/www.europesays.com\/es\/wp-json\/wp\/v2\/comments?post=127418"}],"version-history":[{"count":0,"href":"https:\/\/www.europesays.com\/es\/wp-json\/wp\/v2\/posts\/127418\/revisions"}],"wp:featuredmedia":[{"embeddable":true,"href":"https:\/\/www.europesays.com\/es\/wp-json\/wp\/v2\/media\/127419"}],"wp:attachment":[{"href":"https:\/\/www.europesays.com\/es\/wp-json\/wp\/v2\/media?parent=127418"}],"wp:term":[{"taxonomy":"category","embeddable":true,"href":"https:\/\/www.europesays.com\/es\/wp-json\/wp\/v2\/categories?post=127418"},{"taxonomy":"post_tag","embeddable":true,"href":"https:\/\/www.europesays.com\/es\/wp-json\/wp\/v2\/tags?post=127418"}],"curies":[{"name":"wp","href":"https:\/\/api.w.org\/{rel}","templated":true}]}}