{"id":127420,"date":"2025-09-20T12:33:22","date_gmt":"2025-09-20T12:33:22","guid":{"rendered":"https:\/\/www.europesays.com\/es\/127420\/"},"modified":"2025-09-20T12:33:22","modified_gmt":"2025-09-20T12:33:22","slug":"tsarukyan-no-se-contiene-y-acusa-a-ilia-topuria","status":"publish","type":"post","link":"https:\/\/www.europesays.com\/es\/127420\/","title":{"rendered":"Tsarukyan no se contiene y acusa a Ilia Topuria"},"content":{"rendered":"<p class=\"parrafo\">Es casi la pel\u00edcula que se repite cada semana. Conforme fue subiendo puestos ente las grandes estrellas de la UFC, Ilia Topuria fue a su vez generando una ola de &#8216;simpat\u00edas&#8217; entre sus rivales que se resuelven cada vez con m\u00e1s asiduidad con comentarios que buscan retarle, provocar una reacci\u00f3n que le invite a querer pelear contra esas voces. Pues bien, en esas andas ya bastante tiempo un Arman Tsarukyan que insiste en su cruzada con Topuria acus\u00e1ndole ahora de querer aparentar lo que no es.<\/p>\n<p><a class=\"elementos-rel-t2\" href=\"https:\/\/www.estadiodeportivo.com\/ufc\/ilia-topuria-acusado-20250918-512652.html\" title=\"Ilia Topuria, acusado\" rel=\"nofollow noopener\" target=\"_blank\">Ilia Topuria, acusado<img decoding=\"async\" src=\"https:\/\/www.europesays.com\/es\/wp-content\/uploads\/2025\/09\/40778dc5-8bab-4add-89b4-6087562fc78d_320x180.jpeg\" alt=\"Ilia Topuria, acusado\"\/><\/a><a class=\"elementos-rel-t2\" href=\"https:\/\/www.estadiodeportivo.com\/ufc\/bombazo-ilia-topuria-oficial-20250917-512482.html\" title=\"El bombazo de Ilia Topuria ya es oficial\" rel=\"nofollow noopener\" target=\"_blank\">El bombazo de Ilia Topuria ya es oficial<img decoding=\"async\" src=\"https:\/\/www.europesays.com\/es\/wp-content\/uploads\/2025\/09\/95543e67-f447-41dc-a011-46ee51d41957_320x180.jpeg\" alt=\"El bombazo de Ilia Topuria ya es oficial\"\/><\/a><\/p>\n<p class=\"parrafo\">En declaraciones a Sport24, Tsarukyan responde a una pregunta del entrevistador asegurando que el hecho de que el hispano-georgiano pose con jets privados no es m\u00e1s que un teatro, mientras el periodista recalca que son vuelos que puede llegar a costar 200.000 d\u00f3lares entre ida y vuelta.<\/p>\n<p class=\"parrafo\">\u00abNo creo que vaya en jet privado, porque tras la pelea con Oliveira le vimos volar en United. Hubo gente que le grab\u00f3. Intenta que nos creamos que es rico y va en vuelo de l\u00ednea regular. Estaba ah\u00ed con su mujer, en un vuelo de United, yendo a alg\u00fan lado\u00bb, expresa.<\/p>\n<p class=\"parrafo\">M\u00e1s all\u00e1 de ese convencimiento respecto a un Topuria al que no ve con ese nivel de vida, el georgiano subraya que econ\u00f3micamente ser\u00eda insostenible para Topuria incluso si ingresase millones en su cuenta bancaria.<\/p>\n<p class=\"parrafo\">\u00abNo hace tanto dinero como para ir de Am\u00e9rica a Europa o Georgia en jet privado. Incluso si hiciese 2-3 millones de d\u00f3lares, un viaje de ida y vuelta en jet cuesta 400.000 o 500.000 d\u00f3lares\u00bb, recalca.<\/p>\n<p>Topuria se distancia de Tsarukyan<\/p>\n<p class=\"parrafo\">Lejos de entrar en una disputa dial\u00e9ctica, y subrayando en algunos momentos que por mucho que hable no le quiere junto a \u00e9l en el oct\u00f3gono, Topuria ha guardado silencio en muchas ocasiones ante lo que ya todos saben, y es que incluso un amigo de Tsarukyan como es Islam Makhachev da por imposible verles medir fuerzas en un combate. <\/p>\n<p class=\"parrafo\">\u00abNo es ning\u00fan secreto que Ilia ha estado evitando a Arman. Ya he visto algunos comentarios en internet donde \u00e9l dice, &#8216;preferir\u00eda retirarme a luchar con Arman'\u00bb, sentencia.<\/p>\n","protected":false},"excerpt":{"rendered":"Es casi la pel\u00edcula que se repite cada semana. Conforme fue subiendo puestos ente las grandes estrellas de&hellip;\n","protected":false},"author":2,"featured_media":127421,"comment_status":"","ping_status":"","sticky":false,"template":"","format":"standard","meta":{"footnotes":""},"categories":[276],"tags":[168,25,24,284,1523,744,23,167,343],"class_list":{"0":"post-127420","1":"post","2":"type-post","3":"status-publish","4":"format-standard","5":"has-post-thumbnail","7":"category-ufc","8":"tag-deportes","9":"tag-es","10":"tag-espana","11":"tag-estadio-deportivo","12":"tag-ilia-topuria","13":"tag-polideportivo","14":"tag-spain","15":"tag-sports","16":"tag-ufc"},"share_on_mastodon":{"url":"","error":""},"_links":{"self":[{"href":"https:\/\/www.europesays.com\/es\/wp-json\/wp\/v2\/posts\/127420","targetHints":{"allow":["GET"]}}],"collection":[{"href":"https:\/\/www.europesays.com\/es\/wp-json\/wp\/v2\/posts"}],"about":[{"href":"https:\/\/www.europesays.com\/es\/wp-json\/wp\/v2\/types\/post"}],"author":[{"embeddable":true,"href":"https:\/\/www.europesays.com\/es\/wp-json\/wp\/v2\/users\/2"}],"replies":[{"embeddable":true,"href":"https:\/\/www.europesays.com\/es\/wp-json\/wp\/v2\/comments?post=127420"}],"version-history":[{"count":0,"href":"https:\/\/www.europesays.com\/es\/wp-json\/wp\/v2\/posts\/127420\/revisions"}],"wp:featuredmedia":[{"embeddable":true,"href":"https:\/\/www.europesays.com\/es\/wp-json\/wp\/v2\/media\/127421"}],"wp:attachment":[{"href":"https:\/\/www.europesays.com\/es\/wp-json\/wp\/v2\/media?parent=127420"}],"wp:term":[{"taxonomy":"category","embeddable":true,"href":"https:\/\/www.europesays.com\/es\/wp-json\/wp\/v2\/categories?post=127420"},{"taxonomy":"post_tag","embeddable":true,"href":"https:\/\/www.europesays.com\/es\/wp-json\/wp\/v2\/tags?post=127420"}],"curies":[{"name":"wp","href":"https:\/\/api.w.org\/{rel}","templated":true}]}}