{"id":127422,"date":"2025-09-20T12:35:08","date_gmt":"2025-09-20T12:35:08","guid":{"rendered":"https:\/\/www.europesays.com\/es\/127422\/"},"modified":"2025-09-20T12:35:08","modified_gmt":"2025-09-20T12:35:08","slug":"europa-se-pone-3-1-en-la-laver-cup-tras-el-triunfo-de-alcaraz-y-mensik-en-dobles","status":"publish","type":"post","link":"https:\/\/www.europesays.com\/es\/127422\/","title":{"rendered":"Europa se pone 3-1 en la Laver Cup tras el triunfo de Alcaraz y Mensik en dobles"},"content":{"rendered":"<p class=\"voc-p\" style=\"\">El n\u00famero uno del mundo, <a href=\"https:\/\/www.abc.es\/noticias\/carlos-alcaraz\/\" title=\"www.abc.es\" data-voc-vtm-id=\"in-text-traffic\" data-mrf-link=\"www.abc.es\" rel=\"nofollow noopener\" target=\"_blank\">Carlos Alcaraz,<\/a> reci\u00e9n coronado en el US Open de Flushing Meadows, debut\u00f3 este viernes en la <a href=\"https:\/\/www.abc.es\/deportes\/tenis\/laver-cup-empieza-equipos-partidos-formato-alcaraz-20250918143056-nt.html\" title=\"www.abc.es\" data-voc-vtm-id=\"in-text-traffic\" data-mrf-link=\"www.abc.es\" rel=\"nofollow noopener\" target=\"_blank\">Laver Cup<\/a> con una victoria en dobles que dio a Europa una ventaja de 3-1 sobre el combinado del Resto del Mundo tras la jornada inaugural del torneo internacional.<\/p>\n<p class=\"voc-p\" style=\"\">Alcaraz y <strong>el checo Jakub Mensik<\/strong> superaron a los estadounidenses Taylor Fritz y Alex Michelsen por 7-6 (9\/7) y 6-4 en el \u00faltimo partido del d\u00eda.<\/p>\n<p class=\"voc-p\" style=\"\">Fue el segundo triunfo de la jornada para Mensik, que previamente hab\u00eda batido a Michelsen en individuales por 6-1, 6-7 (3\/7) y 10-8.<\/p>\n<p class=\"voc-p\" style=\"\">El checo perdi\u00f3 su saque cuando serv\u00eda para cerrar el encuentro en el noveno juego del segundo set. Tras ceder el desempate ante Michelsen, se reh\u00edzo y termin\u00f3 imponi\u00e9ndose en el supertiebreak a 10 puntos.<\/p>\n<p class=\"voc-p\" style=\"\">\u00ab<strong>Siempre es complicado para los nervios<\/strong>, pero estoy contento de haber mantenido la concentraci\u00f3n hasta el final\u00bb, declar\u00f3 Mensik, de 20 a\u00f1os.<\/p>\n<p>\nTres puntos para encarrilar &#8216;la sexta&#8217;\n<\/p>\n<p class=\"voc-p\" style=\"\">El noruego Casper Ruud abri\u00f3 el marcador para Europa con un 6-4, 7-6 (7\/4) frente al potente sacador estadounidense Reilly Opelka, en el Chase Center, sede de los Golden State Warriors de la NBA.<\/p>\n<p class=\"voc-p\" style=\"\">\u00abEstuve en la misma situaci\u00f3n el a\u00f1o pasado y perd\u00ed el partido inicial, as\u00ed que est\u00e1 bien tomar revancha y comenzar fuerte para Europa\u00bb, explic\u00f3 Ruud.<\/p>\n<p class=\"voc-p\" style=\"\">El debutante <strong>Joao Fonseca<\/strong> sum\u00f3 el \u00fanico punto del Resto del Mundo al vencer 6-4, 6-3 al europeo Flavio Cobolli.<\/p>\n<p class=\"voc-p\" style=\"\">El brasile\u00f1o de 19 a\u00f1os remont\u00f3 un 2-4 en el primer set y quebr\u00f3 en dos ocasiones en la segunda manga, animado por un nutrido grupo de compatriotas en la grada.<\/p>\n<p class=\"voc-p\" style=\"\">\u00abIntent\u00e9 mantenerme positivo durante el encuentro\u00bb, afirm\u00f3 Fonseca, campe\u00f3n de su primer t\u00edtulo ATP este a\u00f1o en Buenos Aires. \u00abEstaba algo m\u00e1s nervioso de lo normal, lo cual es l\u00f3gico\u00bb.<\/p>\n<p class=\"voc-p\" style=\"\"><strong>Europa ha conquistado cinco de las siete primeras ediciones<\/strong> del torneo, aunque el Resto del Mundo se llev\u00f3 el triunfo la \u00faltima vez que la competici\u00f3n \u2014cofundada por Roger Federer\u2014 se disput\u00f3 en Norteam\u00e9rica, en Vancouver 2023.<\/p>\n<p class=\"voc-p\" style=\"\">Desde que Alcaraz sell\u00f3 la victoria europea en Berl\u00edn el a\u00f1o pasado ha habido cambios: el franc\u00e9s Yannick Noah reemplaz\u00f3 a Bj\u00f6rn Borg como capit\u00e1n del equipo europeo, mientras que el estadounidense <strong>Andre Agassi tom\u00f3 el relevo de John McEnroe<\/strong> al frente del Resto del Mundo.<\/p>\n<p class=\"voc-p\" style=\"\">Los duelos del viernes otorgaban un punto cada uno. El programa del s\u00e1bado incluye tres individuales y un dobles, todos con valor de dos unidades.<\/p>\n<p class=\"voc-p\" style=\"\">El domingo arrancar\u00e1 con un encuentro de dobles seguido de tres individuales, cada uno otorgando tres puntos. El primer conjunto en alcanzar 13 puntos se proclama campe\u00f3n.<\/p>\n<p>Reportar un error<\/p>\n","protected":false},"excerpt":{"rendered":"El n\u00famero uno del mundo, Carlos Alcaraz, reci\u00e9n coronado en el US Open de Flushing Meadows, debut\u00f3 este&hellip;\n","protected":false},"author":2,"featured_media":127423,"comment_status":"","ping_status":"","sticky":false,"template":"","format":"standard","meta":{"footnotes":""},"categories":[274],"tags":[4736,5393,168,24750,25,24,700,25573,13049,1150,23,167,327,326,575,2886],"class_list":{"0":"post-127422","1":"post","2":"type-post","3":"status-publish","4":"format-standard","5":"has-post-thumbnail","7":"category-tenis","8":"tag-alcaraz","9":"tag-cup","10":"tag-deportes","11":"tag-dobles","12":"tag-es","13":"tag-espana","14":"tag-europa","15":"tag-laver","16":"tag-mensik","17":"tag-pone","18":"tag-spain","19":"tag-sports","20":"tag-tenis","21":"tag-tennis","22":"tag-tras","23":"tag-triunfo"},"share_on_mastodon":{"url":"","error":""},"_links":{"self":[{"href":"https:\/\/www.europesays.com\/es\/wp-json\/wp\/v2\/posts\/127422","targetHints":{"allow":["GET"]}}],"collection":[{"href":"https:\/\/www.europesays.com\/es\/wp-json\/wp\/v2\/posts"}],"about":[{"href":"https:\/\/www.europesays.com\/es\/wp-json\/wp\/v2\/types\/post"}],"author":[{"embeddable":true,"href":"https:\/\/www.europesays.com\/es\/wp-json\/wp\/v2\/users\/2"}],"replies":[{"embeddable":true,"href":"https:\/\/www.europesays.com\/es\/wp-json\/wp\/v2\/comments?post=127422"}],"version-history":[{"count":0,"href":"https:\/\/www.europesays.com\/es\/wp-json\/wp\/v2\/posts\/127422\/revisions"}],"wp:featuredmedia":[{"embeddable":true,"href":"https:\/\/www.europesays.com\/es\/wp-json\/wp\/v2\/media\/127423"}],"wp:attachment":[{"href":"https:\/\/www.europesays.com\/es\/wp-json\/wp\/v2\/media?parent=127422"}],"wp:term":[{"taxonomy":"category","embeddable":true,"href":"https:\/\/www.europesays.com\/es\/wp-json\/wp\/v2\/categories?post=127422"},{"taxonomy":"post_tag","embeddable":true,"href":"https:\/\/www.europesays.com\/es\/wp-json\/wp\/v2\/tags?post=127422"}],"curies":[{"name":"wp","href":"https:\/\/api.w.org\/{rel}","templated":true}]}}