{"id":127426,"date":"2025-09-20T12:38:10","date_gmt":"2025-09-20T12:38:10","guid":{"rendered":"https:\/\/www.europesays.com\/es\/127426\/"},"modified":"2025-09-20T12:38:10","modified_gmt":"2025-09-20T12:38:10","slug":"chus-mateo-es-el-favorito-para-ser-el-proximo-seleccionador-de-espana-de-baloncesto","status":"publish","type":"post","link":"https:\/\/www.europesays.com\/es\/127426\/","title":{"rendered":"Chus Mateo es el favorito para ser el pr\u00f3ximo seleccionador de Espa\u00f1a de baloncesto"},"content":{"rendered":"<p><strong>Chus<\/strong> <strong>Mateo<\/strong> es el favorito para ser el pr\u00f3ximo seleccionador de <strong>Espa\u00f1a<\/strong>. El ex entrenador del <a href=\"http:\/\/realmadrid.com\" rel=\"nofollow noopener\" target=\"_blank\"><strong>Real Madrid<\/strong><\/a> est\u00e1 en la pole para sustituir a <strong>Sergio Scariolo<\/strong> al frente de la selecci\u00f3n espa\u00f1ola de baloncesto en medio del secretismo de la <strong>FEB<\/strong> desde que el italiano anunci\u00f3 su adi\u00f3s anticipado el pasado 2 de julio, d\u00eda en el que dio a conocer su prelista para el fat\u00eddico <strong>Eurobasket 2025<\/strong>.<\/p>\n<p>La selecci\u00f3n cay\u00f3 mucho antes de lo previsto en el torneo, nada menos que en la fase de grupos, y eso precipit\u00f3 las cosas. <strong>Elisa Aguilar <\/strong>se tuvo que poner manos a la obra en su regreso de <strong>Limasol (Chipre)<\/strong> y cerr\u00f3 el casting del seleccionador con tres candidatos antes de embarcar a <strong>Riga (Letonia)<\/strong> para recoger el testigo en representaci\u00f3n de Espa\u00f1a como pa\u00eds organizador del Eurobasket de 2029 tras la final entre <strong>Turqu\u00eda<\/strong> y <strong>Alemania<\/strong>.<\/p>\n<p>A su vuelta, la presidenta de la FEB parece haberse decantado por Chus Mateo hasta el punto de que el anuncio de su llegada al puesto de seleccionador se podr\u00eda anunciar la pr\u00f3xima semana. El madrile\u00f1o sustituir\u00eda al t\u00e9cnico m\u00e1s importante de la historia del baloncesto espa\u00f1ol, que se march\u00f3 tras 15 a\u00f1os divididos en dos etapas al frente de<strong> La Familia<\/strong> despu\u00e9s de la eliminaci\u00f3n en el Eurobasket.<\/p>\n<p>Como adelant\u00f3 El Desmarque y ha podido confirmar este peri\u00f3dico, Chus Mateo es el mejor posicionado para coger el relevo de Scariolo en una \u00e9poca trascendental para el futuro de la selecci\u00f3n, en la que el crecimiento de sus futuras estrellas lo ser\u00e1 todo para aspirar a lo m\u00e1ximo en los pr\u00f3ximos campeonatos.<\/p>\n<p>Chus Mateo, gen ganador para el futuro nacional<\/p>\n<p>Sobre todo ese Eurobasket de 2029 con fase de grupos de Espa\u00f1a y eliminatorias en Madrid como foco prioritario para regresar a la lucha por los metales. Chus Mateo atesora experiencia en la selecci\u00f3n al haber sido ayudante de Scariolo en torneos oficiales y un aval ganador como primer entrenador con el Real Madrid imborrable.<\/p>\n<p>En s\u00f3lo tres temporadas, el madrile\u00f1o se convirti\u00f3 en el cuarto t\u00e9cnico m\u00e1s laureado de la historia del Real Madrid, s\u00f3lo por debajo de <strong>Pedro Ferr\u00e1ndiz<\/strong>, <strong>Lolo Sainz<\/strong> y <strong>Pablo Laso<\/strong>, con seis t\u00edtulos <strong>(2 Ligas, 2 Supercopas de Espa\u00f1a, 1 Euroliga y 1 Copa del Rey)<\/strong>. De hecho, Chus, al que le quedaba un a\u00f1o de contrato, fue despedido despu\u00e9s de ganar la <strong>ACB<\/strong> arrasando al <strong>Valencia Basket<\/strong> en la final (3-0) y despu\u00e9s de enlazar 29 partidos invictos en el campeonato dom\u00e9stico.<\/p>\n<p><img loading=\"lazy\" decoding=\"async\" class=\"wp-image-15444395 size-full\" alt=\"Chus Mateo\" width=\"1800\" height=\"1013\"  src=\"https:\/\/www.europesays.com\/es\/wp-content\/uploads\/2025\/09\/imagen_recortada-2025-09-20t002828.579.jpg\" \/> Chus Mateo.<\/p>\n<p>Un intercambio de cromos entre Real Madrid y FEB que refleja el respeto que siempre ha habido en la toma de decisiones por ambas partes, especialmente cuando Scariolo acept\u00f3 la oferta del club blanco y pact\u00f3 con Elisa Aguilar dirigir a Espa\u00f1a en el Eurobasket. Ahora, la presidenta valora las virtudes deportivas y humanas de Chus Mateo, d\u00e1ndole la segunda gran oportunidad de su carrera como entrenador en el baloncesto.<\/p>\n<p>Laso, autodescartado<\/p>\n<p>\u00c9sta contempl\u00f3 hasta el \u00faltimo momento a Laso como seleccionador tras su desvinculaci\u00f3n del Baskonia, pero un autodescarte del vitoriano, seg\u00fan relatan fuentes de la negociaci\u00f3n a este peri\u00f3dico, hizo que se impusiera la opci\u00f3n Chus, igual de potente desde el primer momento que la de su antecesor en el Real Madrid, mito del club blanco.<\/p>\n<p>El primer reto del madrile\u00f1o ser\u00e1 meter a Espa\u00f1a en el <strong>Mundial de Qatar 2027<\/strong>. Y no es balad\u00ed, porque se la jugar\u00e1 en seis partidos repartidos en tres ventanas <strong>FIBA<\/strong> contra <strong>Dinamarca<\/strong>, <strong>Georgia<\/strong> y <strong>Ucrania <\/strong>(noviembre-diciembre, febrero-marzo y julio). El segundo rival en cuesti\u00f3n, cabe recordar, derrot\u00f3 a la selecci\u00f3n de Scariolo en el debut del Eurobasket, complicando su clasificaci\u00f3n a octavos y consecuencia directa de la posterior eliminaci\u00f3n.<\/p>\n","protected":false},"excerpt":{"rendered":"Chus Mateo es el favorito para ser el pr\u00f3ximo seleccionador de Espa\u00f1a. El ex entrenador del Real Madrid&hellip;\n","protected":false},"author":2,"featured_media":127427,"comment_status":"","ping_status":"","sticky":false,"template":"","format":"standard","meta":{"footnotes":""},"categories":[269],"tags":[299,298,168,25,24,23,167],"class_list":{"0":"post-127426","1":"post","2":"type-post","3":"status-publish","4":"format-standard","5":"has-post-thumbnail","7":"category-baloncesto","8":"tag-baloncesto","9":"tag-basketball","10":"tag-deportes","11":"tag-es","12":"tag-espana","13":"tag-spain","14":"tag-sports"},"share_on_mastodon":{"url":"","error":""},"_links":{"self":[{"href":"https:\/\/www.europesays.com\/es\/wp-json\/wp\/v2\/posts\/127426","targetHints":{"allow":["GET"]}}],"collection":[{"href":"https:\/\/www.europesays.com\/es\/wp-json\/wp\/v2\/posts"}],"about":[{"href":"https:\/\/www.europesays.com\/es\/wp-json\/wp\/v2\/types\/post"}],"author":[{"embeddable":true,"href":"https:\/\/www.europesays.com\/es\/wp-json\/wp\/v2\/users\/2"}],"replies":[{"embeddable":true,"href":"https:\/\/www.europesays.com\/es\/wp-json\/wp\/v2\/comments?post=127426"}],"version-history":[{"count":0,"href":"https:\/\/www.europesays.com\/es\/wp-json\/wp\/v2\/posts\/127426\/revisions"}],"wp:featuredmedia":[{"embeddable":true,"href":"https:\/\/www.europesays.com\/es\/wp-json\/wp\/v2\/media\/127427"}],"wp:attachment":[{"href":"https:\/\/www.europesays.com\/es\/wp-json\/wp\/v2\/media?parent=127426"}],"wp:term":[{"taxonomy":"category","embeddable":true,"href":"https:\/\/www.europesays.com\/es\/wp-json\/wp\/v2\/categories?post=127426"},{"taxonomy":"post_tag","embeddable":true,"href":"https:\/\/www.europesays.com\/es\/wp-json\/wp\/v2\/tags?post=127426"}],"curies":[{"name":"wp","href":"https:\/\/api.w.org\/{rel}","templated":true}]}}