{"id":127428,"date":"2025-09-20T12:39:09","date_gmt":"2025-09-20T12:39:09","guid":{"rendered":"https:\/\/www.europesays.com\/es\/127428\/"},"modified":"2025-09-20T12:39:09","modified_gmt":"2025-09-20T12:39:09","slug":"asi-fue-la-clase-magistral-de-delantero-de-mulattieri","status":"publish","type":"post","link":"https:\/\/www.europesays.com\/es\/127428\/","title":{"rendered":"as\u00ed fue la clase magistral de delantero de Mulattieri"},"content":{"rendered":"<p><strong>Los delanteros viven del gol<\/strong>. Es una frase ya arraigada a la sabidur\u00eda popular futbol\u00edstica que no por recurrente deja de ser cierta. El ariete juega por y para marcar. Tiene la porter\u00eda entre ceja y ceja. Y si no transforma, puede que incluso el hecho de <strong>aportar en otras facetas<\/strong> acabe minando su confianza si el trabajo no viene acompa\u00f1ado del grito sagrado.<\/p>\n<p>\u00a0<\/p>\n<p>El propio <strong>Antonio Hidalgo<\/strong> apel\u00f3 a esta cuesti\u00f3n en la previa del encuentro entre el Deportivo y el Huesca, <a target=\"_blank\" rel=\"noopener noreferrer nofollow\" href=\"https:\/\/www.dxtcampeon.com\/articulo\/depor\/antonio-hidalgo-da-claves-previa-deportivo-huesca-5436884\">cuestionado por el debate<\/a> entre <strong>seguir apostando por Samuele Mulattieri o premiar el hat-trick de Zakaria Eddahchouri<\/strong> en Mendizorroza con la titularidad frente al cuadro oscense. El preparador despej\u00f3 el bal\u00f3n recalcando que cualquiera de sus dos puntas ser\u00eda m\u00e1s feliz marcando que jugando los 90 minutos. Fue una preparaci\u00f3n de terreno para darle continuidad al plan que funcion\u00f3 ante el Mirand\u00e9s: titularidad para el italiano, papel de revulsivo para el neerland\u00e9s. No le pudo salir mejor la apuesta a Hidalgo.<\/p>\n<p>\u00a0<\/p>\n<p>Porque <strong>Zaka se fue con un nuevo gol<\/strong> que le convierte en el virtual \u2018Pichichi\u2019 de la categor\u00eda. El ex del Telstar volvi\u00f3 a aprovechar sus minutos desde el banco para demostrar puntualidad y apuntillar el marcador. Eddahchouri se llev\u00f3 la fama, s\u00ed. <strong>Pero previamente, Samuele Mulattieri hab\u00eda cardado la lana<\/strong>.<\/p>\n<p>\u00a0<\/p>\n<p>No se puede entender <a target=\"_blank\" rel=\"noopener noreferrer nofollow\" href=\"https:\/\/www.dxtcampeon.com\/articulo\/depor\/deportivo-huesca-cronica-resultado-jornada-6-laliga-hypermotion-5438935\">la goleada del Deportivo al Huesca<\/a> sin el <strong>papel del ariete transalpino<\/strong>. El futbolista cedido por el Sassuolo -el club blanquiazul tiene sobre \u00e9l una opci\u00f3n de compra, que se convertir\u00e1 en obligatoriedad en caso de alcanzar el ascenso y que se cumplan una serie de cl\u00e1usulas relacionadas con el rendimiento individual- ofreci\u00f3 un <strong>clase magistral de lo que es ser delantero centro<\/strong>. Samuele fue el faro ofensivo del Deportivo. A pesar de irse sin gol ni asistencia, <strong>particip\u00f3 de manera decisiva en los tres tantos<\/strong> con los que su equipo se fue de renta al descanso.\u00a0<\/p>\n<p>\u00a0<\/p>\n<p><strong>Clave en el 1-0 para provocar la diana en propia meta de Carrillo<\/strong>, ejerci\u00f3 literalmente de <strong>ariete<\/strong> contra Pi\u00f1a en el <strong>2-0<\/strong> que transform\u00f3 un pillo Mella y <strong>coloc\u00f3 de cabeza en el balc\u00f3n del \u00e1rea a Luismi Cruz<\/strong> para que su zurda se inventase un pase imposible al diablo santiagu\u00e9s. <strong>\u201cEs tuyo, es tuyo\u201d<\/strong>, le reconoc\u00eda el artista de la coleta a su compa\u00f1ero italiano durante la celebraci\u00f3n del 3-0. No era para menos.<\/p>\n<p>\u00a0<\/p>\n<p>Y es que en la extraordinaria primera mitad del D\u00e9por tuvo mucho que ver la influencia de Mulattieri. El italiano fue delantero centro, s\u00ed. Pero ejerci\u00f3 ese papel con el matiz de <strong>caer mucho hacia el pasillo derecho<\/strong> ofensivo de su equipo. Con Luismi ejerciendo de mediapunta por dentro y Yeremay de segundo punta por la izquierda, Antonio Hidalgo pretend\u00eda que el italiano <strong>se emparejase lo m\u00e1ximo posible en ataque y en defensa con Sergio Arribas<\/strong>, un central zurdo de 22 a\u00f1os y con unas fabulosas condiciones f\u00edsicas. La mezcla parece propicia para rendir en la categoria. Pero curiosamente, esos ingredientes son los que le acabaron provocando un <strong>exceso de optimismo<\/strong> que el Deportivo y, en especial, Samuele, le hicieron pagar caro.<\/p>\n<p>\u00a0<\/p>\n<p>Sucedi\u00f3 as\u00ed en el <strong>primer gol<\/strong>, con apenas siete minutos cumplidos en el marcador. \u2018Mula\u2019 apenas hab\u00eda aparecido en el partido, m\u00e1s all\u00e1 de un par de <strong>fabulosas presiones<\/strong> con las que hab\u00eda incomodado al propio defensor burgal\u00e9s. El D\u00e9por empezaba a avasallar al Huesca a base de ese trabajo sin bal\u00f3n, pero apenas se hab\u00eda asomado a la porter\u00eda de Dani Jim\u00e9nez. Hasta que en un <strong>saque de banda<\/strong>, el equipo fabric\u00f3 un aclarado para el italiano.\u00a0<\/p>\n<p>\u00a0<\/p>\n<p>Mella al apoyo y Mulattieri a la ruptura, <strong>paralelo a la l\u00ednea de cal y con Arribas respir\u00e1ndole en la nuca<\/strong>. Con el bal\u00f3n a\u00fan dividido, el zaguero visitante entendi\u00f3 que era el momento oportuno para cuerpear a su par y sacarlo del campo. Craso error porque el italiano, ya en carrera, ni se inmut\u00f3 ante el placaje, que acab\u00f3 con Arribas por los suelos y el \u20187\u2019 blanquiazul <strong>controlando con la izquierda para ganarse todav\u00eda m\u00e1s tiempo y espacio<\/strong>, apurar hasta los \u00faltimos diez metros del campo y colocar un <strong>bal\u00f3n raso para la llegada de Yeremay<\/strong>. Era la oportunidad para que el canario anotase su segunda diana del curso, pero lo que lleg\u00f3 fue el tanto en propia de Carrillo, exigido a un cara o cruz para evitar el tanto. Yeremay se fue sin gol; Mulattieri, sin asistencia. Pero el Deportivo mandaba 1-0 gracias a la h\u00e1bil y poderosa jugada del punta de La Spezia.<\/p>\n<p>\u00a0<\/p>\n<p>A partir de ese primer tanto, el D\u00e9por comenz\u00f3 a mandar de manera todav\u00eda m\u00e1s clara en el partido. Y Mulattieri se hizo due\u00f1o y se\u00f1or de su zona. M\u00e1s all\u00e1 de su <strong>extraordinario trabajo sin bal\u00f3n <\/strong>para ayudar a ahogar al Huesca, el italiano ejerci\u00f3 de <strong>boya<\/strong> cada vez que su equipo debi\u00f3 mirar lejos. Receptor de los saques de banda en campo rival gracias a su habilidad para quedarse el bal\u00f3n si puede recepcionar estabilizado, permiti\u00f3 ganar metros a los suyos tambi\u00e9n en el juego directo. Los datos reflejan que <strong>solo imper\u00f3 en tres de sus ocho duelos entre terrestres y a\u00e9reos<\/strong>. Las sensaciones, dictaminan lo opuesto. Porque tuvo capacidad para entender <strong>qu\u00e9 necesitaba el equipo<\/strong> de \u00e9l en cada momento y aparecer en la zona indicada para d\u00e1rselo.\u00a0<\/p>\n<p>\u00a0<\/p>\n<p><img decoding=\"async\" src=\"https:\/\/www.europesays.com\/es\/wp-content\/uploads\/2025\/09\/7564597\" alt=\"D\u00e9por   Huesca. Fotos Quintana  (14)\"\/>Mulattieri, ganando un duelo de cabeza | Quintana<\/p>\n<p>\u00a0<\/p>\n<p>En el minuto diez <strong>domestic\u00f3 un bal\u00f3n largo<\/strong> cayendo a la derecha para ganarle el duelo al lateral Julio Alonso. En el quince, estuvo lo suficientemente cohesionado a nivel colectivo para <strong>recepcionar como m\u00e1s cercano una recuperaci\u00f3n de Ximo y conducir una contra<\/strong> que acab\u00f3 en disparo propio, repelido por la zaga a c\u00f3rner. En el 23, <strong>desahog\u00f3 al equipo con un nuevo baile<\/strong> cercano a la l\u00ednea tras un saque de banda. Esta vez con Pi\u00f1a, al que aguant\u00f3 las embestidas hasta acabar generando una una <strong>\u00f3ptima falta <\/strong>para su equipo en tres cuartos. En el 29, <strong>amans\u00f3 con el pecho <\/strong>un despeje de los suyos para iniciar una nueva transici\u00f3n ofensiva. En el 38, <strong>dej\u00f3 atr\u00e1s a Alonso por piernas<\/strong> tras caer de nuevo a la diestra como receptor al pase de Parre\u00f1o en un nuevo contragolpe. Acciones tan puntuales como decisivas en el guion para ir desnivelando, poco a poco y cada vez m\u00e1s, el partido a favor del combinado local.<\/p>\n<p>\u00a0<\/p>\n<p>Por aquel entonces, ya el colectivo blanquiazul ya mandaba por 2-0, despu\u00e9s de que Mella aprovechase la indecisi\u00f3n de Arribas tras disputar \u2018Mula\u2019 el bal\u00f3n a\u00e9reo con Pi\u00f1a y acabar ambos por los suelos. Tuvo su influencia el transalpino en el segundo gol, pero sobre todo fue protagonista en el tercero, al <strong>acudir a la zona de Pi\u00f1a a tocar un golpeo directo de su meta<\/strong>. Con Arribas a la espalda y una nueva falta de entendimiento, Samuele no solo se hizo ganador del duelo, sino que <strong>le dio sentido a su cabezazo al habilitar la llegada de Luismi Cruz<\/strong> en segunda l\u00ednea. Luego, el andaluz y Mella hicieron el resto.<\/p>\n<p>\u00a0<\/p>\n<p>Sacando a relucir sus virtudes<\/p>\n<p>Al l\u00edmite del cuarto minuto de a\u00f1adido del primer tiempo, Mulattieri volv\u00eda a ser decisivo para completar un acto inicial en el que <strong>sac\u00f3 a relucir casi todas sus virtudes<\/strong>. Su <strong>juego de espaldas<\/strong> fue sobresaliente. Bien estabilizado es un delantero extraordinariamente ganador por su fortaleza, su capacidad para manejar el cuerpo como elemento de <strong>protecci\u00f3n del esf\u00e9rico, su elasticidad y su depurada t\u00e9cnica<\/strong>. Las reminiscencias lejanas con <strong>Ibrahimovic<\/strong> no tienen que ver solo con su look y su declarada admiraci\u00f3n por el exdelantero sueco, claro. Pero <strong>tambi\u00e9n amenaz\u00f3 al espacio<\/strong> gracias a su poderosa arrancada y molest\u00f3 por alto, en un arte en el que no es el que m\u00e1s sobresale pero desde el que puede sumar.<\/p>\n<p>\u00a0<\/p>\n<p>\u00a0<\/p>\n<p>\u00a0<\/p>\n<p>El Deportivo ganaba 3-0 y Mulattieri, sin sumar en el marcador de manera directa, hab\u00eda sido <strong>alfa y omega para su equipo<\/strong>. Lo fue menos en el segundo acto, en el que le cost\u00f3 m\u00e1s ganar batallas aunque busc\u00f3 el gol en una gran acci\u00f3n m\u00e1s propia de un \u2018pivote\u2019 de balonmano recibiendo un nuevo saque de banda en el \u00e1rea y fabric\u00e1ndose a la media vuelta el espacio para un disparo que, eso s\u00ed, era demasiado optimista. No encontr\u00f3 ah\u00ed la diana y <strong>su pelea constante con Kortajarena en los c\u00f3rners<\/strong> le acab\u00f3 costando una <strong>tarjeta<\/strong> que fue la se\u00f1al definitiva para que Hidalgo le diese descanso.\u00a0<\/p>\n<p>\u00a0<\/p>\n<p>El premio en forma de gol no lleg\u00f3, pero el trabajo estaba m\u00e1s que hecho <strong>despu\u00e9s de haberse llevado a la escuela a los defensas del Huesca<\/strong> en una clase magistral de delantero centro. Quiz\u00e1 Samuele se quedase con un sabor agridulce en lo individual, pero los \u2018jugones\u2019 que tiene por detr\u00e1s agradecen el m\u00e1ster del ariete con el que el colectivo alcanz\u00f3 la matr\u00edcula de honor.<\/p>\n","protected":false},"excerpt":{"rendered":"Los delanteros viven del gol. Es una frase ya arraigada a la sabidur\u00eda popular futbol\u00edstica que no por&hellip;\n","protected":false},"author":2,"featured_media":127429,"comment_status":"","ping_status":"","sticky":false,"template":"","format":"standard","meta":{"footnotes":""},"categories":[268],"tags":[168,25,24,280,282,281,23,167],"class_list":{"0":"post-127428","1":"post","2":"type-post","3":"status-publish","4":"format-standard","5":"has-post-thumbnail","7":"category-futbol","8":"tag-deportes","9":"tag-es","10":"tag-espana","11":"tag-football","12":"tag-futbol","13":"tag-soccer","14":"tag-spain","15":"tag-sports"},"share_on_mastodon":{"url":"","error":""},"_links":{"self":[{"href":"https:\/\/www.europesays.com\/es\/wp-json\/wp\/v2\/posts\/127428","targetHints":{"allow":["GET"]}}],"collection":[{"href":"https:\/\/www.europesays.com\/es\/wp-json\/wp\/v2\/posts"}],"about":[{"href":"https:\/\/www.europesays.com\/es\/wp-json\/wp\/v2\/types\/post"}],"author":[{"embeddable":true,"href":"https:\/\/www.europesays.com\/es\/wp-json\/wp\/v2\/users\/2"}],"replies":[{"embeddable":true,"href":"https:\/\/www.europesays.com\/es\/wp-json\/wp\/v2\/comments?post=127428"}],"version-history":[{"count":0,"href":"https:\/\/www.europesays.com\/es\/wp-json\/wp\/v2\/posts\/127428\/revisions"}],"wp:featuredmedia":[{"embeddable":true,"href":"https:\/\/www.europesays.com\/es\/wp-json\/wp\/v2\/media\/127429"}],"wp:attachment":[{"href":"https:\/\/www.europesays.com\/es\/wp-json\/wp\/v2\/media?parent=127428"}],"wp:term":[{"taxonomy":"category","embeddable":true,"href":"https:\/\/www.europesays.com\/es\/wp-json\/wp\/v2\/categories?post=127428"},{"taxonomy":"post_tag","embeddable":true,"href":"https:\/\/www.europesays.com\/es\/wp-json\/wp\/v2\/tags?post=127428"}],"curies":[{"name":"wp","href":"https:\/\/api.w.org\/{rel}","templated":true}]}}