{"id":127430,"date":"2025-09-20T12:40:17","date_gmt":"2025-09-20T12:40:17","guid":{"rendered":"https:\/\/www.europesays.com\/es\/127430\/"},"modified":"2025-09-20T12:40:17","modified_gmt":"2025-09-20T12:40:17","slug":"frank-blanco-pone-a-la-venta-su-casoplon-tras-la-cancelacion-de-tardear-y-esta-es-la-cantidad-que-pide","status":"publish","type":"post","link":"https:\/\/www.europesays.com\/es\/127430\/","title":{"rendered":"Frank Blanco pone a la venta su casopl\u00f3n tras la cancelaci\u00f3n de TardeAR y \u00e9sta es la cantidad que pide"},"content":{"rendered":"<p><b>Frank Blanco<\/b> est\u00e1 listo para un cambio de escenario. Y no hablamos de un nuevo programa. Tras el final de TardeAR, el presentador barcelon\u00e9s ha puesto a la venta su imponente chalet en El Cantizal (Las Rozas, Madrid), y lo ha hecho por una cantidad considerable: casi dos millones de euros. Para ser exactos, 1.920.000 euros, que es lo que pide la inmobiliaria encargada de la venta.<\/p>\n<p>El inmueble no es para cualquiera: <b>367 metros cuadrados construidos sobre una parcela de 1.243 metros cuadrados,<\/b> seis dormitorios, cinco ba\u00f1os, piscina, terraza, garaje para tres coches\u2026 \u00a1y hasta un estudio de radio! All\u00ed, en m\u00e1s de una ocasi\u00f3n, Frank ha emitido programas en directo, sobre todo durante la pandemia. Vamos, todo lo que uno espera cuando se dice \u00abvivir bien\u00bb.<\/p>\n<p>                            <img decoding=\"async\" src=\"https:\/\/www.europesays.com\/es\/wp-content\/uploads\/2025\/09\/770x_frank-blanco-casa.jpg\" loading=\"lazy\"\/><\/p>\n<p>                            <img decoding=\"async\" src=\"https:\/\/www.europesays.com\/es\/wp-content\/uploads\/2025\/09\/770x_frank-blanco-casa1.jpg\" loading=\"lazy\"\/><\/p>\n<p>                            <img decoding=\"async\" src=\"https:\/\/www.europesays.com\/es\/wp-content\/uploads\/2025\/09\/770x_frank-blanco-casa11.jpg\" loading=\"lazy\"\/><\/p>\n<p>Tambi\u00e9n es cierto que, seg\u00fan se observa en las fotograf\u00edas, cada rinc\u00f3n de la casa respira dise\u00f1o moderno, con abundante luz natural gracias a los grandes ventanales y una distribuci\u00f3n muy atractiva y, a la vez, funcional. Pero lo m\u00e1s llamativo de este chal\u00e9 de lujo, cerca del que disfrutaba <b>Mar\u00eda Teresa Campos,<\/b> es su inmenso jard\u00edn con piscina de dise\u00f1o, que invita al descanso.<\/p>\n<p>                            <img decoding=\"async\" src=\"https:\/\/www.europesays.com\/es\/wp-content\/uploads\/2025\/09\/770x_frank-blanco-casa10.jpg\" loading=\"lazy\"\/><\/p>\n<p>                            <img decoding=\"async\" src=\"https:\/\/www.europesays.com\/es\/wp-content\/uploads\/2025\/09\/770x_frank-blanco-casa3.jpg\" loading=\"lazy\"\/><\/p>\n<p>                            <img decoding=\"async\" src=\"https:\/\/www.europesays.com\/es\/wp-content\/uploads\/2025\/09\/770x_frank-blanco-casa2.jpg\" loading=\"lazy\"\/><\/p>\n<p>En esta vivienda ha residido el presentador durante los \u00faltimos a\u00f1os junto a su esposa, la tambi\u00e9n periodista<b> Sira Fern\u00e1ndez, <\/b>a quien conoci\u00f3 cuando ambos trabajaban en la radio. Con ella tiene dos hijos: Mart\u00edn, de 13 a\u00f1os, y Mateo, de 11. Con su familia, el presentador de 50 a\u00f1os pretende empezar una nueva vida en otro inmueble situado no muy lejos de este, pero ligeramente mejor, si cabe.<\/p>\n<p>                            <img decoding=\"async\" src=\"https:\/\/www.europesays.com\/es\/wp-content\/uploads\/2025\/09\/770x_frank-blanco-casa9.jpg\" loading=\"lazy\"\/><\/p>\n<p>                            <img decoding=\"async\" src=\"https:\/\/www.europesays.com\/es\/wp-content\/uploads\/2025\/09\/770x_frank-blanco-casa5.jpg\" loading=\"lazy\"\/><\/p>\n<p>                            <img decoding=\"async\" src=\"https:\/\/www.europesays.com\/es\/wp-content\/uploads\/2025\/09\/770x_frank-blanco-casa4.jpg\" loading=\"lazy\"\/><\/p>\n<p>Frank ha querido aprovechar este momento, en el que se encuentra sin un trabajo estable, para intentar vender su casa. Hace apenas unas semanas se despidi\u00f3 de los espectadores de TardeAR, programa que presentaba junto a <a href=\"https:\/\/www.eleconomista.es\/informalia\/television\/noticias\/13388647\/05\/25\/veronica-dulanto-ahora-estamos-mas-tranquilos-porque-tardear-gana-a-la-familia-de-la-tele-a-diario.html\" rel=\"nofollow noopener\" target=\"_blank\"><b>Ver\u00f3nica Dulanto<\/b><\/a> durante dos a\u00f1os. Seg\u00fan declar\u00f3 \u00e9l mismo, no descartaba su marcha debido a las audiencias, pero lo que m\u00e1s ilusi\u00f3n le har\u00eda ahora ser\u00eda que le ofrecieran un nuevo proyecto en un futuro cercano.<\/p>\n<p>                            <img decoding=\"async\" src=\"https:\/\/www.europesays.com\/es\/wp-content\/uploads\/2025\/09\/770x_frank-blanco-casa8.jpg\" loading=\"lazy\"\/><\/p>\n<p>                            <img decoding=\"async\" src=\"https:\/\/www.europesays.com\/es\/wp-content\/uploads\/2025\/09\/770x_frank-blanco-casa7.jpg\" loading=\"lazy\"\/><\/p>\n<p>                            <img decoding=\"async\" src=\"https:\/\/www.europesays.com\/es\/wp-content\/uploads\/2025\/09\/770x_frank-blanco-casa6.jpg\" loading=\"lazy\"\/><\/p>\n<p>.<\/p>\n<p>WhatsApp<a href=\"https:\/\/api.whatsapp.com\/send?text=https:\/\/www.eleconomista.es\/informalia\/famosos\/noticias\/13554668\/09\/25\/frank-blanco-vende-su-casoplon-por-dos-millones-de-euros-tras-la-cancelacion-de-tardear.html?utm_source%3Dwhatsapp%26utm_medium%3Dshare_button&amp;id=1648118629957_whatsapp\" target=\"_blank\" data-action=\"share\/whatsapp\/share\" aria-label=\"Compartir en Whatsapp\" rel=\"nofollow noopener\"><\/a>Facebook<a id=\"fb-share\" href=\"#\" target=\"_blank\" rel=\"noopener noreferrer\" aria-label=\"Compartir en Facebook\"><\/a>Twitter<a href=\"https:\/\/twitter.com\/share?text=Frank+Blanco+pone+a+la+venta+su+casopl%C3%B3n+tras+la+cancelaci%C3%B3n+de+TardeAR+y+%C3%A9sta+es+la+cantidad+que+pide&amp;url=https:\/\/www.eleconomista.es\/informalia\/famosos\/noticias\/13554668\/09\/25\/frank-blanco-vende-su-casoplon-por-dos-millones-de-euros-tras-la-cancelacion-de-tardear.html&amp;via=Informalia&amp;id=1648118839245_twitter\" target=\"_blank\" aria-label=\"Compartir en Twitter\" rel=\"nofollow noopener\"><\/a>Linkedin<a onclick=\"return abrirLinkedin();\" href=\"https:\/\/www.linkedin.com\/shareArticle?text=Frank+Blanco+pone+a+la+venta+su+casopl%C3%B3n+tras+la+cancelaci%C3%B3n+de+TardeAR+y+%C3%A9sta+es+la+cantidad+que+pide&amp;url=https:\/\/www.eleconomista.es\/informalia\/famosos\/noticias\/13554668\/09\/25\/frank-blanco-vende-su-casoplon-por-dos-millones-de-euros-tras-la-cancelacion-de-tardear.html&amp;mini=true\" target=\"_blank\" aria-label=\"Compartir en linkedin\" rel=\"nofollow noopener\"><\/a>Beloud<a href=\"https:\/\/beloud.com\/share?text=Frank+Blanco+pone+a+la+venta+su+casopl%C3%B3n+tras+la+cancelaci%C3%B3n+de+TardeAR+y+%C3%A9sta+es+la+cantidad+que+pide&amp;url=https:\/\/www.eleconomista.es\/informalia\/famosos\/noticias\/13554668\/09\/25\/frank-blanco-vende-su-casoplon-por-dos-millones-de-euros-tras-la-cancelacion-de-tardear.html&amp;via=Informalia&amp;id=1648118839245_beloud\" target=\"_blank\" aria-label=\"Compartir en beloud\" rel=\"nofollow noopener\"><\/a>Bluesky<a href=\"https:\/\/bsky.app\/intent\/compose?text=https:\/\/bsky.app\/intent\/compose?text=https:\/\/www.eleconomista.es\/informalia\/famosos\/noticias\/13554668\/09\/25\/frank-blanco-vende-su-casoplon-por-dos-millones-de-euros-tras-la-cancelacion-de-tardear.html&amp;url=https:\/\/www.eleconomista.es\/informalia\/famosos\/noticias\/13554668\/09\/25\/frank-blanco-vende-su-casoplon-por-dos-millones-de-euros-tras-la-cancelacion-de-tardear.html&amp;via=elEconomistaes&amp;id=1648118839245_bluesky\" target=\"_blank\" aria-label=\"Compartir en bluesky\" rel=\"nofollow noopener\"><\/a><\/p>\n<p><script async src=\"https:\/\/platform.twitter.com\/widgets.js\" charset=\"utf-8\"><\/script><\/p>\n","protected":false},"excerpt":{"rendered":"Frank Blanco est\u00e1 listo para un cambio de escenario. Y no hablamos de un nuevo programa. Tras el&hellip;\n","protected":false},"author":2,"featured_media":127431,"comment_status":"","ping_status":"","sticky":false,"template":"","format":"standard","meta":{"footnotes":""},"categories":[174],"tags":[255,146,147,25,24,256,260,23],"class_list":{"0":"post-127430","1":"post","2":"type-post","3":"status-publish","4":"format-standard","5":"has-post-thumbnail","7":"category-famosos","8":"tag-celebrities","9":"tag-entertainment","10":"tag-entretenimiento","11":"tag-es","12":"tag-espana","13":"tag-famosos","14":"tag-gente","15":"tag-spain"},"share_on_mastodon":{"url":"","error":""},"_links":{"self":[{"href":"https:\/\/www.europesays.com\/es\/wp-json\/wp\/v2\/posts\/127430","targetHints":{"allow":["GET"]}}],"collection":[{"href":"https:\/\/www.europesays.com\/es\/wp-json\/wp\/v2\/posts"}],"about":[{"href":"https:\/\/www.europesays.com\/es\/wp-json\/wp\/v2\/types\/post"}],"author":[{"embeddable":true,"href":"https:\/\/www.europesays.com\/es\/wp-json\/wp\/v2\/users\/2"}],"replies":[{"embeddable":true,"href":"https:\/\/www.europesays.com\/es\/wp-json\/wp\/v2\/comments?post=127430"}],"version-history":[{"count":0,"href":"https:\/\/www.europesays.com\/es\/wp-json\/wp\/v2\/posts\/127430\/revisions"}],"wp:featuredmedia":[{"embeddable":true,"href":"https:\/\/www.europesays.com\/es\/wp-json\/wp\/v2\/media\/127431"}],"wp:attachment":[{"href":"https:\/\/www.europesays.com\/es\/wp-json\/wp\/v2\/media?parent=127430"}],"wp:term":[{"taxonomy":"category","embeddable":true,"href":"https:\/\/www.europesays.com\/es\/wp-json\/wp\/v2\/categories?post=127430"},{"taxonomy":"post_tag","embeddable":true,"href":"https:\/\/www.europesays.com\/es\/wp-json\/wp\/v2\/tags?post=127430"}],"curies":[{"name":"wp","href":"https:\/\/api.w.org\/{rel}","templated":true}]}}