{"id":127434,"date":"2025-09-20T12:43:09","date_gmt":"2025-09-20T12:43:09","guid":{"rendered":"https:\/\/www.europesays.com\/es\/127434\/"},"modified":"2025-09-20T12:43:09","modified_gmt":"2025-09-20T12:43:09","slug":"asi-es-la-vida-actual-de-los-concursantes-de-la-primera-edicion-de-fama-a-bailar","status":"publish","type":"post","link":"https:\/\/www.europesays.com\/es\/127434\/","title":{"rendered":"As\u00ed es la vida actual de los concursantes de la primera edici\u00f3n de &#8216;Fama, \u00a1a bailar!&#8217;"},"content":{"rendered":"<p class=\"c-paragraph\">Han pasado casi dos d\u00e9cadas desde que se estrenara <b>la primera edici\u00f3n Fama \u00a1a bailar!<\/b>, uno de lo talent shows m\u00e1s exitosos de la televisi\u00f3n en nuestro pa\u00eds. Durante <b>cuatro meses <\/b>los concursantes lucharon por convertirse en ganadores de la primera edici\u00f3n del m\u00edtico concurso. \u00a0<\/p>\n<p class=\"c-paragraph\">El programa fue todo un \u00e9xito y, aunque no todos los concursantes tuvieron la misma suerte tras la final, muchos de ellos <b>lograron un gran reconocimiento en el mundo de la danza.<\/b> En la primera edici\u00f3n, en la que los participantes contaron con el apoyo de V\u00edctor Ullate y del equipo de profesores del programa, <b>fue Vicky la que se termin\u00f3 convirtiendo en ganadora<\/b>. Pero, \u00bfqu\u00e9 ha sido de ella y del resto de sus compa\u00f1eros?<\/p>\n<p>1. Vicky<\/p>\n<p class=\"c-paragraph\">Su victoria en la primera edici\u00f3n de Fama \u00a1a bailar! le permiti\u00f3 trasladarse <b>a Los \u00c1ngeles o Par\u00eds para seguir form\u00e1ndose<\/b> en algunas de las mejores escuelas de danza. Vicky G\u00f3mez <b>comenz\u00f3 a impartir masterclasses por toda Espa\u00f1a<\/b> y volvi\u00f3 a Cuatro para participar en la edici\u00f3n grupal del concurso. Desde entonces, la ganadora de la primera edici\u00f3n del talent show <b>continu\u00f3 ligada a la televisi\u00f3n<\/b> como bailarina en <b>Tu cara me suena, El n\u00famero uno<\/b> o la versi\u00f3n francesa de <b>The X Factor<\/b>.\u00a0<\/p>\n<p class=\"c-paragraph\">En 2017, se convirti\u00f3 en <b>profesora de baile de Operaci\u00f3n Triunfo<\/b> en su vuelta a TVE. M\u00e1s tarde, pas\u00f3 a ser la <b>core\u00f3grafa de Bailando con las estrellas<\/b>, puesto que continu\u00f3 ejerciendo en OT 2018. Aunque ya alejada de la televisi\u00f3n, Vicky continu\u00f3 trabajando en\u00a0<b>Flashdance<\/b>, siendo este su primer trabajo como <b>core\u00f3grafa para un musical.<\/b><\/p>\n<p>2. Quique<\/p>\n<p class=\"c-paragraph\">Fue superado por la que fue su pareja de baile durante el programa, pero <b>logr\u00f3 el merecido segundo puesto<\/b> en la primera edici\u00f3n de Fama \u00a1a bailar! Quique continu\u00f3 con su formaci\u00f3n como bailar\u00edn y <b>dio clases por todo el pa\u00eds, <\/b>participando tambi\u00e9n en la edici\u00f3n grupal del concurso de Cuatro. En televisi\u00f3n continu\u00f3 como <b>core\u00f3grafo de El Hormiguero<\/b>, pero se lanz\u00f3 a otro medio, <b>la radio<\/b>. Ah\u00ed el canario ha trabajado como locutor y, adem\u00e1s, <b>ha escrito varios libros.\u00a0<\/b><\/p>\n<p>3. Lorena<\/p>\n<p class=\"c-paragraph\">Logr\u00f3 el <b>tercer puesto en la final individual<\/b> de la primera edici\u00f3n del talent show de Cuatro y se convirti\u00f3 en la <b>ganadora de la final en pareja junto a Juan Carlos<\/b>. Tras su paso por la edici\u00f3n grupal, Lorena tambi\u00e9n se hizo con <b>el primer puesto junto a su grupo, Lirical Hops<\/b>.\u00a0<\/p>\n<p class=\"c-paragraph\">Al salir de la escuela de danza, protagoniz\u00f3 los ballets <b>El patito feo y <\/b><b>La Cenicienta<\/b>, dirigidos por Carmen Roche. Aunque sus inicios estaban marcados por la formaci\u00f3n cl\u00e1sica, a lo largo de su carrera <b>ha ido descubriendo otros g\u00e9neros,<\/b> llegando a ser la core\u00f3grafa de algunos de los shows m\u00e1s importantes de Ibiza.\u00a0<\/p>\n<p>4. Hugo<\/p>\n<p class=\"c-paragraph\">Hugo fue otro de los que, tras su paso por la escuela de Fama \u00a1a bailar!, <b>particip\u00f3 en la edici\u00f3n grupal<\/b> del concurso y <b>en la tercera edici\u00f3n sirvi\u00f3 como apoyo a los concursantes<\/b>. Continu\u00f3 con su carrera como artista con la interpretaci\u00f3n, formando parte de la no muy exitosa serie de Antena 3 <b>18, la serie<\/b> junto a <b>Mery, su pareja de danza y tambi\u00e9n sentimental<\/b> dentro del concurso de Cuatro.\u00a0<\/p>\n<p class=\"c-paragraph\">Hugo fue <b>uno de los bailarines de Dreamland<\/b> y, fuera de la televisi\u00f3n, continu\u00f3 form\u00e1ndose como bailar\u00edn y <b>trabaj\u00f3 como profesor en academias como la de Lola Gonz\u00e1lez<\/b>. Adem\u00e1s, bail\u00f3 para diferentes marcas y artistas como <b>Abraham Mateo<\/b> y fue el <b>core\u00f3grafo del musical Los Futbol\u00edsimos.\u00a0<\/b><\/p>\n<p>5. Juan Carlos<\/p>\n<p class=\"c-paragraph\">Gracias a su caracter\u00edstico estilo contempor\u00e1neo, Juan Carlos se convirti\u00f3 en <b>ganador de la final por parejas de Fama \u00a1a bailar! junto Lorena<\/b>. Fue adem\u00e1s <b>protagonista de una de las historias de amor<\/b> de la edici\u00f3n junto a Jandro. En la edici\u00f3n en grupos volvi\u00f3 a convertirse en <b>ganador junto al grupo Lirical Hops.<\/b> Tras su etapa en Fama \u00a1a bailar!, Juan Carlos continu\u00f3 trabajando como bailar\u00edn y core\u00f3grafo y <b>en 2017 present\u00f3 su propio espect\u00e1culo, SOS Invisibles.<\/b>\u00a0<\/p>\n<p>6. Jacob<\/p>\n<p class=\"c-paragraph\">En su paso por Fama \u00a1a bailar! destac\u00f3 por ser <b>uno de los bailarines m\u00e1s t\u00e9cnicos<\/b> de su edici\u00f3n y por contar con una <b>potente trayectoria a sus espaldas<\/b>. Esto llam\u00f3 la atenci\u00f3n tanto de V\u00edctor Ullate hijo como de V\u00edctor Ullate padre, que <b>contaron con \u00e9l en sus escuelas de danza<\/b>. Al salir del programa, Jacob <b>form\u00f3 parte de multitud de ballets<\/b> tanto en Espa\u00f1a como en Francia.\u00a0<\/p>\n<p class=\"c-paragraph\">El canario ampli\u00f3 su carrera como profesor en diferentes escuelas, entre ellas en la tercera edici\u00f3n del concurso por el que se dio a conocer como <b>profesor de cl\u00e1sico.<\/b> En 2016 se convirti\u00f3 en\u00a0<b>Director Pedag\u00f3gico y Jefe de Estudios de Danza Cl\u00e1sica de la escuela de V\u00edctor Ullate<\/b>, llegando a ser el core\u00f3grafo de espect\u00e1culos como el Peter Pan Ballet. \u00a0<\/p>\n<p>7. Mery<\/p>\n<p class=\"c-paragraph\">Al salir del formato de Cuatro, Mery continu\u00f3 <b>ligada al mundo de la televisi\u00f3n<\/b>. La concursante del talent show particip\u00f3 en la edici\u00f3n grupal del concurso y m\u00e1s tarde se convirti\u00f3 en la <b>protagonista de 18, la serie<\/b>\u00a0junto a Hugo Rosales. Despu\u00e9s de su etapa en Madrid, durante la que sigui\u00f3 form\u00e1ndose como bailarina y trabaj\u00f3 en shows y spots publicitarios, regres\u00f3 a Tenerife.\u00a0<\/p>\n<p class=\"c-paragraph\">En su isla natal comenz\u00f3 a trabajar como <b>profesora de baile y core\u00f3grafa<\/b> y a dirigir el <b>grupo Ellas<\/b>, que ha logrado diversos premios en competiciones de baile. \u00a0La que fue concursante de la primera edici\u00f3n de Fama \u00a1a bailar! tambi\u00e9n ha participado en <b>shows para conocidas marcas como Hard Rock <\/b>y ha formado parte de la compa\u00f1\u00eda <b>Perfordance<\/b>. Adem\u00e1s de su carrera como bailarina, Mery se ha formado como <b>maquilladora profesional<\/b>, llegando a ejercer de ello.\u00a0<\/p>\n<p>8. Belinda<\/p>\n<p class=\"c-paragraph\">Tras salir de Fama \u00a1a bailar!, <b>enfoc\u00f3 su carrera en los musicales<\/b>. Pero los espect\u00e1culos de este tipo no han sido los \u00fanicos a los que Belinda ha dedicado su tiempo, pues la bailarina ha participado en <b>spots comerciales, videoclips y conciertos<\/b> de diferentes artistas. La canaria ha formado parte del elenco de conocidos musicales de nuestro pa\u00eds, entre ellos <b>Mamma M\u00eda!<\/b>, <b>Hoy no me puedo levantar<\/b>, <b>The Hole Zero<\/b> o <b>West Side Story<\/b>. Adem\u00e1s m\u00e1s, ha compaginado su carrera como bailarina con otras disciplinas como <b>el canto, la interpretaci\u00f3n y las acrobacias a\u00e9reas<\/b>.\u00a0<\/p>\n<p>9. Susana<\/p>\n<p class=\"c-paragraph\">Al igual que muchos de sus compa\u00f1eros de edici\u00f3n, Susana form\u00f3 parte tambi\u00e9n de <b>Fama, \u00a1a bailar!: Centro de danza<\/b>. A pesar de quedarse a las puertas de la final, Susana continu\u00f3 trabajando como <b>profesora y core\u00f3grafa en su escuela de baile Ritmo<\/b>, que en 2019 celebr\u00f3 su 20 aniversario.\u00a0<\/p>\n<p>10. \u00c1ngel<\/p>\n<p class=\"c-paragraph\">\u00c1ngel fue otro de los concursantes que, tras su paso por la primera edici\u00f3n, <b>particip\u00f3 en la grupal de <\/b><b>Fama \u00a1a bailar!<\/b> El sevillano continu\u00f3 trabajando como <b>bailar\u00edn en Canal Sur<\/b> despu\u00e9s de salir de la escuela del formato de Cuatro y <b>en 2016 abri\u00f3 su propio centro de danza<\/b> en su ciudad natal llamado\u00a0<b>Star Factory Sevilla.\u00a0<\/b><\/p>\n<p>11. Paula<\/p>\n<p class=\"c-paragraph\">El paso de Paula por el talent show de Cuatro fue de lo m\u00e1s movido, llegando a tener <b>hasta cuatro parejas durante su paso por el concurso<\/b>, convirti\u00e9ndose as\u00ed en <b>la participante que m\u00e1s veces tuvo que adaptarse<\/b> a un nuevo compa\u00f1ero a lo largo de los cuatro meses de edici\u00f3n. Al salir de Fama \u00a1a bailar!, la valenciana sigui\u00f3 trabajando como <b>bailarina en eventos, spots y galas de Navidad en televisi\u00f3n<\/b> y trabaj\u00f3 como parte del equipo de bailarinas de la cantante <b>Marta S\u00e1nchez<\/b> y del programa de televisi\u00f3n <b>Splash! Famosos al agua.<\/b><\/p>\n<p>12. Sandro<\/p>\n<p class=\"c-paragraph\">Fue uno de los que consiguieron llegar a <b>la final de parejas<\/b>, siendo entre ellos el concursante que menos tiempo hab\u00eda pasado en la escuela de Fama \u00a1a bailar! El que en un principio se dio a conocer como Jandro no dej\u00f3 indiferente a nadie y, al salir del concurso, continu\u00f3 con su formaci\u00f3n como bailar\u00edn hasta que <b>lleg\u00f3 a Londres<\/b>. All\u00ed ejerci\u00f3 como <b>profesor y core\u00f3grafo en una de las mejores escuelas de danza<\/b> de la ciudad. Consigui\u00f3 dar clase en otros lugares de Europa hasta llegar a dirigir <b>The AIM Dance Experience<\/b>, un programa de cursos intensivos en el que participan <b>bailarines de multitud de nacionalidades.<\/b><\/p>\n<p>13. Tatiana<\/p>\n<p class=\"c-paragraph\">Su constancia y su simpat\u00eda no fueron suficientes para llegar a la final de Fama \u00a1a bailar!, pero s\u00ed para seguir trabajando y triunfar como bailarina. Despu\u00e9s de su salida del programa de televisi\u00f3n, Tatiana ha sido <b>bailarina de diversos artistas<\/b> y ha participado en conocidos espect\u00e1culos como <b>Los 40 Music Awards 2018<\/b> o en musicales como <b>El rey le\u00f3n.<\/b><\/p>\n<p class=\"c-paragraph\">La que fue participante de la primera edici\u00f3n del talent show ha sido <b>core\u00f3grafa de programas como S\u00ed, quiero, de Canal Sur<\/b>, y ha compaginado su carrera como bailarina con trabajos como presentadora. Tatiana ha estado <b>al frente de galas y del formato online de Hipercor<\/b> junto a Carlos Maldonado, ganador de la tercera edici\u00f3n de MasterChef. Pero tambi\u00e9n ha creado <b>su propia agencia de organizaci\u00f3n de bodas<\/b> y, a nivel art\u00edstico, ha participado en <b>videoclips de artistas como David Civera.\u00a0<\/b><\/p>\n<p>14. Kiko<\/p>\n<p class=\"c-paragraph\">No logr\u00f3 llegar a la final de la primera edici\u00f3n de Fama \u00a1a bailar!, pero s\u00ed lo hizo en la edici\u00f3n grupal, logrando el <b>segundo puesto junto al resto de integrantes de Dance to be<\/b>. Tras salir de la escuela del formato de Cuatro, el malague\u00f1o continu\u00f3 form\u00e1ndose como bailar\u00edn y <b>recorri\u00f3 diversos pa\u00edses<\/b> participando en shows y fiestas en lugares como <b>Ibiza o Dubai<\/b>. Adem\u00e1s de su carrera como bailar\u00edn, Kiko desarroll\u00f3 tambi\u00e9n <b>su faceta como modelo.\u00a0<\/b><\/p>\n<p>15. Sonia<\/p>\n<p class=\"c-paragraph\">A pesar de llegar a la academia de Fama \u00a1a bailar! como bailarina de <b>gimnasia r\u00edtmica<\/b> y con una <b>lesi\u00f3n en la costilla<\/b>, la catalana logr\u00f3 aguantar y desarrollar su talento en el concurso. <b>Particip\u00f3 tambi\u00e9n en la edici\u00f3n grupal y en la gira <\/b>que posteriormente hizo junto a sus compa\u00f1eros de concurso.\u00a0<\/p>\n<p class=\"c-paragraph\">Tras su etapa en el formato de Cuatro, Sonia <b>abri\u00f3 su propia escuela en Sant Andreu de la Barca<\/b> para impartir danza y su especialidad, danza acrob\u00e1tica. Su negocio lo compagin\u00f3 tambi\u00e9n con sus <b>trabajos como bailarina y acr\u00f3bata<\/b>. En 2011 reapareci\u00f3 en televisi\u00f3n como <b>bailarina en <\/b><b>Operaci\u00f3n Triunfo<\/b> y m\u00e1s tarde, en 2018, volvi\u00f3 a dejar ver en su visita a la escuela de <b>Fama \u00a1a bailar! de Movistar Plus.\u00a0<\/b><\/p>\n<p>16. \u00c1lex<\/p>\n<p class=\"c-paragraph\">A las puertas de la final se quedaron \u00c1lex y su pareja Sonia y la suya pas\u00f3 a ser recordada como <b>una de las expulsiones m\u00e1s injustas <\/b>de la primera edici\u00f3n de Fama \u00a1a bailar! La pareja consigui\u00f3 hacerse con el cari\u00f1o del p\u00fablico y <b>\u00c1lex se convirti\u00f3 en el apoyo de los concursantes de la segunda edici\u00f3n <\/b>del formato. Tras su paso por el programa de danza, el sevillano <b>protagoniz\u00f3 el ballet Patito feo<\/b> junto a Lorena y m\u00e1s tarde continu\u00f3 con su carrera art\u00edstica acompa\u00f1ando a conocidos artistas y grupos musicales como <b>Abraham Mateo, Dasoul o CNCO<\/b>. Adem\u00e1s, \u00c1lex Guti\u00e9rrez <b>form\u00f3 parte del grupo de bailarines de Crazy<\/b>, una conocida fiesta de la capital.<\/p>\n<p>17. Patricia<\/p>\n<p class=\"c-paragraph\">Despu\u00e9s de salir de Fama \u00a1a bailar!, Patricia <b>compagin\u00f3 su trabajo como bailarina con la interpretaci\u00f3n<\/b>, apareciendo con peque\u00f1os <b>personajes epis\u00f3dicos<\/b> en conocidas series como <b>Los protegidos, A\u00edda o Gym Tony<\/b>. Pero no han sido sus \u00fanicos trabajos como actriz, pues la que fue concursante del talent show de danza tambi\u00e9n <b>ha participado en varios cortometrajes<\/b> fuera de la televisi\u00f3n. Como bailarina, <b>acompa\u00f1\u00f3 a Jorge Blais en su espect\u00e1culo Palabra de mago.<\/b><\/p>\n<p>18. Miguel<\/p>\n<p class=\"c-paragraph\">El que fue concursante de la primera edici\u00f3n de Fama \u00a1a bailar! <b>logr\u00f3 hacerse con el cari\u00f1o de todo el mundo<\/b>, convirti\u00e9ndose en uno de los participantes m\u00e1s queridos por el p\u00fablico gracias a su talento y su sensibilidad. Tras su paso por el concurso y por la edici\u00f3n de grupos del programa, el bailar\u00edn <b>comenz\u00f3 a trabajar en distintos eventos<\/b> e inici\u00f3 su carrera como <b>profesor en la escuela de baile de Lola Gonz\u00e1lez<\/b>. Adem\u00e1s, continu\u00f3 como core\u00f3grafo y dirigi\u00f3 diversos grupos de competici\u00f3n en Madrid. En agosto de 2017, <b>Miguel se dio el &#8216;s\u00ed, quiero&#8217; con su novia Sandra,<\/b> con la que tiene una hija de 11 a\u00f1os. \u00a0<\/p>\n<p>19. Marcos<\/p>\n<p class=\"c-paragraph\">Fue posiblemente uno de los m\u00e1s recordados por ser <b>al que m\u00e1s ca\u00f1a daba el profesor de Funky Rafa M\u00e9ndez<\/b>, o quiz\u00e1 por ser el m\u00e1s d\u00e9bil o el que m\u00e1s sacaba de quicio a la que era su pareja de baile, Lorena. Pero su paso por el programa le permiti\u00f3 seguir form\u00e1ndose como <b>bailar\u00edn en distintas escuelas de Espa\u00f1a, Reino Unido y Francia<\/b>. Comenz\u00f3 a impartir clases y recorri\u00f3 Espa\u00f1a haciendo bolos.\u00a0<\/p>\n<p class=\"c-paragraph\">M\u00e1s tarde comenz\u00f3 a trabajar como <b>profesor en una escuela de Aluche<\/b>, en Madrid, y <b>acompa\u00f1\u00f3 a artistas como Javi\u00e1n de Operaci\u00f3n Triunfo<\/b> en su intento para representar a Espa\u00f1a en Eurovisi\u00f3n 2017. Adem\u00e1s, Marcos D\u00edaz ha participado en distintos <b>musicales<\/b> y ha trabajado como\u00a0organizador y <b>core\u00f3grafo de distintos eventos<\/b> en la Comunidad de Madrid.<\/p>\n<p>20. Esther<\/p>\n<p class=\"c-paragraph\">Tras ser <b>expulsada del concurso en el ecuador<\/b> de su primera edici\u00f3n, Esther continu\u00f3 bailando y ejerciendo de core\u00f3grafa. <b>Reapareci\u00f3 en la edici\u00f3n de grupos<\/b> de Fama, \u00a1a bailar! y <b>fund\u00f3 su propia escuela de danza en Gand\u00eda<\/b>. La valenciana es <b>madre de tres ni\u00f1os<\/b> junto a su pareja, al que dej\u00f3 ver durante su paso por el programa de Cuatro, y con el que lleva cerca de dos d\u00e9cadas.<\/p>\n<p>21. Marisa<\/p>\n<p class=\"c-paragraph\">Marisa fue la pareja de baile de \u00c1ngel antes de ser <b>expulsada en la tercera semana.<\/b> A pesar de tener que abandonar la academia, continu\u00f3 como bailarina y core\u00f3grafa en diferentes eventos, entre ellos el <b>concierto Por Ellas de Cadena 100<\/b>, donde acompa\u00f1\u00f3 a artistas como <b>Soraya Arnelas<\/b>. Tambi\u00e9n particip\u00f3 en shows en discotecas, fiestas y orquestas. La exparticipante de Fama \u00a1a bailar! se interes\u00f3 por otra rama art\u00edstica, <b>la escritura<\/b>, con peque\u00f1os <b>textos que comenz\u00f3 a compartir en sus redes sociales<\/b>. Adem\u00e1s, ha completado lo anterior estudiando <b>canto, locuci\u00f3n y doblaje.\u00a0<\/b><\/p>\n<p>22. Jes\u00fas<\/p>\n<p class=\"c-paragraph\">A pesar de ser el quinto expulsado de Fama \u00a1a bailar!, Jes\u00fas sigui\u00f3 luchando por hacerse un hueco en la industria art\u00edstica, continu\u00f3 form\u00e1ndose como bailar\u00edn y se convirti\u00f3 en profesor. Ha trabajado con diferentes artistas e incluso en <b>fiestas como la Tanga Party<\/b>. Adem\u00e1s de la danza, Jes\u00fas <b>desarroll\u00f3 su carrera como modelo<\/b>, llegando a desfilar en Austria. Adem\u00e1s, se hizo con el <b>primer puesto en\u00a0Mr Gay Espa\u00f1a en 2014<\/b>,<b>\u00a0<\/b>\u00a0lo que le llev\u00f3 a <b>representar a nuestro pa\u00eds en el certamen mundial de Mr Gay en 2015.<\/b> Tambi\u00e9n ha participado en spots publicitarios para conocidas marcas como <b>Netflix, Nissan o Fiat.<\/b><\/p>\n<p>23. Tari<\/p>\n<p class=\"c-paragraph\">Tari fue la <b>cuarta expulsada del talent show<\/b>, pero, a pesar de su breve paso por el programa, no pas\u00f3 desapercibida gracias a <b>su caracter\u00edstica simpat\u00eda y energ\u00eda<\/b>. Continu\u00f3 ligada a la danza al volver a Palma de Mallorca como <b>bailarina, core\u00f3grafa y profesora de baile<\/b>. La mallorquina ha completado su carrera art\u00edstica como <b>cantante y actriz<\/b> y en la actualidad compagina su trabajo en diferentes musicales con su labor como <b>asesora en bienestar<\/b>.<\/p>\n<p>24. Javy<\/p>\n<p class=\"c-paragraph\">Javy se convirti\u00f3 en <b>el segundo expulsado<\/b> de la primera edici\u00f3n de Fama \u00a1a bailar! Tras su paso por el talent show de danza, el artista continu\u00f3 con su formaci\u00f3n como bailar\u00edn hasta que finalmente <b>decidi\u00f3 dar un paso m\u00e1s y lanzarse a su carrera como cantante<\/b>, aunque muy ligado a la danza y con <b>una est\u00e9tica muy marcada y moderna<\/b>. Javy ha lanzado varios singles, entre ellos una versi\u00f3n m\u00e1s actual de La vida es un carnaval. Adem\u00e1s, ha actuado en varios <b>shows en las Islas Canarias<\/b> e incluso <b>comparti\u00f3 escenario con Ana Mena<\/b>\u00a0en el Carnaval de\u00a02019 durante la <b>Gala Drag de Arrecife.\u00a0<\/b><\/p>\n<p>25. Paco<\/p>\n<p class=\"c-paragraph\">Una semana fue lo que dur\u00f3 Paco en Fama \u00a1a bailar!, convirti\u00e9ndose as\u00ed en <b>el primer expulsado de la historia del programa<\/b>. Al salir, el alicantino continu\u00f3 con su formaci\u00f3n en danza y lo compagin\u00f3 con su otra gran pasi\u00f3n,<b> el canto<\/b>. A ra\u00edz de ah\u00ed <b>comenz\u00f3 a compartir algunas de sus covers en YouTube<\/b> y a participar en algunos actos interpretando a Pablo Albor\u00e1n o Alejandro Sanz, entre otros.\u00a0<\/p>\n","protected":false},"excerpt":{"rendered":"Han pasado casi dos d\u00e9cadas desde que se estrenara la primera edici\u00f3n Fama \u00a1a bailar!, uno de lo&hellip;\n","protected":false},"author":2,"featured_media":127435,"comment_status":"","ping_status":"","sticky":false,"template":"","format":"standard","meta":{"footnotes":""},"categories":[171],"tags":[3586,8722,567,146,147,25,24,3187,1078,23,214,2606],"class_list":{"0":"post-127434","1":"post","2":"type-post","3":"status-publish","4":"format-standard","5":"has-post-thumbnail","7":"category-tv","8":"tag-actual","9":"tag-asi","10":"tag-concursantes","11":"tag-entertainment","12":"tag-entretenimiento","13":"tag-es","14":"tag-espana","15":"tag-planseo-estilos","16":"tag-primera","17":"tag-spain","18":"tag-tv","19":"tag-vida"},"share_on_mastodon":{"url":"","error":""},"_links":{"self":[{"href":"https:\/\/www.europesays.com\/es\/wp-json\/wp\/v2\/posts\/127434","targetHints":{"allow":["GET"]}}],"collection":[{"href":"https:\/\/www.europesays.com\/es\/wp-json\/wp\/v2\/posts"}],"about":[{"href":"https:\/\/www.europesays.com\/es\/wp-json\/wp\/v2\/types\/post"}],"author":[{"embeddable":true,"href":"https:\/\/www.europesays.com\/es\/wp-json\/wp\/v2\/users\/2"}],"replies":[{"embeddable":true,"href":"https:\/\/www.europesays.com\/es\/wp-json\/wp\/v2\/comments?post=127434"}],"version-history":[{"count":0,"href":"https:\/\/www.europesays.com\/es\/wp-json\/wp\/v2\/posts\/127434\/revisions"}],"wp:featuredmedia":[{"embeddable":true,"href":"https:\/\/www.europesays.com\/es\/wp-json\/wp\/v2\/media\/127435"}],"wp:attachment":[{"href":"https:\/\/www.europesays.com\/es\/wp-json\/wp\/v2\/media?parent=127434"}],"wp:term":[{"taxonomy":"category","embeddable":true,"href":"https:\/\/www.europesays.com\/es\/wp-json\/wp\/v2\/categories?post=127434"},{"taxonomy":"post_tag","embeddable":true,"href":"https:\/\/www.europesays.com\/es\/wp-json\/wp\/v2\/tags?post=127434"}],"curies":[{"name":"wp","href":"https:\/\/api.w.org\/{rel}","templated":true}]}}