{"id":127438,"date":"2025-09-20T12:45:13","date_gmt":"2025-09-20T12:45:13","guid":{"rendered":"https:\/\/www.europesays.com\/es\/127438\/"},"modified":"2025-09-20T12:45:13","modified_gmt":"2025-09-20T12:45:13","slug":"la-playa-de-la-marina-alta-donde-se-ha-rodado-la-ultima-pelicula-de-amenabar-el-cautivo","status":"publish","type":"post","link":"https:\/\/www.europesays.com\/es\/127438\/","title":{"rendered":"La playa de la Marina Alta donde se ha rodado la \u00faltima pel\u00edcula de Amen\u00e1bar, &#8216;El cautivo&#8217;"},"content":{"rendered":"<p>20 de septiembre de 2025 &#8211; 08:00<\/p>\n<p>Itsaso Aurrekoetxea Jover<\/p>\n<p>El pasado <strong>12 de septiembre<\/strong> se estren\u00f3 en cines la \u00faltima <strong>pel\u00edcula<\/strong> del director y guionista <strong>Alejandro Amen\u00e1bar<\/strong>. <strong>El cautivo<\/strong> se basa en una parte de la vida del escritor <strong>Miguel de Cervantes<\/strong>, cuando en <strong>1575<\/strong> fue capturado por corsarios y trasladado a <strong>Argel<\/strong>, de donde trat\u00f3 de fugarse para regresar a <strong>Espa\u00f1a<\/strong>.<\/p>\n<p>El director trata de ilustrar los momentos que desarrollaron al m\u00e1ximo la capacidad del autor de <strong>El ingenioso hidalgo Don Quijote de la Mancha<\/strong> de narrar sus historias, como forma de \u00abliberarse\u00bb de su cautiverio.<\/p>\n<p><strong>Julio Pe\u00f1a<\/strong> interpreta al joven <strong>Miguel de Cervantes<\/strong> en el film y lo acompa\u00f1an en el reparto m\u00e1s nombres conocidos como <strong>Alessandro Borghi<\/strong>, <strong>Fernando Tejero<\/strong>, <strong>Miguel Rell\u00e1n<\/strong>, <strong>Jos\u00e9 Manuel Poga<\/strong>, <strong>Luis Callejo<\/strong>, <strong>Roberto \u00c1lamo<\/strong>, <strong>Albert Salazar<\/strong>, <strong>C\u00e9sar Sarachu<\/strong> y <strong>Luna Berroa<\/strong>.<\/p>\n<p>Varios han sido los escenarios <strong>alicantinos<\/strong> escogidos por <strong>Amen\u00e1bar<\/strong> para ambientar el largometraje. En <strong>abril de 2024<\/strong> comenz\u00f3 el rodaje de la pel\u00edcula en el <strong>Castillo Fortaleza de Santa Pola<\/strong> y sigui\u00f3 en el <strong>Castillo de Santa B\u00e1rbara de Alicante<\/strong>, los estudios alicantinos <strong>Ciudad de la Luz<\/strong>, as\u00ed como tambi\u00e9n en el <strong>palacio de Anna (Val\u00e8ncia)<\/strong>, el <strong>Castillo de Bu\u00f1ol<\/strong>, <strong>Bocairent<\/strong> y <strong>Sevilla<\/strong>, donde finaliz\u00f3 la grabaci\u00f3n a mediados de <strong>junio<\/strong> del pasado a\u00f1o.<\/p>\n<p>Entre las localizaciones donde el equipo de rodaje se desplaz\u00f3 para la filmaci\u00f3n se encuentra un ic\u00f3nico paisaje de la <strong>Marina Alta<\/strong>. La <strong>Cova dels Arcs<\/strong> y la <strong>cala del Moraig<\/strong> de <strong>Benitatxell<\/strong> se convirtieron en plat\u00f3 de pel\u00edcula en <strong>mayo de 2024<\/strong>. Se emplearon dos d\u00edas de grabaci\u00f3n en la comarca, teniendo que cerrar al p\u00fablico el espacio costero para poder desarrollar toda la infraestructura t\u00e9cnica y humana empleada en el film.<\/p>\n<p>En el <strong>trailer<\/strong> de <strong>El cautivo<\/strong> se aprecia un breve fragmento de la localizaci\u00f3n en <strong>Benitatxell<\/strong>, que el director emplea para recrear un escenario natural del <strong>Argel<\/strong> de la \u00e9poca.<\/p>\n<p>M\u00e1s sobre \u2018El cautivo\u2019<\/p>\n<p>La \u00faltima <strong>pel\u00edcula<\/strong> de <strong>Amen\u00e1bar<\/strong> es una <strong>coproducci\u00f3n hispano-italiana<\/strong> a cargo de <strong>MOD Producciones<\/strong> e <strong>Himen\u00f3ptero<\/strong> (responsables de Los Otros, Mar Adentro, \u00c1gora o Mientras dure la guerra), <strong>Misent Producciones<\/strong> y <strong>Propaganda Italia<\/strong> y cuenta con la participaci\u00f3n de <strong>Netflix<\/strong>, <strong>RTVE<\/strong> y <strong>RAI Cinema<\/strong> y con el apoyo de <strong>ICAA-Ministerio de Cultura<\/strong>, <strong>Generalitat Valenciana<\/strong> y <strong>Eurimages<\/strong>. La producci\u00f3n ejecutiva corre a cargo de <strong>Fernando Bovaira<\/strong>, productor de las pel\u00edculas de <strong>Alejandro Amen\u00e1bar<\/strong> y de series de \u00e9xito como Los Farad, La Fortuna, Crematorio o El d\u00eda de ma\u00f1ana.<\/p>\n","protected":false},"excerpt":{"rendered":"20 de septiembre de 2025 &#8211; 08:00 Itsaso Aurrekoetxea Jover El pasado 12 de septiembre se estren\u00f3 en&hellip;\n","protected":false},"author":2,"featured_media":127439,"comment_status":"","ping_status":"","sticky":false,"template":"","format":"standard","meta":{"footnotes":""},"categories":[169],"tags":[177,146,147,25,24,176,175,23],"class_list":{"0":"post-127438","1":"post","2":"type-post","3":"status-publish","4":"format-standard","5":"has-post-thumbnail","7":"category-cine","8":"tag-cine","9":"tag-entertainment","10":"tag-entretenimiento","11":"tag-es","12":"tag-espana","13":"tag-film","14":"tag-movies","15":"tag-spain"},"share_on_mastodon":{"url":"","error":""},"_links":{"self":[{"href":"https:\/\/www.europesays.com\/es\/wp-json\/wp\/v2\/posts\/127438","targetHints":{"allow":["GET"]}}],"collection":[{"href":"https:\/\/www.europesays.com\/es\/wp-json\/wp\/v2\/posts"}],"about":[{"href":"https:\/\/www.europesays.com\/es\/wp-json\/wp\/v2\/types\/post"}],"author":[{"embeddable":true,"href":"https:\/\/www.europesays.com\/es\/wp-json\/wp\/v2\/users\/2"}],"replies":[{"embeddable":true,"href":"https:\/\/www.europesays.com\/es\/wp-json\/wp\/v2\/comments?post=127438"}],"version-history":[{"count":0,"href":"https:\/\/www.europesays.com\/es\/wp-json\/wp\/v2\/posts\/127438\/revisions"}],"wp:featuredmedia":[{"embeddable":true,"href":"https:\/\/www.europesays.com\/es\/wp-json\/wp\/v2\/media\/127439"}],"wp:attachment":[{"href":"https:\/\/www.europesays.com\/es\/wp-json\/wp\/v2\/media?parent=127438"}],"wp:term":[{"taxonomy":"category","embeddable":true,"href":"https:\/\/www.europesays.com\/es\/wp-json\/wp\/v2\/categories?post=127438"},{"taxonomy":"post_tag","embeddable":true,"href":"https:\/\/www.europesays.com\/es\/wp-json\/wp\/v2\/tags?post=127438"}],"curies":[{"name":"wp","href":"https:\/\/api.w.org\/{rel}","templated":true}]}}