{"id":127453,"date":"2025-09-20T12:56:09","date_gmt":"2025-09-20T12:56:09","guid":{"rendered":"https:\/\/www.europesays.com\/es\/127453\/"},"modified":"2025-09-20T12:56:09","modified_gmt":"2025-09-20T12:56:09","slug":"asi-seria-el-super-evento-de-la-ufc-en-la-casa-blanca-primeras-imagenes-espectaculares","status":"publish","type":"post","link":"https:\/\/www.europesays.com\/es\/127453\/","title":{"rendered":"As\u00ed ser\u00eda el super evento de la UFC en la Casa Blanca: primeras im\u00e1genes espectaculares"},"content":{"rendered":"<p data-mrf-recirculation=\"Links P\u00e1rrafos\" class=\"ue-c-article__paragraph paragraph ue-c-article--first-letter-highlighted\">En junio de 2026, la UFC har\u00e1 historia al realizar una cartelera en los jard\u00ednes de la <strong>Casa Blanca<\/strong>, con motivo del 250 aniversario de la<strong> Independencia de Estados Unidos<\/strong>. La gran relaci\u00f3n que mantienen <strong>Dana White <\/strong>-jefe de la UFC- y Donald Trump -presidente de Estados Unidos- ha permitido que se lleve a cabo uno de los eventos\u00a0<strong>m\u00e1s importante <\/strong>de la historia de los deportes de contacto. En el d\u00eda de ayer, el mandam\u00e1s de la UFC revel\u00f3 algo de vital importancia, las <strong>primeras im\u00e1genes <\/strong>de c\u00f3mo ser\u00eda este evento. Impresionantes.\u00a0<\/p>\n<p data-mrf-recirculation=\"Links P\u00e1rrafos\" class=\"ue-c-article__paragraph paragraph\">White \u00abVa a haber alrededor de <strong>5.000 personas.<\/strong> El oct\u00e1gono ya de por s\u00ed pesa casi <strong>7 toneladas.<\/strong> Mi visi\u00f3n para el escenario es tener un <strong>arco gigante<\/strong> porque lo que quiero es que la Casa Blanca se vea por detr\u00e1s. Si la c\u00e1mara cambia de lado, se ver\u00e1 tambi\u00e9n el <strong>Monumento a Washington<\/strong>\u00ab, afirm\u00f3 en &#8216;Fox News&#8217;. El escenario es incre\u00edble. El <strong>jard\u00edn sur <\/strong>de la residencia presidencial es donde se situar\u00e1 el oct\u00e1gono, y la idea del arco para resaltar de fondo la Casa Blanca crea a\u00fan m\u00e1s <strong>m\u00edstica.\u00a0 \u00a0 \u00a0<\/strong><\/p>\n<blockquote class=\"ue-c-article__blockquote\">\n<p>Va a haber alrededor de 5.000 personas. El oct\u00e1gono ya de por s\u00ed pesa casi 7 toneladas<\/p>\n<p>Dana White, sobre el UFC Casa Blanca<\/p><\/blockquote>\n<p><img decoding=\"async\" width=\"1980\" height=\"1320\" class=\"ue-c-article__image lazyload\" alt=\"Primeras im\u00e1genes del evento de la UFC en la Casa Blanca.\" loading=\"lazy\" src=\"https:\/\/www.europesays.com\/es\/wp-content\/uploads\/2025\/09\/68ce93dcea888.jpeg\"\/><\/p>\n<p>Primeras im\u00e1genes del evento de la UFC en la Casa Blanca.UFC.<\/p>\n<p data-mrf-recirculation=\"Links P\u00e1rrafos\" class=\"ue-c-article__paragraph paragraph\">Sin duda, ser\u00e1 una <strong>dif\u00edcil<\/strong> tarea para la UFC llevar todo esto acabo, ya que incluso han tenido que hacer un <strong>oct\u00e1gono especial <\/strong>para dicha cartelera. Eso s\u00ed, en caso de que la realidad se asemeje m\u00ednimamente a las fotograf\u00edas, el evento ser\u00e1 todo un <strong>\u00e9xito.<\/strong> Mientras los espectadores presentes vivir\u00e1n una cartelera <strong>\u00fanica<\/strong>, aquellos que se tengan que conformar con ver el evento desde casa disfrutar\u00e1n de una<strong> producci\u00f3n<\/strong> a la altura llena de efectos visuales, tal y como ya pas\u00f3 en<strong> &#8216;La Esfera&#8217; <\/strong>en septiembre de 2024 -UFC 306-.<\/p>\n<p><img decoding=\"async\" width=\"1980\" height=\"1320\" class=\"ue-c-article__image lazyload\" alt=\"Primeras im\u00e1genes del evento de la UFC en la Casa Blanca.\" loading=\"lazy\" src=\"https:\/\/www.europesays.com\/es\/wp-content\/uploads\/2025\/09\/68ce945657156.jpeg\"\/><\/p>\n<p>Primeras im\u00e1genes del evento de la UFC en la Casa Blanca.UFC.<\/p>\n<p>Una fiesta con todo incluido<\/p>\n<p data-mrf-recirculation=\"Links P\u00e1rrafos\" class=\"ue-c-article__paragraph paragraph\">Obviamente, una cartelera de<strong> tal magnitud <\/strong>en una fecha tan importante no solo estar\u00e1 centrada en los combates. La UFC est\u00e1 elaborando una <strong>estrategia<\/strong> para que toda la semana sea m\u00e1gica. Llevar\u00e1 a cabo diferentes actividades, y les dar\u00e1 a los peleadores <strong>afortunados<\/strong> de participar en el evento la oportunidad de vivir una experiencia<strong> irrepetible.<\/strong> Adem\u00e1s, la compa\u00f1\u00eda ha pensado incluso en aquellos fan\u00e1ticos que se quedar\u00e1n <strong>sin entrada<\/strong>, ya que 5.000 personas no deja de ser un evento <strong>demasiado exclusivo<\/strong> teniendo en cuenta las entradas que suelen vender.<\/p>\n<blockquote class=\"ue-c-article__blockquote\">\n<p>La gente podr\u00e1 llevar mantas para poder ver las peleas a trav\u00e9s de las pantallas<\/p>\n<p>Dana White, sobre el UFC Casa Blanca<\/p><\/blockquote>\n<p data-mrf-recirculation=\"Links P\u00e1rrafos\" class=\"ue-c-article__paragraph paragraph\">\u00abTambi\u00e9n vamos a tener un escenario aparte con una <strong>banda de m\u00fasica<\/strong> tocando todo el rato, y la gente podr\u00e1 llevar <strong>mantas <\/strong>para poder ver las peleas a trav\u00e9s de las pantallas. Queremos que sea un espect\u00e1culo para <strong>todo el mundo.<\/strong> Vamos a \u00abasaltar\u00bb la Casa Blanca esos d\u00edas. Vamos a realizar los pesajes dentro, el evento en los<strong> jard\u00ednes<\/strong>, vamos a hacer diferentes actividades durante la semana&#8230; Va a haber <strong>de todo\u00bb<\/strong>, finaliz\u00f3.<\/p>\n<p><img decoding=\"async\" width=\"1980\" height=\"1320\" class=\"ue-c-article__image lazyload\" alt=\"Primeras im\u00e1genes del evento de la UFC en la Casa Blanca.\" loading=\"lazy\" src=\"https:\/\/www.europesays.com\/es\/wp-content\/uploads\/2025\/09\/68ce94db87607.jpeg\"\/><\/p>\n<p>Primeras im\u00e1genes del evento de la UFC en la Casa Blanca.UFC.<\/p>\n<p data-mrf-recirculation=\"Links P\u00e1rrafos\" class=\"ue-c-article__paragraph paragraph\">Estas im\u00e1genes han confirmado que la UFC va <strong>en serio<\/strong> con este evento. Quiere algo a la altura de las circunstancias. Si a esto se le suma la intenci\u00f3n de regresar del retiro de peleadores como <strong>Conor McGregor o Jon Jones,<\/strong> el hype crece de manera exponencial. Cada pocas semanas se ir\u00e1n anunciando <strong>novedades<\/strong> al respecto, aunque por ahora los fan\u00e1ticos ya pueden tener una <strong>imagen aproximada\u00a0<\/strong>en su cabeza de c\u00f3mo se llevar\u00e1 a cabo.<\/p>\n","protected":false},"excerpt":{"rendered":"En junio de 2026, la UFC har\u00e1 historia al realizar una cartelera en los jard\u00ednes de la Casa&hellip;\n","protected":false},"author":2,"featured_media":127454,"comment_status":"","ping_status":"","sticky":false,"template":"","format":"standard","meta":{"footnotes":""},"categories":[276],"tags":[168,25,24,23,167,343],"class_list":{"0":"post-127453","1":"post","2":"type-post","3":"status-publish","4":"format-standard","5":"has-post-thumbnail","7":"category-ufc","8":"tag-deportes","9":"tag-es","10":"tag-espana","11":"tag-spain","12":"tag-sports","13":"tag-ufc"},"share_on_mastodon":{"url":"","error":""},"_links":{"self":[{"href":"https:\/\/www.europesays.com\/es\/wp-json\/wp\/v2\/posts\/127453","targetHints":{"allow":["GET"]}}],"collection":[{"href":"https:\/\/www.europesays.com\/es\/wp-json\/wp\/v2\/posts"}],"about":[{"href":"https:\/\/www.europesays.com\/es\/wp-json\/wp\/v2\/types\/post"}],"author":[{"embeddable":true,"href":"https:\/\/www.europesays.com\/es\/wp-json\/wp\/v2\/users\/2"}],"replies":[{"embeddable":true,"href":"https:\/\/www.europesays.com\/es\/wp-json\/wp\/v2\/comments?post=127453"}],"version-history":[{"count":0,"href":"https:\/\/www.europesays.com\/es\/wp-json\/wp\/v2\/posts\/127453\/revisions"}],"wp:featuredmedia":[{"embeddable":true,"href":"https:\/\/www.europesays.com\/es\/wp-json\/wp\/v2\/media\/127454"}],"wp:attachment":[{"href":"https:\/\/www.europesays.com\/es\/wp-json\/wp\/v2\/media?parent=127453"}],"wp:term":[{"taxonomy":"category","embeddable":true,"href":"https:\/\/www.europesays.com\/es\/wp-json\/wp\/v2\/categories?post=127453"},{"taxonomy":"post_tag","embeddable":true,"href":"https:\/\/www.europesays.com\/es\/wp-json\/wp\/v2\/tags?post=127453"}],"curies":[{"name":"wp","href":"https:\/\/api.w.org\/{rel}","templated":true}]}}