{"id":127455,"date":"2025-09-20T12:58:10","date_gmt":"2025-09-20T12:58:10","guid":{"rendered":"https:\/\/www.europesays.com\/es\/127455\/"},"modified":"2025-09-20T12:58:10","modified_gmt":"2025-09-20T12:58:10","slug":"deporte-cultura-y-famosos-en-un-torneo-de-tenis-en-ibiza","status":"publish","type":"post","link":"https:\/\/www.europesays.com\/es\/127455\/","title":{"rendered":"Deporte, cultura y famosos en un torneo de tenis en Ibiza"},"content":{"rendered":"<p class=\"ft-text\">El Bubble Tennis Club de Sant Antoni acogi\u00f3 ayer por primera vez el <strong>Minishop Open Tennis<\/strong>, un torneo \u00fanico que combina tenis, m\u00fasica y cultura, y que aterriz\u00f3 en la isla tras dos exitosas ediciones en Madrid.<\/p>\n<p class=\"ft-text\">La cita reuni\u00f3 a <strong>24 equipos formados por personalidades del deporte, la m\u00fasica, la moda y la creaci\u00f3n cultural<\/strong>, con nombres destacados como los tenistas Feliciano L\u00f3pez, Pablo And\u00fajar, Nico Almagro y Pato Clavet, el actor Ricardo G\u00f3mez, el modelo Juan Betancourt, el presentador Arturo Valls o la cantante R\u00f3is\u00edn Murphy, adem\u00e1s de figuras vinculadas al motor como Gelete Nieto y Mathias Lauda y caras conocidas de Ibiza, como los hoteleros Diego Calvo y Marc Rahola.<\/p>\n<p><img decoding=\"async\" src=\"https:\/\/www.europesays.com\/es\/wp-content\/uploads\/2025\/09\/ffb6177f-2e04-4a49-ba2e-af7cfa2b90e7_alta-libre-aspect-ratio_default_0.jpg\" width=\"1200\" height=\"1800\" alt=\"Ricardo G\u00f3mez, en pleno partido\" class=\"ft-helper-img-rd\" loading=\"lazy\" hasdataaida=\"true\"\/><\/p>\n<p class=\"ft-helper-fontColor-quaternary ft-helper-fontSize-body-S ft-helper-spacer-t-xxs\">Ricardo G\u00f3mez, en pleno partido  \/ MOTI<\/p>\n<p class=\"ft-text\">El evento cont\u00f3 con el apoyo de <strong>Concept Hotel Group<\/strong> como socio estrat\u00e9gico y con la participaci\u00f3n de marcas, colectivos y espacios emblem\u00e1ticos de Ibiza como Las Dalias, Casa Jondal, El Silencio, Los Enamorados o Mar\u00ed Mayans. Durante la jornada tambi\u00e9n se celebraron actuaciones musicales y actividades paralelas, en una experiencia que trasciende el deporte.<\/p>\n<p class=\"ft-text\">La organizaci\u00f3n, respaldada por <strong>adidas Originals, Estrella Damm, VICIO, La Marzocco, Wilson, Maison Perrier<\/strong> y el Ayuntamiento de Sant Antoni, convirti\u00f3 esta primera edici\u00f3n ibicenca en una celebraci\u00f3n de la creatividad y el lifestyle mediterr\u00e1neo, que aspira a consolidarse como cita imprescindible de final de verano en la isla.<\/p>\n","protected":false},"excerpt":{"rendered":"El Bubble Tennis Club de Sant Antoni acogi\u00f3 ayer por primera vez el Minishop Open Tennis, un torneo&hellip;\n","protected":false},"author":2,"featured_media":127456,"comment_status":"","ping_status":"","sticky":false,"template":"","format":"standard","meta":{"footnotes":""},"categories":[274],"tags":[209,634,168,25,24,256,3643,185,23,167,327,326,775],"class_list":{"0":"post-127455","1":"post","2":"type-post","3":"status-publish","4":"format-standard","5":"has-post-thumbnail","7":"category-tenis","8":"tag-cultura","9":"tag-deporte","10":"tag-deportes","11":"tag-es","12":"tag-espana","13":"tag-famosos","14":"tag-isla","15":"tag-musica","16":"tag-spain","17":"tag-sports","18":"tag-tenis","19":"tag-tennis","20":"tag-torneo"},"share_on_mastodon":{"url":"","error":""},"_links":{"self":[{"href":"https:\/\/www.europesays.com\/es\/wp-json\/wp\/v2\/posts\/127455","targetHints":{"allow":["GET"]}}],"collection":[{"href":"https:\/\/www.europesays.com\/es\/wp-json\/wp\/v2\/posts"}],"about":[{"href":"https:\/\/www.europesays.com\/es\/wp-json\/wp\/v2\/types\/post"}],"author":[{"embeddable":true,"href":"https:\/\/www.europesays.com\/es\/wp-json\/wp\/v2\/users\/2"}],"replies":[{"embeddable":true,"href":"https:\/\/www.europesays.com\/es\/wp-json\/wp\/v2\/comments?post=127455"}],"version-history":[{"count":0,"href":"https:\/\/www.europesays.com\/es\/wp-json\/wp\/v2\/posts\/127455\/revisions"}],"wp:featuredmedia":[{"embeddable":true,"href":"https:\/\/www.europesays.com\/es\/wp-json\/wp\/v2\/media\/127456"}],"wp:attachment":[{"href":"https:\/\/www.europesays.com\/es\/wp-json\/wp\/v2\/media?parent=127455"}],"wp:term":[{"taxonomy":"category","embeddable":true,"href":"https:\/\/www.europesays.com\/es\/wp-json\/wp\/v2\/categories?post=127455"},{"taxonomy":"post_tag","embeddable":true,"href":"https:\/\/www.europesays.com\/es\/wp-json\/wp\/v2\/tags?post=127455"}],"curies":[{"name":"wp","href":"https:\/\/api.w.org\/{rel}","templated":true}]}}