{"id":127457,"date":"2025-09-20T12:59:09","date_gmt":"2025-09-20T12:59:09","guid":{"rendered":"https:\/\/www.europesays.com\/es\/127457\/"},"modified":"2025-09-20T12:59:09","modified_gmt":"2025-09-20T12:59:09","slug":"triunfo-importante-para-el-burgos-en-el-tour-de-huangshan","status":"publish","type":"post","link":"https:\/\/www.europesays.com\/es\/127457\/","title":{"rendered":"triunfo importante para el Burgos en el Tour de Huangshan"},"content":{"rendered":"<p data-mrf-recirculation=\"Links P\u00e1rrafos\" class=\"ue-c-article__paragraph paragraph ue-c-article--first-letter-highlighted\">El ciclista espa\u00f1ol <strong>Daniel Cavia <\/strong>ha levantado los brazos este s\u00e1bado en el Tour of Huangshan,<strong> firmando una <\/strong>victoria de prestigio tras imponerse con autoridad en la fuga del d\u00eda. El burgal\u00e9s, que ven\u00eda de tener que abandonar LaVuelta 2025 por enfermedad, se mostr\u00f3 como el m\u00e1s fuerte y r\u00e1pido del grupo de escapados, rematando con potencia en la l\u00ednea de meta.<\/p>\n<p data-mrf-recirculation=\"Links P\u00e1rrafos\" class=\"ue-c-article__paragraph paragraph\">Cavia, conocido en el pelot\u00f3n como Nano, confirm\u00f3 as\u00ed su excelente estado de forma y cerr\u00f3 una jornada inolvidable en tierras chinas. <strong>Su triunfo supone un merecido premio al esfuerzo y regularidad que viene mostrando en esta temporada.<\/strong><\/p>\n<p><img decoding=\"async\" width=\"1980\" height=\"1320\" class=\"ue-c-article__image lazyload\" alt=\"Victoria del Burgos.\" loading=\"lazy\" src=\"https:\/\/www.europesays.com\/es\/wp-content\/uploads\/2025\/09\/68ce497aa01e2.jpeg\"\/><\/p>\n<p>Victoria del Burgos.<\/p>\n<p data-mrf-recirculation=\"Links P\u00e1rrafos\" class=\"ue-c-article__paragraph paragraph\">Las redes sociales no tardaron en llenarse de mensajes de felicitaci\u00f3n, destacando el reconocimiento a un corredor que sigue creciendo y demostrando que tiene hueco entre los protagonistas del ciclismo internacional.<\/p>\n<p>Feliz por su \u00e9xito<\/p>\n<p data-mrf-recirculation=\"Links P\u00e1rrafos\" class=\"ue-c-article__paragraph paragraph\">\u00abEsta victoria sabe muy bien. Hab\u00eda pasado un par semanas muy malas tras La Vuelta, sobre todo mentalmente muy duras. Al final tuve que abandonar el objetivo del a\u00f1o, para el que ten\u00eda una ilusi\u00f3n incre\u00edble y donde todo se fue al garete. Pero cuando me enter\u00e9 de que iba a correr el Tour de Huangshan tuve much\u00edsima motivaci\u00f3n por quitarme la espinita de no haber podido acabar LaVuelta y creo que se ha visto hoy. He salido con much\u00edsima ambici\u00f3n a la etapa y ten\u00eda unas piernas muy buenas gracias a la preparaci\u00f3n de LaVuelta. <strong>Quer\u00eda coger la fuga fuese como fuese, estuve en todas las que hubo y luego quedaba resolverla bien. Sab\u00eda que ten\u00eda mi punta de velocidad, que llegaba muy bien al final y en el sprint he podido batir al resto de ciclistas de la fuga<\/strong>\u201d, dijo el ciclista tras su \u00e9xito.<\/p>\n","protected":false},"excerpt":{"rendered":"El ciclista espa\u00f1ol Daniel Cavia ha levantado los brazos este s\u00e1bado en el Tour of Huangshan, firmando una&hellip;\n","protected":false},"author":2,"featured_media":127458,"comment_status":"","ping_status":"","sticky":false,"template":"","format":"standard","meta":{"footnotes":""},"categories":[273],"tags":[313,312,168,25,24,23,167],"class_list":{"0":"post-127457","1":"post","2":"type-post","3":"status-publish","4":"format-standard","5":"has-post-thumbnail","7":"category-ciclismo","8":"tag-ciclismo","9":"tag-cycling","10":"tag-deportes","11":"tag-es","12":"tag-espana","13":"tag-spain","14":"tag-sports"},"share_on_mastodon":{"url":"","error":""},"_links":{"self":[{"href":"https:\/\/www.europesays.com\/es\/wp-json\/wp\/v2\/posts\/127457","targetHints":{"allow":["GET"]}}],"collection":[{"href":"https:\/\/www.europesays.com\/es\/wp-json\/wp\/v2\/posts"}],"about":[{"href":"https:\/\/www.europesays.com\/es\/wp-json\/wp\/v2\/types\/post"}],"author":[{"embeddable":true,"href":"https:\/\/www.europesays.com\/es\/wp-json\/wp\/v2\/users\/2"}],"replies":[{"embeddable":true,"href":"https:\/\/www.europesays.com\/es\/wp-json\/wp\/v2\/comments?post=127457"}],"version-history":[{"count":0,"href":"https:\/\/www.europesays.com\/es\/wp-json\/wp\/v2\/posts\/127457\/revisions"}],"wp:featuredmedia":[{"embeddable":true,"href":"https:\/\/www.europesays.com\/es\/wp-json\/wp\/v2\/media\/127458"}],"wp:attachment":[{"href":"https:\/\/www.europesays.com\/es\/wp-json\/wp\/v2\/media?parent=127457"}],"wp:term":[{"taxonomy":"category","embeddable":true,"href":"https:\/\/www.europesays.com\/es\/wp-json\/wp\/v2\/categories?post=127457"},{"taxonomy":"post_tag","embeddable":true,"href":"https:\/\/www.europesays.com\/es\/wp-json\/wp\/v2\/tags?post=127457"}],"curies":[{"name":"wp","href":"https:\/\/api.w.org\/{rel}","templated":true}]}}