{"id":127465,"date":"2025-09-20T13:03:07","date_gmt":"2025-09-20T13:03:07","guid":{"rendered":"https:\/\/www.europesays.com\/es\/127465\/"},"modified":"2025-09-20T13:03:07","modified_gmt":"2025-09-20T13:03:07","slug":"eduard-fernandez-premio-nacional-de-cine-no-podemos-dejar-de-denunciar-el-genocidio-porque-no-se-van-a-cansar-de-matar-cine-y-tv","status":"publish","type":"post","link":"https:\/\/www.europesays.com\/es\/127465\/","title":{"rendered":"Eduard Fern\u00e1ndez, Premio Nacional de Cine: \u00abNo podemos dejar de denunciar el genocidio porque no se van a cansar de matar\u00bb | Cine y TV"},"content":{"rendered":"<p class=\"loc\">San Sebasti\u00e1n<\/p>\n<p>Despu\u00e9s de \u00e9pocas de altibajos,<b> Eduard Fern\u00e1ndez<\/b> (Barcelona, 1964) vive un momento esplendoroso en lo personal y en lo profesional. Gan\u00f3 el Goya el a\u00f1o pasado por su transformaci\u00f3n en Enric Marco, un hombre que fingi\u00f3 haber sobrevivido a los campos de exterminio. Sin duda, ese trabajo y los que lleva acumulados en su carrera han servido para que el ministerio de Cultura le otorgue este a\u00f1o el <b>Premio Nacional de Cinematograf\u00eda.<\/b> \u00abEmpiezo pidiendo perd\u00f3n si me olvido de nombres o alguna cosa parec\u00eda, estoy muy emocionado\u00bb, dec\u00eda al actor al recoger el galard\u00f3n en el marco del Festival de San Sebasti\u00e1n. <\/p>\n<p>El actor ha estado rodeado de pareja, familia, representantes, para quienes ha tenido palabras de cari\u00f1o, y amigos, o los directores Jon Gara\u00f1o, uno de los directores de Marco, y Mar Coll que lo dirigi\u00f3 en Tres d\u00edas con la familia. Todos han destacado el talento y la humanidad del actor para interpretar a personajes diversos, llenos de claroscuros y que son parte de la historia del cine. En presencia del ministerio de Cultura, que destacaba la unanimidad en torno a su calidad actoral, Eduard Fern\u00e1ndez ha pronunciado un discurso emotivo y reivindicativo, siguiendo la l\u00ednea que ha mantenido a lo largo de su carrera. <\/p>\n<p>\u00abCuando me dieron el premio, la primera imagen que me vino a la cabeza fue en mi juventud\u00bb, recordaba el actor. \u00abYo sent\u00eda que algo me faltaba, me sent\u00eda m\u00e1s seguro con las chicas que con los chicos, las conversaciones eran m\u00e1s \u00edntimas, lo encontraba el lugar m\u00e1s seguro. Ese chaval buscaba un lugar en el mundo, un refugio, un lugar donde poderse expresar y complementar esa falta que yo sent\u00eda. Ese refugio lo busqu\u00e9 en un escenario, el lugar m\u00e1s expuesto. Por eso, me parece un lugar sagrado, porque tiene sus leyes, empieza y termina, tiene r\u00e9plica y uno se puede arriesgar a lo m\u00e1s profundo, al v\u00e9rtigo m\u00e1s tremendo\u00bb. <\/p>\n<p>Forjado en el teatro catal\u00e1n, con la compa\u00f1\u00eda Els joglars, en el Lluire, donde ha trabajado a las \u00f3rdenes de Calixto Bieito y Llu\u00eds Pasqual, debut\u00f3 en la pantalla interpretando a dos hermanos gemelos en Zapping. Pero fue Los lobos de Washington, pel\u00edcula que estren\u00f3 en 1999, como empezamos a conocer al gran Eduard Fern\u00e1ndez. <\/p>\n<p>Desde entonces ha ido adaptando grandes producciones, como Alatriste, con cine independiente, ah\u00ed est\u00e1 su papel en El m\u00e9todo Gr\u00f6nholm. Tiene cuatro premios Goya recibidos por sus interpretaciones en las pel\u00edculas Fausto 5.0 en 2001, En la ciudad en 2003, Mientras dure la guerra en 2019 y Marco en 2025, convirti\u00e9ndose as\u00ed, en el segundo int\u00e9rprete m\u00e1s galardonado de estos premios, por detr\u00e1s de su amigo Javier Bardem. Tambi\u00e9n ha recibido la Concha de Plata al Mejor Actor aqu\u00ed de San Sebasti\u00e1n y la Medalla de Oro al M\u00e9rito en las Bellas Artes. \u00abUn personaje es alguien que mira desde un lugar. A base de hacer distintos personajes, de Mill\u00e1n Astray a Carrillo, pasando por Paesa, he ido, poco a poco, entendiendo a las personas, al mundo y, finalmente, a mi mismo, y el viaje se ha cerrado\u00bb. <\/p>\n<p>Personajes complejos, hist\u00f3ricos, malvados o buenos, pero siempre con un una mirada que ha evitado estereotipos o juicios. \u00abSoy incapaz de juzgar a un personaje, si lo juzgo no lo puedo interpretar. Buscar al personaje te hace empatizar con \u00e9l aunque tengas una ideolog\u00eda distinta\u00bb, explicaba el actor en su discurso. El prop\u00f3sito de una actuaci\u00f3n ha sido, es y ser\u00e1, ofrecer a la naturaleza un espejo en el que vea su propia forma, citaba a Shakespeare para defender el papel de la cultura. <\/p>\n<p>El suyo es un trabajo honesto, sobresaliente y comprometido. Destacaba el ministro que siempre se ha mojado al hablar de aquellos temas y problem\u00e1ticas sociales que le importan. \u00abLa gente de la cultura somos un espejo del mundo en que vivimos. Y yo quiero reivindicar la barbaridad que est\u00e1 ocurriendo en Gaza. Discutir por la palabra genocidio es importante. Pongas la palabra que ponga, lo que vemos es que se quiere matar de la manera m\u00e1s bestia. Quien no se conmocione dentro de su ser ante las barbaridades que vemos en televisi\u00f3n, tiene un problema de humanidad. Cuesta encontrar palabras para nombrar lo que pasa en Gaza. Dice Shakespeare que quiere ser un espejo en el mundo, y Gaza es un espejo. No se puede poner de espaldas. Lo que ocurre en Gaza son gritos en el cielo y en la tierra son actos\u00bb, parafraseando el poema de Celaya. <\/p>\n<p>Eduard Fern\u00e1ndez se ha quedado en silencio para ponerse un pa\u00f1uelo palestino y mencionar algunos de nombres de esos ni\u00f1os a los que el ej\u00e9rcito de Israel ha matado en la Franja de Gaza. \u00abAlgunos dir\u00e1n &#8216;qu\u00e9 pesados sois con el tema&#8217;. Pero es que no podemos dejar de decirlo, porque ellos no se van a cansar de matar. No podemos dejar de decirlo constantemente, y, por lo menos, conservar nuestra dignidad como personas\u00bb. <\/p>\n<p>Recientemente le ve\u00edamos apoyar la salida desde Barcelona, su ciudad, de la Flotilla de Gaza. \u00abEn la vida est\u00e1 todo junto lo m\u00e1s bonito y lo m\u00e1s violento. Hoy me hab\u00e9is dado un premio y estoy emocionado, pero lo de Gaza es una barbaridad\u00bb, terminaba entre aplausos su discurso con el que el actor se suma a la lista de grandes profesionales que han recogido este galard\u00f3n que cada a\u00f1o otorga el ministerio de Cultura. Despu\u00e9s, en un corrillo con periodistas, ya m\u00e1s relajado, el actor dec\u00eda que simplemente hab\u00eda hecho caso a William Shakespeare. \u00b7A quien le parezca mal que debata, pero con argumentos. William dec\u00eda eso. \u00a1Qu\u00e9 menos! Es que no hay palabras cuando ves a un ni\u00f1o que est\u00e1 muri\u00e9ndose de hambre, con la comida a unos cuantos kil\u00f3metros y no la dejan entrar. \u00bfQui\u00e9n tiene la poca verg\u00fcenza de decir que soy pesado dici\u00e9ndolo? Eso es una barbaridad. Es una verg\u00fcenza\u00bb, insist\u00eda. <\/p>\n","protected":false},"excerpt":{"rendered":"San Sebasti\u00e1n Despu\u00e9s de \u00e9pocas de altibajos, Eduard Fern\u00e1ndez (Barcelona, 1964) vive un momento esplendoroso en lo personal&hellip;\n","protected":false},"author":2,"featured_media":127466,"comment_status":"","ping_status":"","sticky":false,"template":"","format":"standard","meta":{"footnotes":""},"categories":[174],"tags":[255,146,147,25,24,256,23],"class_list":{"0":"post-127465","1":"post","2":"type-post","3":"status-publish","4":"format-standard","5":"has-post-thumbnail","7":"category-famosos","8":"tag-celebrities","9":"tag-entertainment","10":"tag-entretenimiento","11":"tag-es","12":"tag-espana","13":"tag-famosos","14":"tag-spain"},"share_on_mastodon":{"url":"","error":""},"_links":{"self":[{"href":"https:\/\/www.europesays.com\/es\/wp-json\/wp\/v2\/posts\/127465","targetHints":{"allow":["GET"]}}],"collection":[{"href":"https:\/\/www.europesays.com\/es\/wp-json\/wp\/v2\/posts"}],"about":[{"href":"https:\/\/www.europesays.com\/es\/wp-json\/wp\/v2\/types\/post"}],"author":[{"embeddable":true,"href":"https:\/\/www.europesays.com\/es\/wp-json\/wp\/v2\/users\/2"}],"replies":[{"embeddable":true,"href":"https:\/\/www.europesays.com\/es\/wp-json\/wp\/v2\/comments?post=127465"}],"version-history":[{"count":0,"href":"https:\/\/www.europesays.com\/es\/wp-json\/wp\/v2\/posts\/127465\/revisions"}],"wp:featuredmedia":[{"embeddable":true,"href":"https:\/\/www.europesays.com\/es\/wp-json\/wp\/v2\/media\/127466"}],"wp:attachment":[{"href":"https:\/\/www.europesays.com\/es\/wp-json\/wp\/v2\/media?parent=127465"}],"wp:term":[{"taxonomy":"category","embeddable":true,"href":"https:\/\/www.europesays.com\/es\/wp-json\/wp\/v2\/categories?post=127465"},{"taxonomy":"post_tag","embeddable":true,"href":"https:\/\/www.europesays.com\/es\/wp-json\/wp\/v2\/tags?post=127465"}],"curies":[{"name":"wp","href":"https:\/\/api.w.org\/{rel}","templated":true}]}}